{"id":9883,"date":"2018-12-13T15:25:17","date_gmt":"2018-12-13T21:25:17","guid":{"rendered":"https:\/\/pueblaexpres.com\/portal\/?p=9883"},"modified":"2019-01-02T15:32:51","modified_gmt":"2019-01-02T21:32:51","slug":"espectaculos-02-marzo-2100-horas-mon-laferte-en-puebla-tour-la-gira-de-norma-auditorio-metropolitano-en-puebla","status":"publish","type":"post","link":"https:\/\/pueblaexpres.com\/portal\/?p=9883","title":{"rendered":"[Espect\u00e1culos] 02 Marzo 21:00 Horas | Mon Laferte en Puebla Tour \u201cLa Gira de Norma\u201d | Auditorio Metropolitano en Puebla"},"content":{"rendered":"<div name=\"googleone_share_1\" style=\"position:relative;z-index:5;float: right; margin-left: 10px;\"><g:plusone size=\"tall\" count=\"1\" href=\"https:\/\/pueblaexpres.com\/portal\/?p=9883\"><\/g:plusone><\/div><p><a href=\"https:\/\/pueblaexpres.com\/portal\/wp-content\/uploads\/2019\/01\/WhatsApp-Image-2019-01-02-at-3.18.19-PM.jpeg\"><img loading=\"lazy\" decoding=\"async\" class=\"wp-image-9884 aligncenter\" src=\"https:\/\/pueblaexpres.com\/portal\/wp-content\/uploads\/2019\/01\/WhatsApp-Image-2019-01-02-at-3.18.19-PM-722x1024.jpeg\" alt=\"\" width=\"353\" height=\"501\" srcset=\"https:\/\/pueblaexpres.com\/portal\/wp-content\/uploads\/2019\/01\/WhatsApp-Image-2019-01-02-at-3.18.19-PM-722x1024.jpeg 722w, https:\/\/pueblaexpres.com\/portal\/wp-content\/uploads\/2019\/01\/WhatsApp-Image-2019-01-02-at-3.18.19-PM-212x300.jpeg 212w, https:\/\/pueblaexpres.com\/portal\/wp-content\/uploads\/2019\/01\/WhatsApp-Image-2019-01-02-at-3.18.19-PM-768x1089.jpeg 768w, https:\/\/pueblaexpres.com\/portal\/wp-content\/uploads\/2019\/01\/WhatsApp-Image-2019-01-02-at-3.18.19-PM.jpeg 900w\" sizes=\"(max-width: 353px) 100vw, 353px\" \/><\/a><\/p>\n<p><strong>Redacci\u00f3n | Fotograf\u00eda Cortes\u00eda #PueblaExpres @PueblaExpres<\/strong><\/p>\n<p>Norma Monserrat Bustamante Laferte tambi\u00e9n conocida como Mon Laferte, es una cantante y compositora chilena. Mon toca varios instrumentos y sus g\u00e9neros musicales son variados: rock, blues, pop, m\u00fasica electr\u00f3nica, etc.<\/p>\n<p>Comenz\u00f3 en la m\u00fasica a temprana edad; entr\u00f3 a estudiar m\u00fasica en el conservatorio de Vi\u00f1a del Mar cuando ten\u00eda 13 a\u00f1os, por un a\u00f1o y medio, pero escogi\u00f3 el camino autodidacta y comenz\u00f3 a tocar en bares en Valpara\u00edso.<\/p>\n<p><a title=\"IMG_0001 [Espect\u00e1culos] 02 Marzo 21:00 Horas | Mon Laferte en Puebla Tour \u201cLa Gira de Norma\u201d | Auditorio Metropolitano en Puebla | Fotograf\u00edas Cortes\u00eda Redes Sociales | #PueblaExpres para Mv Fotograf\u00eda Profesional \/ Edici\u00f3n y retoque www.pueblaexpres.com\" href=\"https:\/\/www.flickr.com\/photos\/manitas\/32702306838\/in\/album-72157701987750552\/\" data-flickr-embed=\"true\"><img loading=\"lazy\" decoding=\"async\" class=\"aligncenter\" src=\"https:\/\/farm8.staticflickr.com\/7866\/32702306838_193fafb297.jpg\" alt=\"IMG_0001 [Espect\u00e1culos] 02 Marzo 21:00 Horas | Mon Laferte en Puebla Tour \u201cLa Gira de Norma\u201d | Auditorio Metropolitano en Puebla | Fotograf\u00edas Cortes\u00eda Redes Sociales | #PueblaExpres para Mv Fotograf\u00eda Profesional \/ Edici\u00f3n y retoque www.pueblaexpres.com\" width=\"353\" height=\"500\" \/><\/a><script async src=\"\/\/embedr.flickr.com\/assets\/client-code.js\" charset=\"utf-8\"><\/script><\/p>\n<p>Como Monserrat Bustamante, alcanz\u00f3 reconocimiento en su pa\u00eds natal gracias a su participaci\u00f3n en el programa de televisi\u00f3n en 2003, quedando en tercer lugar de la segunda generaci\u00f3n del programa. Durante varios a\u00f1os se mantuvo asociada al programa de TVN, bajo el cual lanz\u00f3 su primer disco La chica de Rojo y protagoniz\u00f3 Rojo, la pel\u00edcula.<\/p>\n<p>Tras su \u00e9xito con el programa, en 2007 decidi\u00f3 comenzar una nueva etapa bajo el nombre de Mon Laferte y radicarse en Ciudad de M\u00e9xico. Desde entonces, ha publicado cuatro \u00e1lbumes de estudio, alcanzando con el tercero Mon Laferte Vol.1 gran reconocimiento a nivel latinoamericano y una nominaci\u00f3n a mejor \u00e1lbum alternativo en los Grammy Latinos.<!--more--><\/p>\n<p>Algunos de sus \u00e9xitos m\u00e1s destacados son &#8220;Tormento&#8221;, &#8220;Amor completo&#8221;, &#8220;Si t\u00fa me quisieras&#8221;, &#8220;Tu falta de querer&#8221; y &#8220;Am\u00e1rrame&#8221;. Adem\u00e1s, ha colaborado con artistas destacados como Natalia Lafourcade, Julieta Venegas, Le\u00f3n Larregui, Carla Morrison, Jos\u00e9 Luis Rodr\u00edguez &#8220;El Puma&#8221;, Caf\u00e9 Tacuba, Juanes, Enrique Bunbury, Manuel Garc\u00eda, Ana Gabriel, Palmenia Pizarro, entre otros.<\/p>\n<p><a title=\"IMG_0001 [Espect\u00e1culos] 02 Marzo 21:00 Horas | Mon Laferte en Puebla Tour \u201cLa Gira de Norma\u201d | Auditorio Metropolitano en Puebla | Fotograf\u00edas Cortes\u00eda Redes Sociales | #PueblaExpres para Mv Fotograf\u00eda Profesional \/ Edici\u00f3n y retoque www.pueblaexpres.com\" href=\"https:\/\/www.flickr.com\/photos\/manitas\/32702306838\/in\/album-72157701987750552\/\" data-flickr-embed=\"true\"><img loading=\"lazy\" decoding=\"async\" class=\"aligncenter\" src=\"https:\/\/farm8.staticflickr.com\/7866\/32702306838_193fafb297.jpg\" alt=\"IMG_0001 [Espect\u00e1culos] 02 Marzo 21:00 Horas | Mon Laferte en Puebla Tour \u201cLa Gira de Norma\u201d | Auditorio Metropolitano en Puebla | Fotograf\u00edas Cortes\u00eda Redes Sociales | #PueblaExpres para Mv Fotograf\u00eda Profesional \/ Edici\u00f3n y retoque www.pueblaexpres.com\" width=\"353\" height=\"500\" \/><\/a><script async src=\"\/\/embedr.flickr.com\/assets\/client-code.js\" charset=\"utf-8\"><\/script><\/p>\n<p>Am\u00e1rrame se posicion\u00f3 como TRENDING TOPIC en M\u00e9xico el d\u00eda de su lanzamiento y en dos semanas se ancl\u00f3 en el gusto del p\u00fablico, dando como resultado disco de oro por m\u00e1s 30 mil reproducciones.<\/p>\n<p>Mon Laferte promete un show m\u00e1gico a los poblanos, quienes cantar\u00e1n junto a ella \u00e9xitos<\/p>\n<p>Mon Laferte llega a Puebla este 02 de Marzo del 2019 en el Auditorio Metropolitano en Puebla 21:00 Horas con su nuevo tour internacional \u201cLa Gira de Norma\u201d.<\/p>\n<p><a title=\"IMG_0001 [Espect\u00e1culos] 02 Marzo 21:00 Horas | Mon Laferte en Puebla Tour \u201cLa Gira de Norma\u201d | Auditorio Metropolitano en Puebla | Fotograf\u00edas Cortes\u00eda Redes Sociales | #PueblaExpres para Mv Fotograf\u00eda Profesional \/ Edici\u00f3n y retoque www.pueblaexpres.com\" href=\"https:\/\/www.flickr.com\/photos\/manitas\/32702306838\/in\/album-72157701987750552\/\" data-flickr-embed=\"true\"><img loading=\"lazy\" decoding=\"async\" class=\"aligncenter\" src=\"https:\/\/farm8.staticflickr.com\/7866\/32702306838_193fafb297.jpg\" alt=\"IMG_0001 [Espect\u00e1culos] 02 Marzo 21:00 Horas | Mon Laferte en Puebla Tour \u201cLa Gira de Norma\u201d | Auditorio Metropolitano en Puebla | Fotograf\u00edas Cortes\u00eda Redes Sociales | #PueblaExpres para Mv Fotograf\u00eda Profesional \/ Edici\u00f3n y retoque www.pueblaexpres.com\" width=\"353\" height=\"500\" \/><\/a><script async src=\"\/\/embedr.flickr.com\/assets\/client-code.js\" charset=\"utf-8\"><\/script><\/p>\n<p>La venta de boletos para este concierto es a trav\u00e9s del sistema en l\u00ednea http:\/\/www.eticket.mx\/ y puntos de venta autorizados.<\/p>\n<p>Para mayor facilidad esta es la liga directa de venta: https:\/\/www.eticket.mx\/paso1a.aspx?idevento=24349<\/p>\n<p style=\"text-align: center;\"><strong>LOCALIDADES:<\/strong><\/p>\n<p style=\"text-align: center;\"><strong>GRAN VIP ADULTO $1,790.00 MX<\/strong><br \/>\n<strong>VIP 1 ADULTO $1,570.00 MX<\/strong><br \/>\n<strong>VIP 2 ADULTO $1,345.00 MX<\/strong><br \/>\n<strong>PREFERENTE ADULTO $1,010.00 MX<\/strong><br \/>\n<strong>DISCAPACITADOS ADULTO $955.00 MX<\/strong><br \/>\n<strong>LUNETA LATERAL ADULTO $785.00 MX<\/strong><br \/>\n<strong>LUNETA CENTRAL ADULTO $895.00 MX<\/strong><br \/>\n<strong>BALC\u00d3N INFERIOR LATERAL ADULTO $560.00 MX<\/strong><br \/>\n<strong>BALC\u00d3N INFERIOR CENTRAL ADULTO $670.00 MX<\/strong><br \/>\n<strong>BALC\u00d3N SUPERIOR LATERAL ADULTO $450.00 MX<\/strong><br \/>\n<strong>BALC\u00d3N SUPERIOR CENTRAL ADULTO $505.00 MX<\/strong><\/p>\n<p style=\"text-align: center;\"><a title=\"IMG_0001 [Espect\u00e1culos] 02 Marzo 21:00 Horas | Mon Laferte en Puebla Tour \u201cLa Gira de Norma\u201d | Auditorio Metropolitano en Puebla | Fotograf\u00edas Cortes\u00eda Redes Sociales | #PueblaExpres para Mv Fotograf\u00eda Profesional \/ Edici\u00f3n y retoque www.pueblaexpres.com\" href=\"https:\/\/www.flickr.com\/photos\/manitas\/32702306838\/in\/album-72157701987750552\/\" data-flickr-embed=\"true\"><img loading=\"lazy\" decoding=\"async\" src=\"https:\/\/farm8.staticflickr.com\/7866\/32702306838_193fafb297.jpg\" alt=\"IMG_0001 [Espect\u00e1culos] 02 Marzo 21:00 Horas | Mon Laferte en Puebla Tour \u201cLa Gira de Norma\u201d | Auditorio Metropolitano en Puebla | Fotograf\u00edas Cortes\u00eda Redes Sociales | #PueblaExpres para Mv Fotograf\u00eda Profesional \/ Edici\u00f3n y retoque www.pueblaexpres.com\" width=\"353\" height=\"500\" \/><\/a><script async src=\"\/\/embedr.flickr.com\/assets\/client-code.js\" charset=\"utf-8\"><\/script><\/p>\n<p>Evento sujeto a cargo x servicio por el sistema www.eticket.mx , los cuales no est\u00e1n incluidos en el precio listado.<\/p>\n<p>Amigo lector le pedimos contin\u00fae al pendiente de nuestras redes sociales y nuestro portal en la secci\u00f3n ESPECT\u00c1CULOS, ya que en el encontrar\u00e1 los mejores eventos\u2026<\/p>\n<p><strong>LA OPINI\u00d3N EXPRESADA EN ESTA COLUMNA ES RESPONSABILIDAD DE QUIEN LA ESCRIBE Y NO BUSCA GENERAR CONFLICTOS ENTRE LOS INVOLUCRADOS, SI NO GENERAR CONCIENCIA EN CADA LECTOR.<\/strong><\/p>\n<p>[miniflickr photoset_id=72157701987750552&amp;sortby=date-posted-asc&amp;per_page=1]<\/p>\n","protected":false},"excerpt":{"rendered":"<p>Redacci\u00f3n | Fotograf\u00eda Cortes\u00eda #PueblaExpres @PueblaExpres Norma Monserrat Bustamante Laferte tambi\u00e9n conocida como Mon Laferte, es una cantante y compositora chilena. Mon toca varios instrumentos y sus g\u00e9neros musicales son variados: rock, blues, pop, m\u00fasica electr\u00f3nica, etc. Comenz\u00f3 en la m\u00fasica a temprana edad; entr\u00f3 a estudiar m\u00fasica en el conservatorio de Vi\u00f1a del Mar [&hellip;]<\/p>\n","protected":false},"author":2,"featured_media":9884,"comment_status":"open","ping_status":"open","sticky":false,"template":"","format":"standard","meta":{"footnotes":""},"categories":[8,42,166,170,36,171,1,7],"tags":[],"_links":{"self":[{"href":"https:\/\/pueblaexpres.com\/portal\/index.php?rest_route=\/wp\/v2\/posts\/9883"}],"collection":[{"href":"https:\/\/pueblaexpres.com\/portal\/index.php?rest_route=\/wp\/v2\/posts"}],"about":[{"href":"https:\/\/pueblaexpres.com\/portal\/index.php?rest_route=\/wp\/v2\/types\/post"}],"author":[{"embeddable":true,"href":"https:\/\/pueblaexpres.com\/portal\/index.php?rest_route=\/wp\/v2\/users\/2"}],"replies":[{"embeddable":true,"href":"https:\/\/pueblaexpres.com\/portal\/index.php?rest_route=%2Fwp%2Fv2%2Fcomments&post=9883"}],"version-history":[{"count":1,"href":"https:\/\/pueblaexpres.com\/portal\/index.php?rest_route=\/wp\/v2\/posts\/9883\/revisions"}],"predecessor-version":[{"id":9885,"href":"https:\/\/pueblaexpres.com\/portal\/index.php?rest_route=\/wp\/v2\/posts\/9883\/revisions\/9885"}],"wp:featuredmedia":[{"embeddable":true,"href":"https:\/\/pueblaexpres.com\/portal\/index.php?rest_route=\/wp\/v2\/media\/9884"}],"wp:attachment":[{"href":"https:\/\/pueblaexpres.com\/portal\/index.php?rest_route=%2Fwp%2Fv2%2Fmedia&parent=9883"}],"wp:term":[{"taxonomy":"category","embeddable":true,"href":"https:\/\/pueblaexpres.com\/portal\/index.php?rest_route=%2Fwp%2Fv2%2Fcategories&post=9883"},{"taxonomy":"post_tag","embeddable":true,"href":"https:\/\/pueblaexpres.com\/portal\/index.php?rest_route=%2Fwp%2Fv2%2Ftags&post=9883"}],"curies":[{"name":"wp","href":"https:\/\/api.w.org\/{rel}","templated":true}]}}