{"id":9848,"date":"2018-12-12T14:27:10","date_gmt":"2018-12-12T20:27:10","guid":{"rendered":"https:\/\/pueblaexpres.com\/portal\/?p=9848"},"modified":"2018-12-12T14:27:10","modified_gmt":"2018-12-12T20:27:10","slug":"celebracion-50-anos-estadio-cuauhtemoc-gran-exito-1era-carrera-5k-y-10k-corre-x-la-franja-del-club-puebla","status":"publish","type":"post","link":"https:\/\/pueblaexpres.com\/portal\/?p=9848","title":{"rendered":"[Celebraci\u00f3n 50 a\u00f1os Estadio Cuauht\u00e9moc] GRAN \u00c9XITO 1era carrera 5k y 10k | \u201cCorre X La Franja\u201d del Club Puebla"},"content":{"rendered":"<div name=\"googleone_share_1\" style=\"position:relative;z-index:5;float: right; margin-left: 10px;\"><g:plusone size=\"tall\" count=\"1\" href=\"https:\/\/pueblaexpres.com\/portal\/?p=9848\"><\/g:plusone><\/div><p><a href=\"https:\/\/pueblaexpres.com\/portal\/wp-content\/uploads\/2018\/12\/MVF_0164.jpg\"><img loading=\"lazy\" decoding=\"async\" class=\"wp-image-9849 aligncenter\" src=\"https:\/\/pueblaexpres.com\/portal\/wp-content\/uploads\/2018\/12\/MVF_0164.jpg\" alt=\"\" width=\"501\" height=\"334\" srcset=\"https:\/\/pueblaexpres.com\/portal\/wp-content\/uploads\/2018\/12\/MVF_0164.jpg 800w, https:\/\/pueblaexpres.com\/portal\/wp-content\/uploads\/2018\/12\/MVF_0164-300x200.jpg 300w, https:\/\/pueblaexpres.com\/portal\/wp-content\/uploads\/2018\/12\/MVF_0164-768x512.jpg 768w\" sizes=\"(max-width: 501px) 100vw, 501px\" \/><\/a><\/p>\n<p><strong>Redacci\u00f3n Israel Valero | Fotograf\u00edas Mara Gonz\u00e1lez @MaraGlez_BTR \/ Lyz Vega @lyz_vega \/ Sa\u00fal S\u00e1nchez \/ Manuel Vela @Mv_ManuelVela #PueblaExpres @PueblaExpres<\/strong><\/p>\n<p>UN GRAN \u00c9XITO LA CARRERA &#8220;CORRE POR LA FRANJA&#8221;<\/p>\n<p>Un gran \u00e9xito alcanz\u00f3 la Primera Carrera &#8220;Corre por la Franja&#8221; con la que el Puebla conmemor\u00f3 los 50 a\u00f1os del estadio Cuauht\u00e9moc.<\/p>\n<p><a title=\"IMG_0644 [Celebraci\u00f3n 50 a\u00f1os Estadio Cuauht\u00e9moc] GRAN \u00c9XITO | 1era carrera 5k y 10k \u201cCorre X La Franja\u201d del Club Puebla Fotograf\u00edas Mara Gonz\u00e1lez \/ Manuel Vela para Mv Fotograf\u00eda Profesional \/ Edici\u00f3n y retoque www.pueblaexpres.com\" href=\"https:\/\/www.flickr.com\/photos\/manitas\/46240679822\/in\/dateposted-public\/\" data-flickr-embed=\"true\"><img loading=\"lazy\" decoding=\"async\" class=\"aligncenter\" src=\"https:\/\/farm5.staticflickr.com\/4889\/46240679822_1e0a7f09f5.jpg\" alt=\"IMG_0644 [Celebraci\u00f3n 50 a\u00f1os Estadio Cuauht\u00e9moc] GRAN \u00c9XITO | 1era carrera 5k y 10k \u201cCorre X La Franja\u201d del Club Puebla Fotograf\u00edas Mara Gonz\u00e1lez \/ Manuel Vela para Mv Fotograf\u00eda Profesional \/ Edici\u00f3n y retoque www.pueblaexpres.com\" width=\"500\" height=\"333\" \/><\/a><script async src=\"\/\/embedr.flickr.com\/assets\/client-code.js\" charset=\"utf-8\"><\/script><\/p>\n<p>Francisco Morales y Marlen Estrada fueron los ganadores de la prueba de 10 kil\u00f3metros de la Carrera en la que se cont\u00f3 con la participaci\u00f3n de poco m\u00e1s de mil competidores, muchos de ellos seguidores del cuadro poblano.<\/p>\n<p><a title=\"IMG_0048 [Celebraci\u00f3n 50 a\u00f1os Estadio Cuauht\u00e9moc] GRAN \u00c9XITO | 1era carrera 5k y 10k \u201cCorre X La Franja\u201d del Club Puebla Fotograf\u00edas Mara Gonz\u00e1lez \/ Manuel Vela para Mv Fotograf\u00eda Profesional \/ Edici\u00f3n y retoque www.pueblaexpres.com\" href=\"https:\/\/www.flickr.com\/photos\/manitas\/46290808571\/in\/dateposted-public\/\" data-flickr-embed=\"true\"><img loading=\"lazy\" decoding=\"async\" class=\"aligncenter\" src=\"https:\/\/farm5.staticflickr.com\/4908\/46290808571_58a9009ef6.jpg\" alt=\"IMG_0048 [Celebraci\u00f3n 50 a\u00f1os Estadio Cuauht\u00e9moc] GRAN \u00c9XITO | 1era carrera 5k y 10k \u201cCorre X La Franja\u201d del Club Puebla Fotograf\u00edas Mara Gonz\u00e1lez \/ Manuel Vela para Mv Fotograf\u00eda Profesional \/ Edici\u00f3n y retoque www.pueblaexpres.com\" width=\"500\" height=\"333\" \/><\/a><script async src=\"\/\/embedr.flickr.com\/assets\/client-code.js\" charset=\"utf-8\"><\/script><\/p>\n<p>Con una playera negra y con la franja en azul, en punto de las siete de la ma\u00f1ana, los corredores tomaron la salida con el banderazo que dio una leyenda de la Franja como es Carlos &#8220;B\u00fafalo&#8221; Poblete.<\/p>\n<p><a title=\"MVF_0592 [Celebraci\u00f3n 50 a\u00f1os Estadio Cuauht\u00e9moc] GRAN \u00c9XITO | 1era carrera 5k y 10k \u201cCorre X La Franja\u201d del Club Puebla Fotograf\u00edas Mara Gonz\u00e1lez \/ Manuel Vela para Mv Fotograf\u00eda Profesional \/ Edici\u00f3n y retoque www.pueblaexpres.com\" href=\"https:\/\/www.flickr.com\/photos\/manitas\/44473925850\/in\/dateposted-public\/\" data-flickr-embed=\"true\"><img loading=\"lazy\" decoding=\"async\" class=\"aligncenter\" src=\"https:\/\/farm5.staticflickr.com\/4868\/44473925850_c86e5b97c2.jpg\" alt=\"MVF_0592 [Celebraci\u00f3n 50 a\u00f1os Estadio Cuauht\u00e9moc] GRAN \u00c9XITO | 1era carrera 5k y 10k \u201cCorre X La Franja\u201d del Club Puebla Fotograf\u00edas Mara Gonz\u00e1lez \/ Manuel Vela para Mv Fotograf\u00eda Profesional \/ Edici\u00f3n y retoque www.pueblaexpres.com\" width=\"500\" height=\"333\" \/><\/a><script async src=\"\/\/embedr.flickr.com\/assets\/client-code.js\" charset=\"utf-8\"><\/script><\/p>\n<p>Los participantes iniciaron la traves\u00eda recorreriendo la Calzada Ignacio Zaragoza y pasando por sitios como la zona de Los Fuertes y algunas calles del Centro Hist\u00f3rico.<!--more--><\/p>\n<p><a title=\"IMG_0274 [Celebraci\u00f3n 50 a\u00f1os Estadio Cuauht\u00e9moc] GRAN \u00c9XITO | 1era carrera 5k y 10k \u201cCorre X La Franja\u201d del Club Puebla Fotograf\u00edas Mara Gonz\u00e1lez \/ Manuel Vela para Mv Fotograf\u00eda Profesional \/ Edici\u00f3n y retoque www.pueblaexpres.com\" href=\"https:\/\/www.flickr.com\/photos\/manitas\/46240680202\/in\/dateposted-public\/\" data-flickr-embed=\"true\"><img loading=\"lazy\" decoding=\"async\" class=\"aligncenter\" src=\"https:\/\/farm5.staticflickr.com\/4849\/46240680202_7e48013d6b.jpg\" alt=\"IMG_0274 [Celebraci\u00f3n 50 a\u00f1os Estadio Cuauht\u00e9moc] GRAN \u00c9XITO | 1era carrera 5k y 10k \u201cCorre X La Franja\u201d del Club Puebla Fotograf\u00edas Mara Gonz\u00e1lez \/ Manuel Vela para Mv Fotograf\u00eda Profesional \/ Edici\u00f3n y retoque www.pueblaexpres.com\" width=\"500\" height=\"333\" \/><\/a><script async src=\"\/\/embedr.flickr.com\/assets\/client-code.js\" charset=\"utf-8\"><\/script><\/p>\n<p>Dentro de la prueba de los 10 kil\u00f3metros, Francisco Morales se agenci\u00f3 el primer lugar, mientras que, en la distancia de 5 kil\u00f3metros, el triunfo fue para Mart\u00edn P\u00e9rez Vargas y Tania Garc\u00eda Olgu\u00edn.<\/p>\n<p><a title=\"IMG_0796 [Celebraci\u00f3n 50 a\u00f1os Estadio Cuauht\u00e9moc] GRAN \u00c9XITO | 1era carrera 5k y 10k \u201cCorre X La Franja\u201d del Club Puebla Fotograf\u00edas Mara Gonz\u00e1lez \/ Manuel Vela para Mv Fotograf\u00eda Profesional \/ Edici\u00f3n y retoque www.pueblaexpres.com\" href=\"https:\/\/www.flickr.com\/photos\/manitas\/46290807741\/in\/dateposted-public\/\" data-flickr-embed=\"true\"><img loading=\"lazy\" decoding=\"async\" class=\"aligncenter\" src=\"https:\/\/farm5.staticflickr.com\/4817\/46290807741_3d7b587ba5.jpg\" alt=\"IMG_0796 [Celebraci\u00f3n 50 a\u00f1os Estadio Cuauht\u00e9moc] GRAN \u00c9XITO | 1era carrera 5k y 10k \u201cCorre X La Franja\u201d del Club Puebla Fotograf\u00edas Mara Gonz\u00e1lez \/ Manuel Vela para Mv Fotograf\u00eda Profesional \/ Edici\u00f3n y retoque www.pueblaexpres.com\" width=\"500\" height=\"333\" \/><\/a><script async src=\"\/\/embedr.flickr.com\/assets\/client-code.js\" charset=\"utf-8\"><\/script><\/p>\n<p><strong>LA OPINI\u00d3N EXPRESADA EN ESTA COLUMNA ES RESPONSABILIDAD DE QUIEN LA ESCRIBE Y NO BUSCA GENERAR CONFLICTOS ENTRE LOS INVOLUCRADOS, SINO GENERAR CONCIENCIA EN CADA LECTOR.<\/strong><\/p>\n<p>[miniflickr photoset_id=72157674455713927&amp;sortby=date-posted-asc&amp;per_page=26]<\/p>\n","protected":false},"excerpt":{"rendered":"<p>Redacci\u00f3n Israel Valero | Fotograf\u00edas Mara Gonz\u00e1lez @MaraGlez_BTR \/ Lyz Vega @lyz_vega \/ Sa\u00fal S\u00e1nchez \/ Manuel Vela @Mv_ManuelVela #PueblaExpres @PueblaExpres UN GRAN \u00c9XITO LA CARRERA &#8220;CORRE POR LA FRANJA&#8221; Un gran \u00e9xito alcanz\u00f3 la Primera Carrera &#8220;Corre por la Franja&#8221; con la que el Puebla conmemor\u00f3 los 50 a\u00f1os del estadio Cuauht\u00e9moc. Francisco Morales [&hellip;]<\/p>\n","protected":false},"author":2,"featured_media":9850,"comment_status":"open","ping_status":"open","sticky":false,"template":"","format":"standard","meta":{"footnotes":""},"categories":[8,42,166,36,171,1,7],"tags":[],"_links":{"self":[{"href":"https:\/\/pueblaexpres.com\/portal\/index.php?rest_route=\/wp\/v2\/posts\/9848"}],"collection":[{"href":"https:\/\/pueblaexpres.com\/portal\/index.php?rest_route=\/wp\/v2\/posts"}],"about":[{"href":"https:\/\/pueblaexpres.com\/portal\/index.php?rest_route=\/wp\/v2\/types\/post"}],"author":[{"embeddable":true,"href":"https:\/\/pueblaexpres.com\/portal\/index.php?rest_route=\/wp\/v2\/users\/2"}],"replies":[{"embeddable":true,"href":"https:\/\/pueblaexpres.com\/portal\/index.php?rest_route=%2Fwp%2Fv2%2Fcomments&post=9848"}],"version-history":[{"count":1,"href":"https:\/\/pueblaexpres.com\/portal\/index.php?rest_route=\/wp\/v2\/posts\/9848\/revisions"}],"predecessor-version":[{"id":9851,"href":"https:\/\/pueblaexpres.com\/portal\/index.php?rest_route=\/wp\/v2\/posts\/9848\/revisions\/9851"}],"wp:featuredmedia":[{"embeddable":true,"href":"https:\/\/pueblaexpres.com\/portal\/index.php?rest_route=\/wp\/v2\/media\/9850"}],"wp:attachment":[{"href":"https:\/\/pueblaexpres.com\/portal\/index.php?rest_route=%2Fwp%2Fv2%2Fmedia&parent=9848"}],"wp:term":[{"taxonomy":"category","embeddable":true,"href":"https:\/\/pueblaexpres.com\/portal\/index.php?rest_route=%2Fwp%2Fv2%2Fcategories&post=9848"},{"taxonomy":"post_tag","embeddable":true,"href":"https:\/\/pueblaexpres.com\/portal\/index.php?rest_route=%2Fwp%2Fv2%2Ftags&post=9848"}],"curies":[{"name":"wp","href":"https:\/\/api.w.org\/{rel}","templated":true}]}}