{"id":9841,"date":"2018-12-11T21:02:46","date_gmt":"2018-12-12T03:02:46","guid":{"rendered":"https:\/\/pueblaexpres.com\/portal\/?p=9841"},"modified":"2018-12-11T21:03:16","modified_gmt":"2018-12-12T03:03:16","slug":"espectaculos-extraordinaria-3ra-edicion-festival-catrina-segunda-entrega-san-andres-cholula-puebla","status":"publish","type":"post","link":"https:\/\/pueblaexpres.com\/portal\/?p=9841","title":{"rendered":"[Espect\u00e1culos] EXTRAORDINARIA 3ra edici\u00f3n | Festival CATRINA | *SEGUNDA ENTREGA* | San Andr\u00e9s Cholula, Puebla"},"content":{"rendered":"<div name=\"googleone_share_1\" style=\"position:relative;z-index:5;float: right; margin-left: 10px;\"><g:plusone size=\"tall\" count=\"1\" href=\"https:\/\/pueblaexpres.com\/portal\/?p=9841\"><\/g:plusone><\/div><p><a href=\"https:\/\/pueblaexpres.com\/portal\/wp-content\/uploads\/2018\/12\/IMGL1623.jpg\"><img loading=\"lazy\" decoding=\"async\" class=\"wp-image-9842 aligncenter\" src=\"https:\/\/pueblaexpres.com\/portal\/wp-content\/uploads\/2018\/12\/IMGL1623.jpg\" alt=\"\" width=\"498\" height=\"332\" srcset=\"https:\/\/pueblaexpres.com\/portal\/wp-content\/uploads\/2018\/12\/IMGL1623.jpg 800w, https:\/\/pueblaexpres.com\/portal\/wp-content\/uploads\/2018\/12\/IMGL1623-300x200.jpg 300w, https:\/\/pueblaexpres.com\/portal\/wp-content\/uploads\/2018\/12\/IMGL1623-768x512.jpg 768w\" sizes=\"(max-width: 498px) 100vw, 498px\" \/><\/a><\/p>\n<p><strong>Redacci\u00f3n | Fotograf\u00edas @MaraGlez_BTR \/ @Mv_ManuelVela @PueblaExpres #PueblaExpres<\/strong><\/p>\n<p>Festival Indio Catrina 2018 en su 3ra edici\u00f3n.<\/p>\n<p><strong>*Segunda entrega*<\/strong><\/p>\n<p>Miles de personas se reunieron para vivir un d\u00eda lleno de m\u00fasica en el parque pir\u00e1mide de Cholula, Puebla.<\/p>\n<p>La fiesta, m\u00fasica y sorpresas no faltaron en el tan esperado Festival Catrina, que se llev\u00f3 a cabo el pasado 8 de diciembre.<\/p>\n<p><a title=\"IMGL1622 [Espect\u00e1culos] EXTRAORDINARIA 3ra edici\u00f3n | Festival CATRINA | Morat | Escenario Indio | San Andr\u00e9s Cholula, Puebla Fotograf\u00edas @MaraGlez_BTR \/ Manuel Vela @Mv_ManuelVela para Mv Fotograf\u00eda Profesional www.pueblaexpres.com\" href=\"https:\/\/www.flickr.com\/photos\/manitas\/45368418205\/in\/album-72157703077207301\/\" data-flickr-embed=\"true\"><img loading=\"lazy\" decoding=\"async\" class=\"aligncenter\" src=\"https:\/\/farm5.staticflickr.com\/4833\/45368418205_a490060095.jpg\" alt=\"IMGL1622 [Espect\u00e1culos] EXTRAORDINARIA 3ra edici\u00f3n | Festival CATRINA | Morat | Escenario Indio | San Andr\u00e9s Cholula, Puebla Fotograf\u00edas @MaraGlez_BTR \/ Manuel Vela @Mv_ManuelVela para Mv Fotograf\u00eda Profesional www.pueblaexpres.com\" width=\"500\" height=\"333\" \/><\/a><script async src=\"\/\/embedr.flickr.com\/assets\/client-code.js\" charset=\"utf-8\"><\/script><\/p>\n<p><strong>Morat<\/strong> es una de las bandas consentidas de Puebla, quienes no pod\u00edan perderse esta gran fiesta de la m\u00fasica, donde ocuparon la tarima del Escenario Indio. \u201cCuando Nadie Ve\u201d y \u201cAmor Con Hielo\u201d, \u201cComo te atreves a volver\u201d, \u201cMi nuevo vicio\u201d, fueron coreadas por el p\u00fablico.<\/p>\n<p><a title=\"MVF_0578 [Espect\u00e1culos] EXTRAORDINARIA 3ra edici\u00f3n | Festival CATRINA | LNG \/ SHT con Sabino | Escenario Indio | San Andr\u00e9s Cholula, Puebla Fotograf\u00edas @MaraGlez_BTR \/ Manuel Vela @Mv_ManuelVela para Mv Fotograf\u00eda Profesional www.pueblaexpres.com\" href=\"https:\/\/www.flickr.com\/photos\/manitas\/45368421545\/in\/album-72157703077229631\/\" data-flickr-embed=\"true\"><img loading=\"lazy\" decoding=\"async\" class=\"aligncenter\" src=\"https:\/\/farm5.staticflickr.com\/4850\/45368421545_c1f2033828.jpg\" alt=\"MVF_0578 [Espect\u00e1culos] EXTRAORDINARIA 3ra edici\u00f3n | Festival CATRINA | LNG \/ SHT con Sabino | Escenario Indio | San Andr\u00e9s Cholula, Puebla Fotograf\u00edas @MaraGlez_BTR \/ Manuel Vela @Mv_ManuelVela para Mv Fotograf\u00eda Profesional www.pueblaexpres.com\" width=\"500\" height=\"333\" \/><\/a><script async src=\"\/\/embedr.flickr.com\/assets\/client-code.js\" charset=\"utf-8\"><\/script><\/p>\n<p><strong>LNG\/SHT<\/strong> cantando su \u00e1lbum \u201cLes juro que s\u00ed llego\u201d, las letras abarcan temas de la cultura pop, fines de semana llenos de cerveza, ex-novias locas, la escena punk rock y una afici\u00f3n por el cine y la m\u00fasica. Desde que subi\u00f3 al escenario Indio tanto LNG\/SHT como el p\u00fablico cantaron con toda la energ\u00eda.<\/p>\n<p><a title=\"MVF_0934 [Espect\u00e1culos] EXTRAORDINARIA 3ra edici\u00f3n | Festival CATRINA | The Mar\u00edas | Escenario Takis | San Andr\u00e9s Cholula, Puebla Fotograf\u00edas @MaraGlez_BTR \/ Manuel Vela @Mv_ManuelVela para Mv Fotograf\u00eda Profesional www.pueblaexpres.com\" href=\"https:\/\/www.flickr.com\/photos\/manitas\/46281048401\/in\/album-72157703077251091\/\" data-flickr-embed=\"true\"><img loading=\"lazy\" decoding=\"async\" class=\"aligncenter\" src=\"https:\/\/farm5.staticflickr.com\/4849\/46281048401_d81ff9d36b.jpg\" alt=\"MVF_0934 [Espect\u00e1culos] EXTRAORDINARIA 3ra edici\u00f3n | Festival CATRINA | The Mar\u00edas | Escenario Takis | San Andr\u00e9s Cholula, Puebla Fotograf\u00edas @MaraGlez_BTR \/ Manuel Vela @Mv_ManuelVela para Mv Fotograf\u00eda Profesional www.pueblaexpres.com\" width=\"500\" height=\"333\" \/><\/a><script async src=\"\/\/embedr.flickr.com\/assets\/client-code.js\" charset=\"utf-8\"><\/script><\/p>\n<p>La agrupaci\u00f3n dream soul originaria de Los \u00c1ngeles, <strong>The Mar\u00edas<\/strong>, estuvo de vuelta en M\u00e9xico y que mejor lugar que en el escenario Takis del Festival Catrina, dieron un gran show, en el cual la banda logro consentir a sus seguidores al comp\u00e1s de su reciente material Superclean Vol. II, publicado a inicios de este mismo a\u00f1o; sumado al sonido de los cortes cl\u00e1sicos dentro de su repertorio. A trav\u00e9s de su combinaci\u00f3n de estilos psicod\u00e9licos y soul los asistentes disfrutaron de una velada especial.<!--more--><\/p>\n<p><a title=\"MVF_0106 [Espect\u00e1culos] EXTRAORDINARIA 3ra edici\u00f3n | Festival CATRINA | Chetes | Escenario Catrina | San Andr\u00e9s Cholula, Puebla Fotograf\u00edas @MaraGlez_BTR \/ Manuel Vela @Mv_ManuelVela para Mv Fotograf\u00eda Profesional www.pueblaexpres.com\" href=\"https:\/\/www.flickr.com\/photos\/manitas\/46281052231\/in\/album-72157704538279114\/\" data-flickr-embed=\"true\"><img loading=\"lazy\" decoding=\"async\" class=\"aligncenter\" src=\"https:\/\/farm5.staticflickr.com\/4895\/46281052231_3924872a5d.jpg\" alt=\"MVF_0106 [Espect\u00e1culos] EXTRAORDINARIA 3ra edici\u00f3n | Festival CATRINA | Chetes | Escenario Catrina | San Andr\u00e9s Cholula, Puebla Fotograf\u00edas @MaraGlez_BTR \/ Manuel Vela @Mv_ManuelVela para Mv Fotograf\u00eda Profesional www.pueblaexpres.com\" width=\"500\" height=\"333\" \/><\/a><script async src=\"\/\/embedr.flickr.com\/assets\/client-code.js\" charset=\"utf-8\"><\/script><\/p>\n<p>Conforme pasaban las horas el Parque Pir\u00e1mide de Cholula recib\u00eda a m\u00e1s y m\u00e1s p\u00fablico, acud\u00edan listos para la ocasi\u00f3n con playeras estampadas con el nombre de sus bandas favoritas, en el escenario Catrina se encontraba <strong>Chetes<\/strong> con su tema de \u201cGrados bajo cero\u201d aument\u00f3 la energ\u00eda de los presentes. \u201cSi t\u00fa no vueles\u201d y \u201cCaminando hacia atr\u00e1s\u201d tambi\u00e9n sonaron con gran emoci\u00f3n.<\/p>\n<p><a title=\"MVF_0524 [Espect\u00e1culos] EXTRAORDINARIA 3ra edici\u00f3n | Festival CATRINA | Kafka Jones | Escenario San Andr\u00e9s | San Andr\u00e9s Cholula, Puebla Fotograf\u00edas @MaraGlez_BTR \/ Manuel Vela @Mv_ManuelVela para Mv Fotograf\u00eda Profesional www.pueblaexpres.com\" href=\"https:\/\/www.flickr.com\/photos\/manitas\/45368429955\/in\/album-72157676591877278\/\" data-flickr-embed=\"true\"><img loading=\"lazy\" decoding=\"async\" class=\"aligncenter\" src=\"https:\/\/farm5.staticflickr.com\/4836\/45368429955_2bdb58c0b4.jpg\" alt=\"MVF_0524 [Espect\u00e1culos] EXTRAORDINARIA 3ra edici\u00f3n | Festival CATRINA | Kafka Jones | Escenario San Andr\u00e9s | San Andr\u00e9s Cholula, Puebla Fotograf\u00edas @MaraGlez_BTR \/ Manuel Vela @Mv_ManuelVela para Mv Fotograf\u00eda Profesional www.pueblaexpres.com\" width=\"500\" height=\"333\" \/><\/a><script async src=\"\/\/embedr.flickr.com\/assets\/client-code.js\" charset=\"utf-8\"><\/script><\/p>\n<p>Arriba del escenario de San Andr\u00e9s Cholula, <strong>Daniel Guti\u00e9rrez<\/strong>, vocalista del grupo La Gusana Ciega con su proyecto como solista en el cual se anim\u00f3 a sacar sus escritos al p\u00fablico y mostrar su admiraci\u00f3n por Bob Dylan y Neil Young, mediante el <strong>proyecto Kafka Jones.<\/strong> Interpreto, acompa\u00f1ado de su guitarra temas de su disco y covers de Bob Dylan, Neil Young, y Bright Eyes.<\/p>\n<p><a title=\"IMG_0463 [Espect\u00e1culos] EXTRAORDINARIA 3ra edici\u00f3n | Festival CATRINA | Juan Son | Escenario Takis | San Andr\u00e9s Cholula, Puebla Fotograf\u00edas @MaraGlez_BTR \/ Manuel Vela @Mv_ManuelVela para Mv Fotograf\u00eda Profesional www.pueblaexpres.com\" href=\"https:\/\/www.flickr.com\/photos\/manitas\/46230943812\/in\/album-72157704552348425\/\" data-flickr-embed=\"true\"><img loading=\"lazy\" decoding=\"async\" class=\"aligncenter\" src=\"https:\/\/farm5.staticflickr.com\/4844\/46230943812_9ecf92a0d9.jpg\" alt=\"IMG_0463 [Espect\u00e1culos] EXTRAORDINARIA 3ra edici\u00f3n | Festival CATRINA | Juan Son | Escenario Takis | San Andr\u00e9s Cholula, Puebla Fotograf\u00edas @MaraGlez_BTR \/ Manuel Vela @Mv_ManuelVela para Mv Fotograf\u00eda Profesional www.pueblaexpres.com\" width=\"500\" height=\"333\" \/><\/a><script async src=\"\/\/embedr.flickr.com\/assets\/client-code.js\" charset=\"utf-8\"><\/script><\/p>\n<p>Tras una larga ausencia<strong> Juan Son<\/strong> est\u00e1 de regreso con nueva m\u00fasica en el escenario Takis, se present\u00f3 con su nuevo sencillo \u201cSiento\u201d la cual el p\u00fablico asistente coreaba. Esta nueva faceta marc\u00f3 un cambio para Juan Son, tanto en sonido como en la forma de darlo a conocer, pues se desconect\u00f3 totalmente del mundo digital.<\/p>\n<p><strong>Continuara \u2026<\/strong><\/p>\n<p>Amigo lector le pedimos contin\u00fae al pendiente de nuestras redes sociales y nuestro portal en la secci\u00f3n ESPECT\u00c1CULOS, ya que en \u00e9l encontrar\u00e1 los mejores eventos\u2026<\/p>\n<p><strong>LA OPINI\u00d3N EXPRESADA EN ESTA COLUMNA ES RESPONSABILIDAD DE QUIEN LA ESCRIBE Y NO BUSCA GENERAR CONFLICTOS ENTRE LOS INVOLUCRADOS, SI NO GENERAR CONCIENCIA EN CADA LECTOR.<\/strong><\/p>\n<p>[miniflickr photoset_id=72157674433744207&amp;sortby=date-posted-asc&amp;per_page=59]<\/p>\n","protected":false},"excerpt":{"rendered":"<p>Redacci\u00f3n | Fotograf\u00edas @MaraGlez_BTR \/ @Mv_ManuelVela @PueblaExpres #PueblaExpres Festival Indio Catrina 2018 en su 3ra edici\u00f3n. *Segunda entrega* Miles de personas se reunieron para vivir un d\u00eda lleno de m\u00fasica en el parque pir\u00e1mide de Cholula, Puebla. La fiesta, m\u00fasica y sorpresas no faltaron en el tan esperado Festival Catrina, que se llev\u00f3 a cabo [&hellip;]<\/p>\n","protected":false},"author":2,"featured_media":9842,"comment_status":"open","ping_status":"open","sticky":false,"template":"","format":"standard","meta":{"footnotes":""},"categories":[8,42,166,170,36,171,1,7],"tags":[],"_links":{"self":[{"href":"https:\/\/pueblaexpres.com\/portal\/index.php?rest_route=\/wp\/v2\/posts\/9841"}],"collection":[{"href":"https:\/\/pueblaexpres.com\/portal\/index.php?rest_route=\/wp\/v2\/posts"}],"about":[{"href":"https:\/\/pueblaexpres.com\/portal\/index.php?rest_route=\/wp\/v2\/types\/post"}],"author":[{"embeddable":true,"href":"https:\/\/pueblaexpres.com\/portal\/index.php?rest_route=\/wp\/v2\/users\/2"}],"replies":[{"embeddable":true,"href":"https:\/\/pueblaexpres.com\/portal\/index.php?rest_route=%2Fwp%2Fv2%2Fcomments&post=9841"}],"version-history":[{"count":2,"href":"https:\/\/pueblaexpres.com\/portal\/index.php?rest_route=\/wp\/v2\/posts\/9841\/revisions"}],"predecessor-version":[{"id":9844,"href":"https:\/\/pueblaexpres.com\/portal\/index.php?rest_route=\/wp\/v2\/posts\/9841\/revisions\/9844"}],"wp:featuredmedia":[{"embeddable":true,"href":"https:\/\/pueblaexpres.com\/portal\/index.php?rest_route=\/wp\/v2\/media\/9842"}],"wp:attachment":[{"href":"https:\/\/pueblaexpres.com\/portal\/index.php?rest_route=%2Fwp%2Fv2%2Fmedia&parent=9841"}],"wp:term":[{"taxonomy":"category","embeddable":true,"href":"https:\/\/pueblaexpres.com\/portal\/index.php?rest_route=%2Fwp%2Fv2%2Fcategories&post=9841"},{"taxonomy":"post_tag","embeddable":true,"href":"https:\/\/pueblaexpres.com\/portal\/index.php?rest_route=%2Fwp%2Fv2%2Ftags&post=9841"}],"curies":[{"name":"wp","href":"https:\/\/api.w.org\/{rel}","templated":true}]}}