{"id":9835,"date":"2018-12-11T12:35:12","date_gmt":"2018-12-11T18:35:12","guid":{"rendered":"https:\/\/pueblaexpres.com\/portal\/?p=9835"},"modified":"2018-12-11T12:35:12","modified_gmt":"2018-12-11T18:35:12","slug":"espectaculos-excelso-concierto-carlos-rivera-en-puebla-guerra-tour-auditorio-metropolitano-puebla","status":"publish","type":"post","link":"https:\/\/pueblaexpres.com\/portal\/?p=9835","title":{"rendered":"[Espect\u00e1culos] EXCELSO CONCIERTO | Carlos Rivera en Puebla | GUERRA TOUR | Auditorio Metropolitano Puebla"},"content":{"rendered":"<div name=\"googleone_share_1\" style=\"position:relative;z-index:5;float: right; margin-left: 10px;\"><g:plusone size=\"tall\" count=\"1\" href=\"https:\/\/pueblaexpres.com\/portal\/?p=9835\"><\/g:plusone><\/div><p><a href=\"https:\/\/pueblaexpres.com\/portal\/wp-content\/uploads\/2018\/12\/IMG_0552.jpg\"><img loading=\"lazy\" decoding=\"async\" class=\"wp-image-9836 aligncenter\" src=\"https:\/\/pueblaexpres.com\/portal\/wp-content\/uploads\/2018\/12\/IMG_0552.jpg\" alt=\"\" width=\"501\" height=\"334\" srcset=\"https:\/\/pueblaexpres.com\/portal\/wp-content\/uploads\/2018\/12\/IMG_0552.jpg 800w, https:\/\/pueblaexpres.com\/portal\/wp-content\/uploads\/2018\/12\/IMG_0552-300x200.jpg 300w, https:\/\/pueblaexpres.com\/portal\/wp-content\/uploads\/2018\/12\/IMG_0552-768x512.jpg 768w\" sizes=\"(max-width: 501px) 100vw, 501px\" \/><\/a><\/p>\n<p><strong>Redacci\u00f3n | Fotograf\u00edas Mara Gonz\u00e1lez @MaraGlez_BTR \/ Manuel Vela @Mv_ManuelVela #PueblaExpres @PueblaExpres<\/strong><\/p>\n<p>El cantante tlaxcalteca Carlos Rivera, catalogado como uno de los m\u00e1ximos representantes de la m\u00fasica mexicana contempor\u00e1nea, se present\u00f3 en la Angel\u00f3polis con su gira actual \u201cGuerra Tour\u201d.<\/p>\n<p><a title=\"IMG_0236 [Espect\u00e1culos] EXCELSO CONCIERTO | Carlos Rivera en Puebla | GUERRA TOUR | Auditorio Metropolitano Puebla | Fotograf\u00edas @MaraGlez_BTR \/ Manuel Vela @Mv_ManuelVela para Mv Fotograf\u00eda Profesional www.pueblaexpres.com\" href=\"https:\/\/www.flickr.com\/photos\/manitas\/45363834095\/in\/album-72157674423062127\/\" data-flickr-embed=\"true\"><img loading=\"lazy\" decoding=\"async\" class=\"aligncenter\" src=\"https:\/\/farm5.staticflickr.com\/4891\/45363834095_55b8bdf14d.jpg\" alt=\"IMG_0236 [Espect\u00e1culos] EXCELSO CONCIERTO | Carlos Rivera en Puebla | GUERRA TOUR | Auditorio Metropolitano Puebla | Fotograf\u00edas @MaraGlez_BTR \/ Manuel Vela @Mv_ManuelVela para Mv Fotograf\u00eda Profesional www.pueblaexpres.com\" width=\"500\" height=\"333\" \/><\/a><script async src=\"\/\/embedr.flickr.com\/assets\/client-code.js\" charset=\"utf-8\"><\/script><\/p>\n<p>El cantante, compositor y actor originario del estado de Tlaxcala se present\u00f3 ante sus fans (que hicieron un lleno total).<\/p>\n<p>La canci\u00f3n \u2018Amo mi locura\u2019 abri\u00f3 el concierto, el cantante luc\u00eda un traje de capit\u00e1n rojo con blanco y detalles en color dorado.<\/p>\n<p><a title=\"IMG_0286 [Espect\u00e1culos] EXCELSO CONCIERTO | Carlos Rivera en Puebla | GUERRA TOUR | Auditorio Metropolitano Puebla | Fotograf\u00edas @MaraGlez_BTR \/ Manuel Vela @Mv_ManuelVela para Mv Fotograf\u00eda Profesional www.pueblaexpres.com\" href=\"https:\/\/www.flickr.com\/photos\/manitas\/45363833895\/in\/album-72157674423062127\/\" data-flickr-embed=\"true\"><img loading=\"lazy\" decoding=\"async\" class=\"aligncenter\" src=\"https:\/\/farm5.staticflickr.com\/4829\/45363833895_87cd794ac7.jpg\" alt=\"IMG_0286 [Espect\u00e1culos] EXCELSO CONCIERTO | Carlos Rivera en Puebla | GUERRA TOUR | Auditorio Metropolitano Puebla | Fotograf\u00edas @MaraGlez_BTR \/ Manuel Vela @Mv_ManuelVela para Mv Fotograf\u00eda Profesional www.pueblaexpres.com\" width=\"500\" height=\"333\" \/><\/a><script async src=\"\/\/embedr.flickr.com\/assets\/client-code.js\" charset=\"utf-8\"><\/script><\/p>\n<p>Carlos Rivera agradeci\u00f3 al p\u00fablico poblano por su apoyo a lo largo de su carrera: \u201cGracias, Puebla, por estar en esta guerra\u201d.<!--more--><\/p>\n<p>Rivera resalto la importancia de estar en el recinto de espect\u00e1culos poblano: \u201cun d\u00eda, el Auditorio Metropolitano va a estar lleno de personas que cantar\u00e1n mis canciones\u201d.<\/p>\n<p><a title=\"IMG_0490 [Espect\u00e1culos] EXCELSO CONCIERTO | Carlos Rivera en Puebla | GUERRA TOUR | Auditorio Metropolitano Puebla | Fotograf\u00edas @MaraGlez_BTR \/ Manuel Vela @Mv_ManuelVela para Mv Fotograf\u00eda Profesional www.pueblaexpres.com\" href=\"https:\/\/www.flickr.com\/photos\/manitas\/46226237342\/in\/album-72157674423062127\/\" data-flickr-embed=\"true\"><img loading=\"lazy\" decoding=\"async\" class=\"aligncenter\" src=\"https:\/\/farm5.staticflickr.com\/4833\/46226237342_959dc61660.jpg\" alt=\"IMG_0490 [Espect\u00e1culos] EXCELSO CONCIERTO | Carlos Rivera en Puebla | GUERRA TOUR | Auditorio Metropolitano Puebla | Fotograf\u00edas @MaraGlez_BTR \/ Manuel Vela @Mv_ManuelVela para Mv Fotograf\u00eda Profesional www.pueblaexpres.com\" width=\"500\" height=\"333\" \/><\/a><script async src=\"\/\/embedr.flickr.com\/assets\/client-code.js\" charset=\"utf-8\"><\/script><\/p>\n<p>Dentro del reportorio musical se escuch\u00f3: \u2018Voy a amarte\u2019, \u2018Recu\u00e9rdame\u2019, la cual forma parte del soudtrack de la pel\u00edcula de Disney Pixar \u2018Coco\u2019; \u2018Voy a amarte\u2019 entre otras.<\/p>\n<p>Ya con la emoci\u00f3n a flor de piel y el p\u00fablico totalmente desbordado se escuch\u00f3 \u2018Regr\u00e9same mi coraz\u00f3n\u2019, cuyo video musical fue filmado en locaciones de su natal Tlaxcala y Huamantla, y \u2018Me muero\u2019, \u2018S\u00f3lo t\u00fa\u2019 y \u2018Fascinaci\u00f3n\u2019.<\/p>\n<p><a title=\"IMG_0549 [Espect\u00e1culos] EXCELSO CONCIERTO | Carlos Rivera en Puebla | GUERRA TOUR | Auditorio Metropolitano Puebla | Fotograf\u00edas @MaraGlez_BTR \/ Manuel Vela @Mv_ManuelVela para Mv Fotograf\u00eda Profesional www.pueblaexpres.com\" href=\"https:\/\/www.flickr.com\/photos\/manitas\/44459657250\/in\/album-72157674423062127\/\" data-flickr-embed=\"true\"><img loading=\"lazy\" decoding=\"async\" class=\"aligncenter\" src=\"https:\/\/farm5.staticflickr.com\/4855\/44459657250_8b99117157.jpg\" alt=\"IMG_0549 [Espect\u00e1culos] EXCELSO CONCIERTO | Carlos Rivera en Puebla | GUERRA TOUR | Auditorio Metropolitano Puebla | Fotograf\u00edas @MaraGlez_BTR \/ Manuel Vela @Mv_ManuelVela para Mv Fotograf\u00eda Profesional www.pueblaexpres.com\" width=\"500\" height=\"333\" \/><\/a><script async src=\"\/\/embedr.flickr.com\/assets\/client-code.js\" charset=\"utf-8\"><\/script><\/p>\n<p>Carlos Rivera y Guerra Tour cerr\u00f3 con broche de oro en la entidad, todos los presentes disfrutaron de principio a fin tan magn\u00edfico espect\u00e1culo.<\/p>\n<p>Amigo lector le pedimos contin\u00fae al pendiente de nuestras redes sociales y nuestro portal en la secci\u00f3n ESPECT\u00c1CULOS, ya que en el encontrar\u00e1 los mejores eventos\u2026<\/p>\n<p><a title=\"IMG_0530 [Espect\u00e1culos] EXCELSO CONCIERTO | Carlos Rivera en Puebla | GUERRA TOUR | Auditorio Metropolitano Puebla | Fotograf\u00edas @MaraGlez_BTR \/ Manuel Vela @Mv_ManuelVela para Mv Fotograf\u00eda Profesional www.pueblaexpres.com\" href=\"https:\/\/www.flickr.com\/photos\/manitas\/32404831768\/in\/album-72157674423062127\/\" data-flickr-embed=\"true\"><img loading=\"lazy\" decoding=\"async\" class=\"aligncenter\" src=\"https:\/\/farm5.staticflickr.com\/4843\/32404831768_e9f9b3f910.jpg\" alt=\"IMG_0530 [Espect\u00e1culos] EXCELSO CONCIERTO | Carlos Rivera en Puebla | GUERRA TOUR | Auditorio Metropolitano Puebla | Fotograf\u00edas @MaraGlez_BTR \/ Manuel Vela @Mv_ManuelVela para Mv Fotograf\u00eda Profesional www.pueblaexpres.com\" width=\"500\" height=\"333\" \/><\/a><script async src=\"\/\/embedr.flickr.com\/assets\/client-code.js\" charset=\"utf-8\"><\/script><\/p>\n<p><strong>LA OPINI\u00d3N EXPRESADA EN ESTA COLUMNA ES RESPONSABILIDAD DE QUIEN LA ESCRIBE Y NO BUSCA GENERAR CONFLICTOS ENTRE LOS INVOLUCRADOS, SINO GENERAR CONCIENCIA EN CADA LECTOR.<\/strong><\/p>\n<p>[miniflickr photoset_id=72157674423062127&amp;sortby=date-posted-asc&amp;per_page=19]<\/p>\n","protected":false},"excerpt":{"rendered":"<p>Redacci\u00f3n | Fotograf\u00edas Mara Gonz\u00e1lez @MaraGlez_BTR \/ Manuel Vela @Mv_ManuelVela #PueblaExpres @PueblaExpres El cantante tlaxcalteca Carlos Rivera, catalogado como uno de los m\u00e1ximos representantes de la m\u00fasica mexicana contempor\u00e1nea, se present\u00f3 en la Angel\u00f3polis con su gira actual \u201cGuerra Tour\u201d. El cantante, compositor y actor originario del estado de Tlaxcala se present\u00f3 ante sus fans [&hellip;]<\/p>\n","protected":false},"author":2,"featured_media":9836,"comment_status":"open","ping_status":"open","sticky":false,"template":"","format":"standard","meta":{"footnotes":""},"categories":[8,42,166,79,170,171,1,7],"tags":[],"_links":{"self":[{"href":"https:\/\/pueblaexpres.com\/portal\/index.php?rest_route=\/wp\/v2\/posts\/9835"}],"collection":[{"href":"https:\/\/pueblaexpres.com\/portal\/index.php?rest_route=\/wp\/v2\/posts"}],"about":[{"href":"https:\/\/pueblaexpres.com\/portal\/index.php?rest_route=\/wp\/v2\/types\/post"}],"author":[{"embeddable":true,"href":"https:\/\/pueblaexpres.com\/portal\/index.php?rest_route=\/wp\/v2\/users\/2"}],"replies":[{"embeddable":true,"href":"https:\/\/pueblaexpres.com\/portal\/index.php?rest_route=%2Fwp%2Fv2%2Fcomments&post=9835"}],"version-history":[{"count":1,"href":"https:\/\/pueblaexpres.com\/portal\/index.php?rest_route=\/wp\/v2\/posts\/9835\/revisions"}],"predecessor-version":[{"id":9837,"href":"https:\/\/pueblaexpres.com\/portal\/index.php?rest_route=\/wp\/v2\/posts\/9835\/revisions\/9837"}],"wp:featuredmedia":[{"embeddable":true,"href":"https:\/\/pueblaexpres.com\/portal\/index.php?rest_route=\/wp\/v2\/media\/9836"}],"wp:attachment":[{"href":"https:\/\/pueblaexpres.com\/portal\/index.php?rest_route=%2Fwp%2Fv2%2Fmedia&parent=9835"}],"wp:term":[{"taxonomy":"category","embeddable":true,"href":"https:\/\/pueblaexpres.com\/portal\/index.php?rest_route=%2Fwp%2Fv2%2Fcategories&post=9835"},{"taxonomy":"post_tag","embeddable":true,"href":"https:\/\/pueblaexpres.com\/portal\/index.php?rest_route=%2Fwp%2Fv2%2Ftags&post=9835"}],"curies":[{"name":"wp","href":"https:\/\/api.w.org\/{rel}","templated":true}]}}