{"id":9814,"date":"2018-11-30T21:22:00","date_gmt":"2018-12-01T03:22:00","guid":{"rendered":"https:\/\/pueblaexpres.com\/portal\/?p=9814"},"modified":"2018-11-30T21:22:00","modified_gmt":"2018-12-01T03:22:00","slug":"espectaculos-evento-los-40-puebla-98-7-fm-plaza-la-victoria-centro-civico-cultural-5-de-mayo-zona-de-los-fuertes","status":"publish","type":"post","link":"https:\/\/pueblaexpres.com\/portal\/?p=9814","title":{"rendered":"[Espect\u00e1culos] EVENTO LOS 40 PUEBLA 98.7 FM | Plaza La Victoria | Centro C\u00edvico Cultural 5 de Mayo | Zona de los Fuertes"},"content":{"rendered":"<div name=\"googleone_share_1\" style=\"position:relative;z-index:5;float: right; margin-left: 10px;\"><g:plusone size=\"tall\" count=\"1\" href=\"https:\/\/pueblaexpres.com\/portal\/?p=9814\"><\/g:plusone><\/div><p><a href=\"https:\/\/pueblaexpres.com\/portal\/wp-content\/uploads\/2018\/11\/MVF_0478.jpg\"><img loading=\"lazy\" decoding=\"async\" class=\"wp-image-9815 aligncenter\" src=\"https:\/\/pueblaexpres.com\/portal\/wp-content\/uploads\/2018\/11\/MVF_0478.jpg\" alt=\"\" width=\"500\" height=\"333\" srcset=\"https:\/\/pueblaexpres.com\/portal\/wp-content\/uploads\/2018\/11\/MVF_0478.jpg 800w, https:\/\/pueblaexpres.com\/portal\/wp-content\/uploads\/2018\/11\/MVF_0478-300x200.jpg 300w, https:\/\/pueblaexpres.com\/portal\/wp-content\/uploads\/2018\/11\/MVF_0478-768x512.jpg 768w\" sizes=\"(max-width: 500px) 100vw, 500px\" \/><\/a><\/p>\n<p><strong>Redacci\u00f3n | Fotograf\u00edas Mara Gonz\u00e1lez @MaraGlez_BTR \/ Manuel Vela @Mv_ManuelVela #PueblaExpres @PueblaExpres<\/strong><\/p>\n<p>CONCIERTO LOS 40 PUEBLA 98.7 FM<\/p>\n<p><a title=\"MVF_0011 [Espect\u00e1culos] DJ C\u00e9sar \u201cG\u201d | EVENTO LOS 40 PUEBLA 98.7 FM | Plaza La Victoria Centro C\u00edvico Cultural 5 de Mayo Los Fuertes | Fotograf\u00edas Mara Gonz\u00e1lez \/ Manuel Vela para Mv Fotograf\u00eda Profesional \/ Edici\u00f3n y retoque www.pueblaexpres.com\" href=\"https:\/\/www.flickr.com\/photos\/manitas\/31184036157\/in\/album-72157700928486342\/\" data-flickr-embed=\"true\"><img loading=\"lazy\" decoding=\"async\" class=\"aligncenter\" src=\"https:\/\/farm5.staticflickr.com\/4852\/31184036157_431827b121.jpg\" alt=\"MVF_0011 [Espect\u00e1culos] DJ C\u00e9sar \u201cG\u201d | EVENTO LOS 40 PUEBLA 98.7 FM | Plaza La Victoria Centro C\u00edvico Cultural 5 de Mayo Los Fuertes | Fotograf\u00edas Mara Gonz\u00e1lez \/ Manuel Vela para Mv Fotograf\u00eda Profesional \/ Edici\u00f3n y retoque www.pueblaexpres.com\" width=\"500\" height=\"333\" \/><\/a><script async src=\"\/\/embedr.flickr.com\/assets\/client-code.js\" charset=\"utf-8\"><\/script><\/p>\n<p>El pasado martes 27 de noviembre en la Ciudad de Puebla se llev\u00f3 a cabo por primera vez Evento Los 40 en Puebla en la Plaza de La Victoria en la zona hist\u00f3rica de Los Fuertes de Loreto y Guadalupe, organizado por Tribuna Comunicaci\u00f3n y el Banco de Alimentos.<\/p>\n<p><a title=\"MVF_0061 [Espect\u00e1culos] Ra\u00fal Zepeda | EVENTO LOS 40 PUEBLA 98.7 FM | Plaza La Victoria Centro C\u00edvico Cultural 5 de Mayo Los Fuertes | Fotograf\u00edas Mara Gonz\u00e1lez \/ Manuel Vela para Mv Fotograf\u00eda Profesional \/ Edici\u00f3n y retoque www.pueblaexpres.com\" href=\"https:\/\/www.flickr.com\/photos\/manitas\/31184037357\/in\/album-72157704135490184\/\" data-flickr-embed=\"true\"><img loading=\"lazy\" decoding=\"async\" class=\"aligncenter\" src=\"https:\/\/farm5.staticflickr.com\/4912\/31184037357_e745ace172.jpg\" alt=\"MVF_0061 [Espect\u00e1culos] Ra\u00fal Zepeda | EVENTO LOS 40 PUEBLA 98.7 FM | Plaza La Victoria Centro C\u00edvico Cultural 5 de Mayo Los Fuertes | Fotograf\u00edas Mara Gonz\u00e1lez \/ Manuel Vela para Mv Fotograf\u00eda Profesional \/ Edici\u00f3n y retoque www.pueblaexpres.com\" width=\"500\" height=\"333\" \/><\/a><script async src=\"\/\/embedr.flickr.com\/assets\/client-code.js\" charset=\"utf-8\"><\/script><\/p>\n<p>En el cual los poblanos canjeaban dos kilos de arroz o frijol por sus accesos y desde la una de la tarde, cuando se abrieron las puertas del evento, se dispusieron a escuchar durante diez horas a los grupos y estrellas participantes.<\/p>\n<p><a title=\"MVF_0237 Espect\u00e1culos] Samantha Elizondo | EVENTO LOS 40 PUEBLA 98.7 FM | Plaza La Victoria Centro C\u00edvico Cultural 5 de Mayo Los Fuertes | Fotograf\u00edas Mara Gonz\u00e1lez \/ Manuel Vela para Mv Fotograf\u00eda Profesional \/ Edici\u00f3n y retoque www.pueblaexpres.com\" href=\"https:\/\/www.flickr.com\/photos\/manitas\/32252093548\/in\/album-72157704135503704\/\" data-flickr-embed=\"true\"><img loading=\"lazy\" decoding=\"async\" class=\"aligncenter\" src=\"https:\/\/farm5.staticflickr.com\/4885\/32252093548_2424738ba2.jpg\" alt=\"MVF_0237 Espect\u00e1culos] Samantha Elizondo | EVENTO LOS 40 PUEBLA 98.7 FM | Plaza La Victoria Centro C\u00edvico Cultural 5 de Mayo Los Fuertes | Fotograf\u00edas Mara Gonz\u00e1lez \/ Manuel Vela para Mv Fotograf\u00eda Profesional \/ Edici\u00f3n y retoque www.pueblaexpres.com\" width=\"500\" height=\"333\" \/><\/a><script async src=\"\/\/embedr.flickr.com\/assets\/client-code.js\" charset=\"utf-8\"><\/script><\/p>\n<p>Durante m\u00e1s de seis horas, los locutores animaron y presentaron a cada uno de los artistas invitados.<\/p>\n<p><a title=\"MVF_0606 [Espect\u00e1culos] Rock and Lovers | EVENTO LOS 40 PUEBLA 98.7 FM | Plaza La Victoria Centro C\u00edvico Cultural 5 de Mayo Los Fuertes | Fotograf\u00edas Mara Gonz\u00e1lez \/ Manuel Vela para Mv Fotograf\u00eda Profesional \/ Edici\u00f3n y retoque www.pueblaexpres.com\" href=\"https:\/\/www.flickr.com\/photos\/manitas\/44306981430\/in\/album-72157698298376880\/\" data-flickr-embed=\"true\"><img loading=\"lazy\" decoding=\"async\" class=\"aligncenter\" src=\"https:\/\/farm5.staticflickr.com\/4809\/44306981430_20150ba8dc.jpg\" alt=\"MVF_0606 [Espect\u00e1culos] Rock and Lovers | EVENTO LOS 40 PUEBLA 98.7 FM | Plaza La Victoria Centro C\u00edvico Cultural 5 de Mayo Los Fuertes | Fotograf\u00edas Mara Gonz\u00e1lez \/ Manuel Vela para Mv Fotograf\u00eda Profesional \/ Edici\u00f3n y retoque www.pueblaexpres.com\" width=\"500\" height=\"333\" \/><\/a><script async src=\"\/\/embedr.flickr.com\/assets\/client-code.js\" charset=\"utf-8\"><\/script><\/p>\n<p>El DJ Cesar \u201cG\u201d fue el encargado de inaugurar este gran evento de m\u00fasica Pop, despu\u00e9s aparecieron Ra\u00fal Zepeda y Samantha Elizondo, as\u00ed como Casanova Club.<!--more--><\/p>\n<p><a title=\"MVF_0475 [Espect\u00e1culos] Rock and Lovers | EVENTO LOS 40 PUEBLA 98.7 FM | Plaza La Victoria Centro C\u00edvico Cultural 5 de Mayo Los Fuertes | Fotograf\u00edas Mara Gonz\u00e1lez \/ Manuel Vela para Mv Fotograf\u00eda Profesional \/ Edici\u00f3n y retoque www.pueblaexpres.com\" href=\"https:\/\/www.flickr.com\/photos\/manitas\/32252098188\/in\/album-72157704183346695\/\" data-flickr-embed=\"true\"><img loading=\"lazy\" decoding=\"async\" class=\"aligncenter\" src=\"https:\/\/farm5.staticflickr.com\/4858\/32252098188_092d96454f.jpg\" alt=\"MVF_0475 [Espect\u00e1culos] Rock and Lovers | EVENTO LOS 40 PUEBLA 98.7 FM | Plaza La Victoria Centro C\u00edvico Cultural 5 de Mayo Los Fuertes | Fotograf\u00edas Mara Gonz\u00e1lez \/ Manuel Vela para Mv Fotograf\u00eda Profesional \/ Edici\u00f3n y retoque www.pueblaexpres.com\" width=\"500\" height=\"333\" \/><\/a><script async src=\"\/\/embedr.flickr.com\/assets\/client-code.js\" charset=\"utf-8\"><\/script><\/p>\n<p>M\u00e1s tarde saltaron al escenario Rock and Lovers, Pau Muro y Chucho Rivas.<\/p>\n<p>Posteriormente se escuch\u00f3 \u201cContigo\u201d de la agrupaci\u00f3n Fly The Band, banda de cuatro j\u00f3venes m\u00fasicos que est\u00e1n apostando por una propuesta diferente en el pop mexicano.<\/p>\n<p><a title=\"MVF_0576 [Espect\u00e1culos] Pau Muro | EVENTO LOS 40 PUEBLA 98.7 FM | Plaza La Victoria Centro C\u00edvico Cultural 5 de Mayo Los Fuertes | Fotograf\u00edas Mara Gonz\u00e1lez \/ Manuel Vela para Mv Fotograf\u00eda Profesional \/ Edici\u00f3n y retoque www.pueblaexpres.com\" href=\"https:\/\/www.flickr.com\/photos\/manitas\/31184045817\/in\/album-72157704183367985\/\" data-flickr-embed=\"true\"><img loading=\"lazy\" decoding=\"async\" class=\"aligncenter\" src=\"https:\/\/farm5.staticflickr.com\/4890\/31184045817_df9e9c9f89.jpg\" alt=\"MVF_0576 [Espect\u00e1culos] Pau Muro | EVENTO LOS 40 PUEBLA 98.7 FM | Plaza La Victoria Centro C\u00edvico Cultural 5 de Mayo Los Fuertes | Fotograf\u00edas Mara Gonz\u00e1lez \/ Manuel Vela para Mv Fotograf\u00eda Profesional \/ Edici\u00f3n y retoque www.pueblaexpres.com\" width=\"500\" height=\"333\" \/><\/a><script async src=\"\/\/embedr.flickr.com\/assets\/client-code.js\" charset=\"utf-8\"><\/script><\/p>\n<p>Una de las bandas m\u00e1s aclamadas fue Playa Limbo, grupo musical mexicano de pop con influencias de jazz. Los integrantes son Jass Reyes, \u00c1ngel Baillo, Jorge Corrales y Servando. Quienes hicieron que el p\u00fablico al instante comenzara a bailar al ritmo de la m\u00fasica.<\/p>\n<p><a title=\"MVF_0680 [Espect\u00e1culos] Chucho Rivas | EVENTO LOS 40 PUEBLA 98.7 FM | Plaza La Victoria Centro C\u00edvico Cultural 5 de Mayo Los Fuertes | Fotograf\u00edas Mara Gonz\u00e1lez \/ Manuel Vela para Mv Fotograf\u00eda Profesional \/ Edici\u00f3n y retoque www.pueblaexpres.com\" href=\"https:\/\/www.flickr.com\/photos\/manitas\/46123229401\/in\/album-72157700928594552\/\" data-flickr-embed=\"true\"><img loading=\"lazy\" decoding=\"async\" class=\"aligncenter\" src=\"https:\/\/farm5.staticflickr.com\/4843\/46123229401_a97522694d.jpg\" alt=\"MVF_0680 [Espect\u00e1culos] Chucho Rivas | EVENTO LOS 40 PUEBLA 98.7 FM | Plaza La Victoria Centro C\u00edvico Cultural 5 de Mayo Los Fuertes | Fotograf\u00edas Mara Gonz\u00e1lez \/ Manuel Vela para Mv Fotograf\u00eda Profesional \/ Edici\u00f3n y retoque www.pueblaexpres.com\" width=\"500\" height=\"333\" \/><\/a><script async src=\"\/\/embedr.flickr.com\/assets\/client-code.js\" charset=\"utf-8\"><\/script><\/p>\n<p>Fab90s \u201cFabulosos 90s\u201d el grupo conformado por ex-integrantes de grupos pop noventeros; sus shows han sido reconocidos por la audiencia como un incre\u00edble viaje al pasado.<\/p>\n<p><a title=\"MVF_0898 [Espect\u00e1culos] Fly The Band | EVENTO LOS 40 PUEBLA 98.7 FM | Plaza La Victoria Centro C\u00edvico Cultural 5 de Mayo Los Fuertes | Fotograf\u00edas Mara Gonz\u00e1lez \/ Manuel Vela para Mv Fotograf\u00eda Profesional \/ Edici\u00f3n y retoque www.pueblaexpres.com\" href=\"https:\/\/www.flickr.com\/photos\/manitas\/46123231521\/in\/album-72157698298456390\/\" data-flickr-embed=\"true\"><img loading=\"lazy\" decoding=\"async\" class=\"aligncenter\" src=\"https:\/\/farm5.staticflickr.com\/4855\/46123231521_51ef3467d5.jpg\" alt=\"MVF_0898 [Espect\u00e1culos] Fly The Band | EVENTO LOS 40 PUEBLA 98.7 FM | Plaza La Victoria Centro C\u00edvico Cultural 5 de Mayo Los Fuertes | Fotograf\u00edas Mara Gonz\u00e1lez \/ Manuel Vela para Mv Fotograf\u00eda Profesional \/ Edici\u00f3n y retoque www.pueblaexpres.com\" width=\"500\" height=\"333\" \/><\/a><script async src=\"\/\/embedr.flickr.com\/assets\/client-code.js\" charset=\"utf-8\"><\/script><\/p>\n<p>Durante la presentaci\u00f3n de Juan Solo el escenario se llen\u00f3 de romanticismo con canciones como \u201c\u00c1mame\u201d, \u201cLa Condena\u201d.<\/p>\n<p><a title=\"MVF_0056 [Espect\u00e1culos] Playa Limbo | EVENTO LOS 40 PUEBLA 98.7 FM | Plaza La Victoria Centro C\u00edvico Cultural 5 de Mayo Los Fuertes | Fotograf\u00edas Mara Gonz\u00e1lez \/ Manuel Vela para Mv Fotograf\u00eda Profesional \/ Edici\u00f3n y retoque www.pueblaexpres.com\" href=\"https:\/\/www.flickr.com\/photos\/manitas\/31184052577\/in\/album-72157704183419625\/\" data-flickr-embed=\"true\"><img loading=\"lazy\" decoding=\"async\" class=\"aligncenter\" src=\"https:\/\/farm5.staticflickr.com\/4836\/31184052577_91e7b312bb.jpg\" alt=\"MVF_0056 [Espect\u00e1culos] Playa Limbo | EVENTO LOS 40 PUEBLA 98.7 FM | Plaza La Victoria Centro C\u00edvico Cultural 5 de Mayo Los Fuertes | Fotograf\u00edas Mara Gonz\u00e1lez \/ Manuel Vela para Mv Fotograf\u00eda Profesional \/ Edici\u00f3n y retoque www.pueblaexpres.com\" width=\"500\" height=\"333\" \/><\/a><script async src=\"\/\/embedr.flickr.com\/assets\/client-code.js\" charset=\"utf-8\"><\/script><\/p>\n<p>Los venezolanos Mau y Ricky, creadores del hit \u201cSin pijama\u201d que Natti Natashay Becky G convirtieron en \u00e9xito internacional, hicieron sacudir el cuerpo a los poblanos con su carisma y sus ritmos urbanos.<\/p>\n<p><a title=\"MVF_0330 [Espect\u00e1culos] Fabulosos 90\u00b4s | EVENTO LOS 40 PUEBLA 98.7 FM | Plaza La Victoria Centro C\u00edvico Cultural 5 de Mayo Los Fuertes | Fotograf\u00edas Mara Gonz\u00e1lez \/ Manuel Vela para Mv Fotograf\u00eda Profesional \/ Edici\u00f3n y retoque www.pueblaexpres.com\" href=\"https:\/\/www.flickr.com\/photos\/manitas\/31184053717\/in\/album-72157676228473838\/\" data-flickr-embed=\"true\"><img loading=\"lazy\" decoding=\"async\" class=\"aligncenter\" src=\"https:\/\/farm5.staticflickr.com\/4858\/31184053717_6a827d07eb.jpg\" alt=\"MVF_0330 [Espect\u00e1culos] Fabulosos 90\u00b4s | EVENTO LOS 40 PUEBLA 98.7 FM | Plaza La Victoria Centro C\u00edvico Cultural 5 de Mayo Los Fuertes | Fotograf\u00edas Mara Gonz\u00e1lez \/ Manuel Vela para Mv Fotograf\u00eda Profesional \/ Edici\u00f3n y retoque www.pueblaexpres.com\" width=\"500\" height=\"333\" \/><\/a><script async src=\"\/\/embedr.flickr.com\/assets\/client-code.js\" charset=\"utf-8\"><\/script><\/p>\n<p>La compositora mexicana Mar\u00eda Le\u00f3n subi\u00f3 al escenario, quien con su belleza y talento hizo bailar a chicos y grandes con un popurr\u00ed dedicado a Selena, de qui\u00e9n dijo fan.<\/p>\n<p><a title=\"MVF_0654 [Espect\u00e1culos] Juan SOLO | EVENTO LOS 40 PUEBLA 98.7 FM | Plaza La Victoria Centro C\u00edvico Cultural 5 de Mayo Los Fuertes | Fotograf\u00edas Mara Gonz\u00e1lez \/ Manuel Vela para Mv Fotograf\u00eda Profesional \/ Edici\u00f3n y retoque www.pueblaexpres.com\" href=\"https:\/\/www.flickr.com\/photos\/manitas\/32252120008\/in\/album-72157704135647904\/\" data-flickr-embed=\"true\"><img loading=\"lazy\" decoding=\"async\" class=\"aligncenter\" src=\"https:\/\/farm5.staticflickr.com\/4899\/32252120008_56a62b3859.jpg\" alt=\"MVF_0654 [Espect\u00e1culos] Juan SOLO | EVENTO LOS 40 PUEBLA 98.7 FM | Plaza La Victoria Centro C\u00edvico Cultural 5 de Mayo Los Fuertes | Fotograf\u00edas Mara Gonz\u00e1lez \/ Manuel Vela para Mv Fotograf\u00eda Profesional \/ Edici\u00f3n y retoque www.pueblaexpres.com\" width=\"500\" height=\"333\" \/><\/a><script async src=\"\/\/embedr.flickr.com\/assets\/client-code.js\" charset=\"utf-8\"><\/script><\/p>\n<p>En medio de un incre\u00edble ambiente, el grupo Elefante record\u00f3 sus m\u00e1s grandes \u00e9xitos y de esta manera emocion\u00f3 y enamor\u00f3 a los cientos de poblanos.<\/p>\n<p><a title=\"MVF_0743 [Espect\u00e1culos] Mau Y Ricky | EVENTO LOS 40 PUEBLA 98.7 FM | Plaza La Victoria Centro C\u00edvico Cultural 5 de Mayo Los Fuertes | Fotograf\u00edas Mara Gonz\u00e1lez \/ Manuel Vela para Mv Fotograf\u00eda Profesional \/ Edici\u00f3n y retoque www.pueblaexpres.com\" href=\"https:\/\/www.flickr.com\/photos\/manitas\/45399472144\/in\/album-72157676228514048\/\" data-flickr-embed=\"true\"><img loading=\"lazy\" decoding=\"async\" class=\"aligncenter\" src=\"https:\/\/farm5.staticflickr.com\/4909\/45399472144_7fd17ff37b.jpg\" alt=\"MVF_0743 [Espect\u00e1culos] Mau Y Ricky | EVENTO LOS 40 PUEBLA 98.7 FM | Plaza La Victoria Centro C\u00edvico Cultural 5 de Mayo Los Fuertes | Fotograf\u00edas Mara Gonz\u00e1lez \/ Manuel Vela para Mv Fotograf\u00eda Profesional \/ Edici\u00f3n y retoque www.pueblaexpres.com\" width=\"500\" height=\"333\" \/><\/a><script async src=\"\/\/embedr.flickr.com\/assets\/client-code.js\" charset=\"utf-8\"><\/script><\/p>\n<p>Danna Paola, agradeci\u00f3 tanto apoyo y cari\u00f1o de quienes no pararon de corear sus m\u00e1s grandes \u00e9xitos.<\/p>\n<p><a title=\"MVF_0883 [Espect\u00e1culos] Mar\u00eda Le\u00f3n | EVENTO LOS 40 PUEBLA 98.7 FM | Plaza La Victoria Centro C\u00edvico Cultural 5 de Mayo Los Fuertes | Fotograf\u00edas Mara Gonz\u00e1lez \/ Manuel Vela para Mv Fotograf\u00eda Profesional \/ Edici\u00f3n y retoque www.pueblaexpres.com\" href=\"https:\/\/www.flickr.com\/photos\/manitas\/31184058027\/in\/album-72157700928726892\/\" data-flickr-embed=\"true\"><img loading=\"lazy\" decoding=\"async\" class=\"aligncenter\" src=\"https:\/\/farm5.staticflickr.com\/4803\/31184058027_33051b9876.jpg\" alt=\"MVF_0883 [Espect\u00e1culos] Mar\u00eda Le\u00f3n | EVENTO LOS 40 PUEBLA 98.7 FM | Plaza La Victoria Centro C\u00edvico Cultural 5 de Mayo Los Fuertes | Fotograf\u00edas Mara Gonz\u00e1lez \/ Manuel Vela para Mv Fotograf\u00eda Profesional \/ Edici\u00f3n y retoque www.pueblaexpres.com\" width=\"500\" height=\"333\" \/><\/a><script async src=\"\/\/embedr.flickr.com\/assets\/client-code.js\" charset=\"utf-8\"><\/script><\/p>\n<p>El cantante, bailar\u00edn y actor espa\u00f1ol Abraham Mateo cautiv\u00f3 a ritmo de pop latino y reguet\u00f3n, e hizo entrar en calor a los asistentes del concierto m\u00e1s grande de Puebla.<\/p>\n<p><a title=\"MVF_0043 [Espect\u00e1culos] Elefante | EVENTO LOS 40 PUEBLA 98.7 FM | Plaza La Victoria Centro C\u00edvico Cultural 5 de Mayo Los Fuertes | Fotograf\u00edas Mara Gonz\u00e1lez \/ Manuel Vela para Mv Fotograf\u00eda Profesional \/ Edici\u00f3n y retoque www.pueblaexpres.com\" href=\"https:\/\/www.flickr.com\/photos\/manitas\/46123242341\/in\/album-72157674069199257\/\" data-flickr-embed=\"true\"><img loading=\"lazy\" decoding=\"async\" class=\"aligncenter\" src=\"https:\/\/farm5.staticflickr.com\/4886\/46123242341_85789663bd.jpg\" alt=\"MVF_0043 [Espect\u00e1culos] Elefante | EVENTO LOS 40 PUEBLA 98.7 FM | Plaza La Victoria Centro C\u00edvico Cultural 5 de Mayo Los Fuertes | Fotograf\u00edas Mara Gonz\u00e1lez \/ Manuel Vela para Mv Fotograf\u00eda Profesional \/ Edici\u00f3n y retoque www.pueblaexpres.com\" width=\"500\" height=\"333\" \/><\/a><script async src=\"\/\/embedr.flickr.com\/assets\/client-code.js\" charset=\"utf-8\"><\/script><\/p>\n<p>La gala internacional continu\u00f3 con la presencia de la banda espa\u00f1ola de m\u00fasica pop rock Dvicio, que \u201ca fuego lento\u201d hizo vibrar a sus fans, quienes no pararon de corear sus canciones.<\/p>\n<p><a title=\"MVF_0116 [Espect\u00e1culos] Danna Paola | EVENTO LOS 40 PUEBLA 98.7 FM | Plaza La Victoria Centro C\u00edvico Cultural 5 de Mayo Los Fuertes | Fotograf\u00edas Mara Gonz\u00e1lez \/ Manuel Vela para Mv Fotograf\u00eda Profesional \/ Edici\u00f3n y retoque www.pueblaexpres.com\" href=\"https:\/\/www.flickr.com\/photos\/manitas\/32252133188\/in\/album-72157702694249761\/\" data-flickr-embed=\"true\"><img loading=\"lazy\" decoding=\"async\" class=\"aligncenter\" src=\"https:\/\/farm5.staticflickr.com\/4860\/32252133188_09b596cee4.jpg\" alt=\"MVF_0116 [Espect\u00e1culos] Danna Paola | EVENTO LOS 40 PUEBLA 98.7 FM | Plaza La Victoria Centro C\u00edvico Cultural 5 de Mayo Los Fuertes | Fotograf\u00edas Mara Gonz\u00e1lez \/ Manuel Vela para Mv Fotograf\u00eda Profesional \/ Edici\u00f3n y retoque www.pueblaexpres.com\" width=\"500\" height=\"333\" \/><\/a><script async src=\"\/\/embedr.flickr.com\/assets\/client-code.js\" charset=\"utf-8\"><\/script><\/p>\n<p>La espera para cientos de coders, quienes desde las 10 de la ma\u00f1ana hicieron acto de presencia con la ilusi\u00f3n de ver a sus \u00eddolos juveniles, termin\u00f3 y entre gritos y aplausos, CD9 llen\u00f3 de energ\u00eda el escenario.<\/p>\n<p><a title=\"MVF_0630 [Espect\u00e1culos] CVICIO | EVENTO LOS 40 PUEBLA 98.7 FM | Plaza La Victoria Centro C\u00edvico Cultural 5 de Mayo Los Fuertes | Fotograf\u00edas Mara Gonz\u00e1lez \/ Manuel Vela para Mv Fotograf\u00eda Profesional \/ Edici\u00f3n y retoque www.pueblaexpres.com\" href=\"https:\/\/www.flickr.com\/photos\/manitas\/45399482614\/in\/album-72157704135811954\/\" data-flickr-embed=\"true\"><img loading=\"lazy\" decoding=\"async\" class=\"aligncenter\" src=\"https:\/\/farm5.staticflickr.com\/4815\/45399482614_7f0e126ac3.jpg\" alt=\"MVF_0630 [Espect\u00e1culos] CVICIO | EVENTO LOS 40 PUEBLA 98.7 FM | Plaza La Victoria Centro C\u00edvico Cultural 5 de Mayo Los Fuertes | Fotograf\u00edas Mara Gonz\u00e1lez \/ Manuel Vela para Mv Fotograf\u00eda Profesional \/ Edici\u00f3n y retoque www.pueblaexpres.com\" width=\"500\" height=\"333\" \/><\/a><script async src=\"\/\/embedr.flickr.com\/assets\/client-code.js\" charset=\"utf-8\"><\/script><\/p>\n<p>Para cerrar con broche de oro, Los Claxons, banda regia dos veces nominada al Grammy Latino, hicieron suyo el escenario con su romanticismo en el primer concierto en Puebla de la cadena m\u00e1s importante del pa\u00eds, Los 40, que puede escucharse en la Angel\u00f3polis en el 98.7 FM, as\u00ed como en los40puebla.com.<\/p>\n<p><a title=\"MVF_0185 [Espect\u00e1culos] CD9 | EVENTO LOS 40 PUEBLA 98.7 FM | Plaza La Victoria Centro C\u00edvico Cultural 5 de Mayo Los Fuertes | Fotograf\u00edas Mara Gonz\u00e1lez \/ Manuel Vela para Mv Fotograf\u00eda Profesional \/ Edici\u00f3n y retoque www.pueblaexpres.com\" href=\"https:\/\/www.flickr.com\/photos\/manitas\/32252139698\/in\/album-72157702694314101\/\" data-flickr-embed=\"true\"><img loading=\"lazy\" decoding=\"async\" class=\"aligncenter\" src=\"https:\/\/farm5.staticflickr.com\/4868\/32252139698_e0ae323e8a.jpg\" alt=\"MVF_0185 [Espect\u00e1culos] CD9 | EVENTO LOS 40 PUEBLA 98.7 FM | Plaza La Victoria Centro C\u00edvico Cultural 5 de Mayo Los Fuertes | Fotograf\u00edas Mara Gonz\u00e1lez \/ Manuel Vela para Mv Fotograf\u00eda Profesional \/ Edici\u00f3n y retoque www.pueblaexpres.com\" width=\"500\" height=\"333\" \/><\/a><script async src=\"\/\/embedr.flickr.com\/assets\/client-code.js\" charset=\"utf-8\"><\/script><\/p>\n<p>Amigo lector le pedimos contin\u00fae al pendiente de nuestras redes sociales y nuestro portal en la secci\u00f3n ESPECT\u00c1CULOS, ya que en el encontrar\u00e1 los mejor eventos\u2026<br \/>\n<a title=\"MVF_0388 [Espect\u00e1culos] Los Claxons | EVENTO LOS 40 PUEBLA 98.7 FM | Plaza La Victoria Centro C\u00edvico Cultural 5 de Mayo Los Fuertes | Fotograf\u00edas Mara Gonz\u00e1lez \/ Manuel Vela para Mv Fotograf\u00eda Profesional \/ Edici\u00f3n y retoque www.pueblaexpres.com\" href=\"https:\/\/www.flickr.com\/photos\/manitas\/44307016840\/in\/album-72157702694327261\/\" data-flickr-embed=\"true\"><img loading=\"lazy\" decoding=\"async\" class=\"aligncenter\" src=\"https:\/\/farm5.staticflickr.com\/4841\/44307016840_18dee205fc.jpg\" alt=\"MVF_0388 [Espect\u00e1culos] Los Claxons | EVENTO LOS 40 PUEBLA 98.7 FM | Plaza La Victoria Centro C\u00edvico Cultural 5 de Mayo Los Fuertes | Fotograf\u00edas Mara Gonz\u00e1lez \/ Manuel Vela para Mv Fotograf\u00eda Profesional \/ Edici\u00f3n y retoque www.pueblaexpres.com\" width=\"500\" height=\"333\" \/><\/a><script async src=\"\/\/embedr.flickr.com\/assets\/client-code.js\" charset=\"utf-8\"><\/script><\/p>\n<p><strong>LA OPINI\u00d3N EXPRESADA EN ESTA COLUMNA ES RESPONSABILIDAD DE QUIEN LA ESCRIBE Y NO BUSCA GENERAR CONFLICTOS ENTRE LOS INVOLUCRADOS, SINO GENERAR CONCIENCIA EN CADA LECTOR.<\/strong><\/p>\n<p>[miniflickr photoset_id=72157676228207588&amp;sortby=date-posted-asc&amp;per_page=235]<\/p>\n","protected":false},"excerpt":{"rendered":"<p>Redacci\u00f3n | Fotograf\u00edas Mara Gonz\u00e1lez @MaraGlez_BTR \/ Manuel Vela @Mv_ManuelVela #PueblaExpres @PueblaExpres CONCIERTO LOS 40 PUEBLA 98.7 FM El pasado martes 27 de noviembre en la Ciudad de Puebla se llev\u00f3 a cabo por primera vez Evento Los 40 en Puebla en la Plaza de La Victoria en la zona hist\u00f3rica de Los Fuertes de [&hellip;]<\/p>\n","protected":false},"author":2,"featured_media":9815,"comment_status":"open","ping_status":"open","sticky":false,"template":"","format":"standard","meta":{"footnotes":""},"categories":[8,42,166,170,36,171,1,7],"tags":[],"_links":{"self":[{"href":"https:\/\/pueblaexpres.com\/portal\/index.php?rest_route=\/wp\/v2\/posts\/9814"}],"collection":[{"href":"https:\/\/pueblaexpres.com\/portal\/index.php?rest_route=\/wp\/v2\/posts"}],"about":[{"href":"https:\/\/pueblaexpres.com\/portal\/index.php?rest_route=\/wp\/v2\/types\/post"}],"author":[{"embeddable":true,"href":"https:\/\/pueblaexpres.com\/portal\/index.php?rest_route=\/wp\/v2\/users\/2"}],"replies":[{"embeddable":true,"href":"https:\/\/pueblaexpres.com\/portal\/index.php?rest_route=%2Fwp%2Fv2%2Fcomments&post=9814"}],"version-history":[{"count":1,"href":"https:\/\/pueblaexpres.com\/portal\/index.php?rest_route=\/wp\/v2\/posts\/9814\/revisions"}],"predecessor-version":[{"id":9816,"href":"https:\/\/pueblaexpres.com\/portal\/index.php?rest_route=\/wp\/v2\/posts\/9814\/revisions\/9816"}],"wp:featuredmedia":[{"embeddable":true,"href":"https:\/\/pueblaexpres.com\/portal\/index.php?rest_route=\/wp\/v2\/media\/9815"}],"wp:attachment":[{"href":"https:\/\/pueblaexpres.com\/portal\/index.php?rest_route=%2Fwp%2Fv2%2Fmedia&parent=9814"}],"wp:term":[{"taxonomy":"category","embeddable":true,"href":"https:\/\/pueblaexpres.com\/portal\/index.php?rest_route=%2Fwp%2Fv2%2Fcategories&post=9814"},{"taxonomy":"post_tag","embeddable":true,"href":"https:\/\/pueblaexpres.com\/portal\/index.php?rest_route=%2Fwp%2Fv2%2Ftags&post=9814"}],"curies":[{"name":"wp","href":"https:\/\/api.w.org\/{rel}","templated":true}]}}