{"id":9789,"date":"2018-11-22T20:37:32","date_gmt":"2018-11-23T02:37:32","guid":{"rendered":"https:\/\/pueblaexpres.com\/portal\/?p=9789"},"modified":"2018-11-22T20:37:32","modified_gmt":"2018-11-23T02:37:32","slug":"espectaculos-27-de-noviembre-1500-horas-evento-40-puebla-98-7-fm-plaza-la-victoria-centro-civico-cultural-5-de-mayo-zona-de-los-fuertes","status":"publish","type":"post","link":"https:\/\/pueblaexpres.com\/portal\/?p=9789","title":{"rendered":"[Espect\u00e1culos] 27 de Noviembre \/ 15:00 horas | EVENTO 40 PUEBLA 98.7 FM | Plaza La Victoria | Centro C\u00edvico Cultural 5 de Mayo | Zona de los Fuertes"},"content":{"rendered":"<div name=\"googleone_share_1\" style=\"position:relative;z-index:5;float: right; margin-left: 10px;\"><g:plusone size=\"tall\" count=\"1\" href=\"https:\/\/pueblaexpres.com\/portal\/?p=9789\"><\/g:plusone><\/div><p><a href=\"https:\/\/pueblaexpres.com\/portal\/wp-content\/uploads\/2018\/11\/MVF_0096-800x534.jpg\"><img loading=\"lazy\" decoding=\"async\" class=\"wp-image-9790 aligncenter\" src=\"https:\/\/pueblaexpres.com\/portal\/wp-content\/uploads\/2018\/11\/MVF_0096-800x534.jpg\" alt=\"\" width=\"500\" height=\"334\" srcset=\"https:\/\/pueblaexpres.com\/portal\/wp-content\/uploads\/2018\/11\/MVF_0096-800x534.jpg 800w, https:\/\/pueblaexpres.com\/portal\/wp-content\/uploads\/2018\/11\/MVF_0096-800x534-300x200.jpg 300w, https:\/\/pueblaexpres.com\/portal\/wp-content\/uploads\/2018\/11\/MVF_0096-800x534-768x513.jpg 768w\" sizes=\"(max-width: 500px) 100vw, 500px\" \/><\/a><\/p>\n<p><strong>Redacci\u00f3n | Fotograf\u00edas Mara Gonz\u00e1lez @MaraGlez_BTR \/ Manuel Vela @Mv_ManuelVela #PueblaExpres @PueblaExpres<\/strong><\/p>\n<p>El evento m\u00e1s grande del pop en Puebla llegar\u00e1 el pr\u00f3ximo 27 de noviembre a la ciudad para repetir un concierto con causa, que en coordinaci\u00f3n con el Banco de Alimentos y Tribuna Comunicaci\u00f3n, se realizar\u00e1 para recolectar v\u00edveres que ser\u00e1n entregados a poblanos en situaci\u00f3n de pobreza.<\/p>\n<p><a title=\"MVF_0054 [Espect\u00e1culos] 27 Noviembre 15:00 horas | EVENTO 40 PUEBLA 98.7 FM | Plaza La Victoria Centro C\u00edvico Cultural 5 de Mayo Los Fuertes | Fotograf\u00edas Mara Gonz\u00e1lez \/ Manuel Vela para Mv Fotograf\u00eda Profesional \/ Edici\u00f3n y retoque www.pueblaexpres.com\" href=\"https:\/\/www.flickr.com\/photos\/manitas\/31068453187\/in\/album-72157703838456194\/\" data-flickr-embed=\"true\"><img loading=\"lazy\" decoding=\"async\" class=\"aligncenter\" src=\"https:\/\/farm5.staticflickr.com\/4858\/31068453187_21d67f85ab.jpg\" alt=\"MVF_0054 [Espect\u00e1culos] 27 Noviembre 15:00 horas | EVENTO 40 PUEBLA 98.7 FM | Plaza La Victoria Centro C\u00edvico Cultural 5 de Mayo Los Fuertes | Fotograf\u00edas Mara Gonz\u00e1lez \/ Manuel Vela para Mv Fotograf\u00eda Profesional \/ Edici\u00f3n y retoque www.pueblaexpres.com\" width=\"500\" height=\"334\" \/><\/a><script async src=\"\/\/embedr.flickr.com\/assets\/client-code.js\" charset=\"utf-8\"><\/script><\/p>\n<p>Los 40 es una de las cadenas de radiodifusi\u00f3n musical para j\u00f3venes m\u00e1s importantes de Iberoam\u00e9rica. El pr\u00f3ximo martes se llevar\u00e1 a cabo EL EVENTO 40 PUEBLA 98.7 FM, a partir de las 15:00 horas en la Plaza de la Victoria, en el Centro C\u00edvico Cultural 5 de Mayo en la zona de los Fuertes en la ciudad de Puebla.<\/p>\n<p>El acceso al p\u00fablico estar\u00e1 abierto desde las 13:00 horas, para todos aquellos que deseen llegar temprano y alcanzar el mejor lugar para ver a sus artistas favoritos m\u00e1s cerca que nunca.<\/p>\n<p><a title=\"MVF_0059 [Espect\u00e1culos] 27 Noviembre 15:00 horas | EVENTO 40 PUEBLA 98.7 FM | Plaza La Victoria Centro C\u00edvico Cultural 5 de Mayo Los Fuertes | Fotograf\u00edas Mara Gonz\u00e1lez \/ Manuel Vela para Mv Fotograf\u00eda Profesional \/ Edici\u00f3n y retoque www.pueblaexpres.com\" href=\"https:\/\/www.flickr.com\/photos\/manitas\/45096017955\/in\/album-72157703838456194\/\" data-flickr-embed=\"true\"><img loading=\"lazy\" decoding=\"async\" class=\"aligncenter\" src=\"https:\/\/farm5.staticflickr.com\/4883\/45096017955_bd46791600.jpg\" alt=\"MVF_0059 [Espect\u00e1culos] 27 Noviembre 15:00 horas | EVENTO 40 PUEBLA 98.7 FM | Plaza La Victoria Centro C\u00edvico Cultural 5 de Mayo Los Fuertes | Fotograf\u00edas Mara Gonz\u00e1lez \/ Manuel Vela para Mv Fotograf\u00eda Profesional \/ Edici\u00f3n y retoque www.pueblaexpres.com\" width=\"500\" height=\"334\" \/><\/a><script async src=\"\/\/embedr.flickr.com\/assets\/client-code.js\" charset=\"utf-8\"><\/script><\/p>\n<p>Los boletos se est\u00e1n entregando en diferentes partes de la ciudad, mediante din\u00e1micas con patrocinadores y en los turnos en vivo (radio difusora 98.7 FM) para que las personas puedan estar presentes en este gran evento que reunir\u00e1 a los artistas m\u00e1s exitosos actualmente del mundo del pop.<!--more--><\/p>\n<p>Ana Montero Rosas, directora de ejecutiva de Tribuna Comunicaci\u00f3n, destac\u00f3 que este a\u00f1o para la empresa ha sido muy importante, ya que pudieron sumar a sus filas una de las marcas de radio m\u00e1s importantes a nivel internacional, LOS 40, por lo que vaticina que EL EVENTO 40 trascender\u00e1 como uno de los m\u00e1s importantes del g\u00e9nero pop en la entidad. Agreg\u00f3 que la ayuda recaba ser\u00e1 destinada al Banco de Alimentos de Puebla, para colaborar en el combate a la desnutrici\u00f3n y hambre de poblaciones vulnerables.<\/p>\n<p><a title=\"MVF_5299 [Espect\u00e1culos] 27 Noviembre 15:00 horas | EVENTO 40 PUEBLA 98.7 FM | Plaza La Victoria Centro C\u00edvico Cultural 5 de Mayo Los Fuertes | Fotograf\u00edas Mara Gonz\u00e1lez \/ Manuel Vela para Mv Fotograf\u00eda Profesional \/ Edici\u00f3n y retoque www.pueblaexpres.com\" href=\"https:\/\/www.flickr.com\/photos\/manitas\/45095911545\/in\/album-72157703838456194\/\" data-flickr-embed=\"true\"><img loading=\"lazy\" decoding=\"async\" class=\"aligncenter\" src=\"https:\/\/farm5.staticflickr.com\/4886\/45095911545_1119bdd8b4.jpg\" alt=\"MVF_5299 [Espect\u00e1culos] 27 Noviembre 15:00 horas | EVENTO 40 PUEBLA 98.7 FM | Plaza La Victoria Centro C\u00edvico Cultural 5 de Mayo Los Fuertes | Fotograf\u00edas Mara Gonz\u00e1lez \/ Manuel Vela para Mv Fotograf\u00eda Profesional \/ Edici\u00f3n y retoque www.pueblaexpres.com\" width=\"500\" height=\"334\" \/><\/a><script async src=\"\/\/embedr.flickr.com\/assets\/client-code.js\" charset=\"utf-8\"><\/script><\/p>\n<p>El Evento 40 Puebla 98.7 FM contar\u00e1 con el siguiente elenco<\/p>\n<p><strong>Abraham Mateo<\/strong><br \/>\n<strong>DVICIO<\/strong><br \/>\n<strong>CD9<\/strong><br \/>\n<strong>Los Claxons<\/strong><br \/>\n<strong>Elefante<\/strong><br \/>\n<strong>Playa Limbo<\/strong><br \/>\n<strong>Fly the Band<\/strong><br \/>\n<strong>Fabulosos 90\u2019s<\/strong><br \/>\n<strong>Danna Paola<\/strong><br \/>\n<strong>Pau Muro<\/strong><br \/>\n<strong>Juan Solo<\/strong><br \/>\n<strong>Mau y Ricky<\/strong><br \/>\n<strong>Rock and Lovers<\/strong><br \/>\n<strong>Ra\u00fal Zepeda<\/strong><br \/>\n<strong>Chucho Rivas<\/strong><br \/>\n<strong>DJ C\u00e9sar G<\/strong><br \/>\n<strong>Paty Cant\u00fa<\/strong><\/p>\n<p><a title=\"MVF_5269 [Espect\u00e1culos] 27 Noviembre 15:00 horas | EVENTO 40 PUEBLA 98.7 FM | Plaza La Victoria Centro C\u00edvico Cultural 5 de Mayo Los Fuertes | Fotograf\u00edas Mara Gonz\u00e1lez \/ Manuel Vela para Mv Fotograf\u00eda Profesional \/ Edici\u00f3n y retoque www.pueblaexpres.com\" href=\"https:\/\/www.flickr.com\/photos\/manitas\/45958014192\/in\/album-72157703838456194\/\" data-flickr-embed=\"true\"><img loading=\"lazy\" decoding=\"async\" class=\"aligncenter\" src=\"https:\/\/farm5.staticflickr.com\/4826\/45958014192_8c005f6709.jpg\" alt=\"MVF_5269 [Espect\u00e1culos] 27 Noviembre 15:00 horas | EVENTO 40 PUEBLA 98.7 FM | Plaza La Victoria Centro C\u00edvico Cultural 5 de Mayo Los Fuertes | Fotograf\u00edas Mara Gonz\u00e1lez \/ Manuel Vela para Mv Fotograf\u00eda Profesional \/ Edici\u00f3n y retoque www.pueblaexpres.com\" width=\"500\" height=\"333\" \/><\/a><script async src=\"\/\/embedr.flickr.com\/assets\/client-code.js\" charset=\"utf-8\"><\/script><\/p>\n<p>La cita ser\u00e1 en Plaza de la Victoria, en el Centro C\u00edvico Cultural 5 de Mayo en la zona de los Fuertes en la ciudad de Puebla a las 13:00 horas y ser\u00e1 un evento de 10 horas de m\u00fasica continua.<\/p>\n<p>Amigo lector le pedimos contin\u00fae al pendiente de nuestras redes sociales y nuestro portal en la secci\u00f3n ESPECT\u00c1CULOS, ya que en el encontrar\u00e1 los mejor eventos\u2026<\/p>\n<p><a title=\"MVF_5297 [Espect\u00e1culos] 27 Noviembre 15:00 horas | EVENTO 40 PUEBLA 98.7 FM | Plaza La Victoria Centro C\u00edvico Cultural 5 de Mayo Los Fuertes | Fotograf\u00edas Mara Gonz\u00e1lez \/ Manuel Vela para Mv Fotograf\u00eda Profesional \/ Edici\u00f3n y retoque www.pueblaexpres.com\" href=\"https:\/\/www.flickr.com\/photos\/manitas\/45958014112\/in\/album-72157703838456194\/\" data-flickr-embed=\"true\"><img loading=\"lazy\" decoding=\"async\" class=\"aligncenter\" src=\"https:\/\/farm5.staticflickr.com\/4822\/45958014112_bf010b3147.jpg\" alt=\"MVF_5297 [Espect\u00e1culos] 27 Noviembre 15:00 horas | EVENTO 40 PUEBLA 98.7 FM | Plaza La Victoria Centro C\u00edvico Cultural 5 de Mayo Los Fuertes | Fotograf\u00edas Mara Gonz\u00e1lez \/ Manuel Vela para Mv Fotograf\u00eda Profesional \/ Edici\u00f3n y retoque www.pueblaexpres.com\" width=\"500\" height=\"334\" \/><\/a><script async src=\"\/\/embedr.flickr.com\/assets\/client-code.js\" charset=\"utf-8\"><\/script><\/p>\n<p><strong>LA OPINI\u00d3N EXPRESADA EN ESTA COLUMNA ES RESPONSABILIDAD DE QUIEN LA ESCRIBE Y NO BUSCA GENERAR CONFLICTOS ENTRE LOS INVOLUCRADOS, SINO GENERAR CONCIENCIA EN CADA LECTOR.<\/strong><\/p>\n<p>[miniflickr photoset_id=72157703838456194&amp;sortby=date-posted-asc&amp;per_page=17]<\/p>\n","protected":false},"excerpt":{"rendered":"<p>Redacci\u00f3n | Fotograf\u00edas Mara Gonz\u00e1lez @MaraGlez_BTR \/ Manuel Vela @Mv_ManuelVela #PueblaExpres @PueblaExpres El evento m\u00e1s grande del pop en Puebla llegar\u00e1 el pr\u00f3ximo 27 de noviembre a la ciudad para repetir un concierto con causa, que en coordinaci\u00f3n con el Banco de Alimentos y Tribuna Comunicaci\u00f3n, se realizar\u00e1 para recolectar v\u00edveres que ser\u00e1n entregados a [&hellip;]<\/p>\n","protected":false},"author":2,"featured_media":9790,"comment_status":"open","ping_status":"open","sticky":false,"template":"","format":"standard","meta":{"footnotes":""},"categories":[8,42,166,170,36,171,1,7],"tags":[],"_links":{"self":[{"href":"https:\/\/pueblaexpres.com\/portal\/index.php?rest_route=\/wp\/v2\/posts\/9789"}],"collection":[{"href":"https:\/\/pueblaexpres.com\/portal\/index.php?rest_route=\/wp\/v2\/posts"}],"about":[{"href":"https:\/\/pueblaexpres.com\/portal\/index.php?rest_route=\/wp\/v2\/types\/post"}],"author":[{"embeddable":true,"href":"https:\/\/pueblaexpres.com\/portal\/index.php?rest_route=\/wp\/v2\/users\/2"}],"replies":[{"embeddable":true,"href":"https:\/\/pueblaexpres.com\/portal\/index.php?rest_route=%2Fwp%2Fv2%2Fcomments&post=9789"}],"version-history":[{"count":1,"href":"https:\/\/pueblaexpres.com\/portal\/index.php?rest_route=\/wp\/v2\/posts\/9789\/revisions"}],"predecessor-version":[{"id":9791,"href":"https:\/\/pueblaexpres.com\/portal\/index.php?rest_route=\/wp\/v2\/posts\/9789\/revisions\/9791"}],"wp:featuredmedia":[{"embeddable":true,"href":"https:\/\/pueblaexpres.com\/portal\/index.php?rest_route=\/wp\/v2\/media\/9790"}],"wp:attachment":[{"href":"https:\/\/pueblaexpres.com\/portal\/index.php?rest_route=%2Fwp%2Fv2%2Fmedia&parent=9789"}],"wp:term":[{"taxonomy":"category","embeddable":true,"href":"https:\/\/pueblaexpres.com\/portal\/index.php?rest_route=%2Fwp%2Fv2%2Fcategories&post=9789"},{"taxonomy":"post_tag","embeddable":true,"href":"https:\/\/pueblaexpres.com\/portal\/index.php?rest_route=%2Fwp%2Fv2%2Ftags&post=9789"}],"curies":[{"name":"wp","href":"https:\/\/api.w.org\/{rel}","templated":true}]}}