{"id":9786,"date":"2018-11-19T20:18:26","date_gmt":"2018-11-20T02:18:26","guid":{"rendered":"https:\/\/pueblaexpres.com\/portal\/?p=9786"},"modified":"2018-11-19T20:19:23","modified_gmt":"2018-11-20T02:19:23","slug":"espectaculos-villa-iluminada-17-noviembre-a-06-de-enero-nikolaus-la-leyenda-en-el-centro-de-convenciones-de-atlixco","status":"publish","type":"post","link":"https:\/\/pueblaexpres.com\/portal\/?p=9786","title":{"rendered":"[Espect\u00e1culos] VILLA ILUMINADA | 17 Noviembre a 06 de Enero | NIKOLAUS \u201cLa leyenda\u201d en el Centro de Convenciones de Atlixco"},"content":{"rendered":"<div name=\"googleone_share_1\" style=\"position:relative;z-index:5;float: right; margin-left: 10px;\"><g:plusone size=\"tall\" count=\"1\" href=\"https:\/\/pueblaexpres.com\/portal\/?p=9786\"><\/g:plusone><\/div><p><a href=\"https:\/\/pueblaexpres.com\/portal\/wp-content\/uploads\/2018\/11\/MVF_0079-800x534.jpg\"><img loading=\"lazy\" decoding=\"async\" class=\"wp-image-9787 aligncenter\" src=\"https:\/\/pueblaexpres.com\/portal\/wp-content\/uploads\/2018\/11\/MVF_0079-800x534.jpg\" alt=\"\" width=\"500\" height=\"334\" srcset=\"https:\/\/pueblaexpres.com\/portal\/wp-content\/uploads\/2018\/11\/MVF_0079-800x534.jpg 800w, https:\/\/pueblaexpres.com\/portal\/wp-content\/uploads\/2018\/11\/MVF_0079-800x534-300x200.jpg 300w, https:\/\/pueblaexpres.com\/portal\/wp-content\/uploads\/2018\/11\/MVF_0079-800x534-768x513.jpg 768w\" sizes=\"(max-width: 500px) 100vw, 500px\" \/><\/a><\/p>\n<p><strong>Redacci\u00f3n | Fotograf\u00edas @MaraGlez_BTR \/ @Mv_ManuelVela #PueblaExpres @PueblaExpres<\/strong><\/p>\n<p>Villa Iluminada 2018<\/p>\n<p><a title=\"IMG_0071 [Espect\u00e1culos] VILLA ILUMINADA | 17 Noviembre a 06 de Enero | NIKOLAUS \u201cLa leyenda\u201d en el Centro de Convenciones de Atlixco | Fotograf\u00edas @MaraGlez_BTR \/ @Mv_ManuelVela para Mv Fotograf\u00eda Profesional \/ Edici\u00f3n y retoque www.pueblaexpres.com\" href=\"https:\/\/www.flickr.com\/photos\/manitas\/32092380868\/in\/album-72157703804383435\/\" data-flickr-embed=\"true\"><img loading=\"lazy\" decoding=\"async\" class=\"aligncenter\" src=\"https:\/\/farm5.staticflickr.com\/4875\/32092380868_83eb0ca1a2.jpg\" alt=\"IMG_0071 [Espect\u00e1culos] VILLA ILUMINADA | 17 Noviembre a 06 de Enero | NIKOLAUS \u201cLa leyenda\u201d en el Centro de Convenciones de Atlixco | Fotograf\u00edas @MaraGlez_BTR \/ @Mv_ManuelVela para Mv Fotograf\u00eda Profesional \/ Edici\u00f3n y retoque www.pueblaexpres.com\" width=\"500\" height=\"281\" \/><\/a><script async src=\"\/\/embedr.flickr.com\/assets\/client-code.js\" charset=\"utf-8\"><\/script><\/p>\n<p>La Villa Iluminada es un espect\u00e1culo de luz y color el cual se realiza en Atlixco, Puebla.<\/p>\n<p>Cientos de figuras navide\u00f1as adornando las principales calles de la ciudad, desde el mes de Noviembre m\u00e1s de 500,000 asistentes han estado esperando este gran evento.<\/p>\n<p><a title=\"MVF_0134 [Espect\u00e1culos] VILLA ILUMINADA | 17 Noviembre a 06 de Enero | NIKOLAUS \u201cLa leyenda\u201d en el Centro de Convenciones de Atlixco | Fotograf\u00edas @MaraGlez_BTR \/ @Mv_ManuelVela para Mv Fotograf\u00eda Profesional \/ Edici\u00f3n y retoque www.pueblaexpres.com\" href=\"https:\/\/www.flickr.com\/photos\/manitas\/31024294067\/in\/album-72157703804383435\/\" data-flickr-embed=\"true\"><img loading=\"lazy\" decoding=\"async\" class=\"aligncenter\" src=\"https:\/\/farm5.staticflickr.com\/4858\/31024294067_dc3915302c.jpg\" alt=\"MVF_0134 [Espect\u00e1culos] VILLA ILUMINADA | 17 Noviembre a 06 de Enero | NIKOLAUS \u201cLa leyenda\u201d en el Centro de Convenciones de Atlixco | Fotograf\u00edas @MaraGlez_BTR \/ @Mv_ManuelVela para Mv Fotograf\u00eda Profesional \/ Edici\u00f3n y retoque www.pueblaexpres.com\" width=\"500\" height=\"334\" \/><\/a><script async src=\"\/\/embedr.flickr.com\/assets\/client-code.js\" charset=\"utf-8\"><\/script><\/p>\n<p>Este proyecto comenz\u00f3 en el a\u00f1o 2011 en la entidad y logra transformar este pueblo m\u00e1gico, en una Villa Iluminada que en 45 d\u00edas logra superar el flujo tur\u00edstico de todo un a\u00f1o.<\/p>\n<p>Si nunca has ido a la Villa Iluminada de Atlixco, te est\u00e1s perdiendo de mucho, pues este espect\u00e1culo de luces navide\u00f1as es capaz de emocionar hasta al esp\u00edritu m\u00e1s grinch.<\/p>\n<p><a title=\"MVF_0316 [Espect\u00e1culos] VILLA ILUMINADA | 17 Noviembre a 06 de Enero | NIKOLAUS \u201cLa leyenda\u201d en el Centro de Convenciones de Atlixco | Fotograf\u00edas @MaraGlez_BTR \/ @Mv_ManuelVela para Mv Fotograf\u00eda Profesional \/ Edici\u00f3n y retoque www.pueblaexpres.com\" href=\"https:\/\/www.flickr.com\/photos\/manitas\/45914117282\/in\/album-72157703804383435\/\" data-flickr-embed=\"true\"><img loading=\"lazy\" decoding=\"async\" class=\"aligncenter\" src=\"https:\/\/farm5.staticflickr.com\/4895\/45914117282_cf859229df.jpg\" alt=\"MVF_0316 [Espect\u00e1culos] VILLA ILUMINADA | 17 Noviembre a 06 de Enero | NIKOLAUS \u201cLa leyenda\u201d en el Centro de Convenciones de Atlixco | Fotograf\u00edas @MaraGlez_BTR \/ @Mv_ManuelVela para Mv Fotograf\u00eda Profesional \/ Edici\u00f3n y retoque www.pueblaexpres.com\" width=\"500\" height=\"334\" \/><\/a><script async src=\"\/\/embedr.flickr.com\/assets\/client-code.js\" charset=\"utf-8\"><\/script><\/p>\n<p>Las calles del Pueblo M\u00e1gico de Atlixco son cubiertos por un mont\u00f3n de luces alusivas a los elementos consentidos de la Navidad, desde estrellas, hombres de nieve, \u00e1rboles navide\u00f1os.<!--more--><\/p>\n<p>Adem\u00e1s de las luces navide\u00f1as, hay diversas actividades art\u00edsticas, culturales, deportivas, stands de flores, artesan\u00edas y venta de art\u00edculos navide\u00f1os.<\/p>\n<p><a title=\"MVF_0045 [Espect\u00e1culos] VILLA ILUMINADA | 17 Noviembre a 06 de Enero | NIKOLAUS \u201cLa leyenda\u201d en el Centro de Convenciones de Atlixco | Fotograf\u00edas @MaraGlez_BTR \/ @Mv_ManuelVela para Mv Fotograf\u00eda Profesional \/ Edici\u00f3n y retoque www.pueblaexpres.com\" href=\"https:\/\/www.flickr.com\/photos\/manitas\/31024295647\/in\/album-72157703804383435\/\" data-flickr-embed=\"true\"><img loading=\"lazy\" decoding=\"async\" class=\"aligncenter\" src=\"https:\/\/farm5.staticflickr.com\/4854\/31024295647_2f56ca5ab6.jpg\" alt=\"MVF_0045 [Espect\u00e1culos] VILLA ILUMINADA | 17 Noviembre a 06 de Enero | NIKOLAUS \u201cLa leyenda\u201d en el Centro de Convenciones de Atlixco | Fotograf\u00edas @MaraGlez_BTR \/ @Mv_ManuelVela para Mv Fotograf\u00eda Profesional \/ Edici\u00f3n y retoque www.pueblaexpres.com\" width=\"500\" height=\"334\" \/><\/a><script async src=\"\/\/embedr.flickr.com\/assets\/client-code.js\" charset=\"utf-8\"><\/script><\/p>\n<p>Este a\u00f1o habr\u00e1 un espect\u00e1culo especial inspirado en la leyenda de Nikolaus, acerca del origen de Santa Claus, este se llevar\u00e1 a cabo en el Centro de Convenciones de Atlixco y costar\u00e1 entre $110 a $165, del 17 de noviembre al 6 de enero.<\/p>\n<p>Tambi\u00e9n habr\u00e1 una Casa de las Galletas, un Pabell\u00f3n Gastron\u00f3mico, un bar, una casa de las burbujas y una feria de nochebuenas.<\/p>\n<p><a title=\"MVF_0985 [Espect\u00e1culos] VILLA ILUMINADA | 17 Noviembre a 06 de Enero | NIKOLAUS \u201cLa leyenda\u201d en el Centro de Convenciones de Atlixco | Fotograf\u00edas @MaraGlez_BTR \/ @Mv_ManuelVela para Mv Fotograf\u00eda Profesional \/ Edici\u00f3n y retoque www.pueblaexpres.com\" href=\"https:\/\/www.flickr.com\/photos\/manitas\/45914116752\/in\/album-72157703804383435\/\" data-flickr-embed=\"true\"><img loading=\"lazy\" decoding=\"async\" class=\"aligncenter\" src=\"https:\/\/farm5.staticflickr.com\/4851\/45914116752_604bf4217d.jpg\" alt=\"MVF_0985 [Espect\u00e1culos] VILLA ILUMINADA | 17 Noviembre a 06 de Enero | NIKOLAUS \u201cLa leyenda\u201d en el Centro de Convenciones de Atlixco | Fotograf\u00edas @MaraGlez_BTR \/ @Mv_ManuelVela para Mv Fotograf\u00eda Profesional \/ Edici\u00f3n y retoque www.pueblaexpres.com\" width=\"500\" height=\"334\" \/><\/a><script async src=\"\/\/embedr.flickr.com\/assets\/client-code.js\" charset=\"utf-8\"><\/script><\/p>\n<p>Amigo lector le pedimos contin\u00fae al pendiente de nuestras redes sociales y nuestro portal en la secci\u00f3n ESPECT\u00c1CULOS, ya que en el encontrar\u00e1 los mejor eventos\u2026<\/p>\n<p><strong>LA OPINI\u00d3N EXPRESADA EN ESTA COLUMNA ES RESPONSABILIDAD DE QUIEN LA ESCRIBE Y NO BUSCA GENERAR CONFLICTOS ENTRE LOS INVOLUCRADOS, SI NO GENERAR CONCIENCIA EN CADA LECTOR.<\/strong><\/p>\n<p>[miniflickr photoset_id=72157703804383435&amp;sortby=date-posted-asc&amp;per_page=18]<\/p>\n<p>&nbsp;<\/p>\n","protected":false},"excerpt":{"rendered":"<p>Redacci\u00f3n | Fotograf\u00edas @MaraGlez_BTR \/ @Mv_ManuelVela #PueblaExpres @PueblaExpres Villa Iluminada 2018 La Villa Iluminada es un espect\u00e1culo de luz y color el cual se realiza en Atlixco, Puebla. Cientos de figuras navide\u00f1as adornando las principales calles de la ciudad, desde el mes de Noviembre m\u00e1s de 500,000 asistentes han estado esperando este gran evento. Este [&hellip;]<\/p>\n","protected":false},"author":2,"featured_media":9787,"comment_status":"open","ping_status":"open","sticky":false,"template":"","format":"standard","meta":{"footnotes":""},"categories":[8,42,166,170,36,171,1,7],"tags":[],"_links":{"self":[{"href":"https:\/\/pueblaexpres.com\/portal\/index.php?rest_route=\/wp\/v2\/posts\/9786"}],"collection":[{"href":"https:\/\/pueblaexpres.com\/portal\/index.php?rest_route=\/wp\/v2\/posts"}],"about":[{"href":"https:\/\/pueblaexpres.com\/portal\/index.php?rest_route=\/wp\/v2\/types\/post"}],"author":[{"embeddable":true,"href":"https:\/\/pueblaexpres.com\/portal\/index.php?rest_route=\/wp\/v2\/users\/2"}],"replies":[{"embeddable":true,"href":"https:\/\/pueblaexpres.com\/portal\/index.php?rest_route=%2Fwp%2Fv2%2Fcomments&post=9786"}],"version-history":[{"count":1,"href":"https:\/\/pueblaexpres.com\/portal\/index.php?rest_route=\/wp\/v2\/posts\/9786\/revisions"}],"predecessor-version":[{"id":9788,"href":"https:\/\/pueblaexpres.com\/portal\/index.php?rest_route=\/wp\/v2\/posts\/9786\/revisions\/9788"}],"wp:featuredmedia":[{"embeddable":true,"href":"https:\/\/pueblaexpres.com\/portal\/index.php?rest_route=\/wp\/v2\/media\/9787"}],"wp:attachment":[{"href":"https:\/\/pueblaexpres.com\/portal\/index.php?rest_route=%2Fwp%2Fv2%2Fmedia&parent=9786"}],"wp:term":[{"taxonomy":"category","embeddable":true,"href":"https:\/\/pueblaexpres.com\/portal\/index.php?rest_route=%2Fwp%2Fv2%2Fcategories&post=9786"},{"taxonomy":"post_tag","embeddable":true,"href":"https:\/\/pueblaexpres.com\/portal\/index.php?rest_route=%2Fwp%2Fv2%2Ftags&post=9786"}],"curies":[{"name":"wp","href":"https:\/\/api.w.org\/{rel}","templated":true}]}}