{"id":9765,"date":"2018-11-11T14:23:57","date_gmt":"2018-11-11T20:23:57","guid":{"rendered":"https:\/\/pueblaexpres.com\/portal\/?p=9765"},"modified":"2018-11-11T14:24:10","modified_gmt":"2018-11-11T20:24:10","slug":"espectaculos-magnifica-presentacion-camila-sin-bandera-4-latidos-tour-acropolis-puebla","status":"publish","type":"post","link":"https:\/\/pueblaexpres.com\/portal\/?p=9765","title":{"rendered":"[Espect\u00e1culos] MAGN\u00cdFICA PRESENTACI\u00d3N | Camila &#038; Sin Bandera | 4 Latidos Tour | Acr\u00f3polis Puebla"},"content":{"rendered":"<div name=\"googleone_share_1\" style=\"position:relative;z-index:5;float: right; margin-left: 10px;\"><g:plusone size=\"tall\" count=\"1\" href=\"https:\/\/pueblaexpres.com\/portal\/?p=9765\"><\/g:plusone><\/div><p><a href=\"https:\/\/pueblaexpres.com\/portal\/wp-content\/uploads\/2018\/11\/IMG_0168-2256x1271-800x451.jpg\"><img loading=\"lazy\" decoding=\"async\" class=\"wp-image-9766 aligncenter\" src=\"https:\/\/pueblaexpres.com\/portal\/wp-content\/uploads\/2018\/11\/IMG_0168-2256x1271-800x451.jpg\" alt=\"\" width=\"502\" height=\"283\" srcset=\"https:\/\/pueblaexpres.com\/portal\/wp-content\/uploads\/2018\/11\/IMG_0168-2256x1271-800x451.jpg 800w, https:\/\/pueblaexpres.com\/portal\/wp-content\/uploads\/2018\/11\/IMG_0168-2256x1271-800x451-300x169.jpg 300w, https:\/\/pueblaexpres.com\/portal\/wp-content\/uploads\/2018\/11\/IMG_0168-2256x1271-800x451-768x433.jpg 768w\" sizes=\"(max-width: 502px) 100vw, 502px\" \/><\/a><\/p>\n<p><strong>Redacci\u00f3n | Fotograf\u00edas @MaraGlez_BTR \/ @Mv_ManuelVela #PueblaExpres @PueblaExpres<\/strong><\/p>\n<p>Despu\u00e9s de una larga ausencia en escenarios mexicanos, CAMILA y SIN BANDERA se presentaron en el Centro de Espect\u00e1culos Acr\u00f3polis de la ciudad de Puebla durante la noche del 10 de Noviembre.<\/p>\n<p><a title=\"IMG_0030 [Espect\u00e1culos] MAGN\u00cdFICA PRESENTACI\u00d3N | Camila &amp; Sin Bandera | 4 Latidos Tour | Acr\u00f3polis Puebla Fotograf\u00edas @MaraGlez_BTR \/ @Mv_ManuelVela #PueblaExpres @PueblaExpres para Mv Fotograf\u00eda Profesional \/ Edici\u00f3n y retoque www.pueblaexpres.com\" href=\"https:\/\/www.flickr.com\/photos\/manitas\/31961613528\/in\/album-72157703374684834\/\" data-flickr-embed=\"true\"><img loading=\"lazy\" decoding=\"async\" class=\"aligncenter\" src=\"https:\/\/farm5.staticflickr.com\/4855\/31961613528_67594e2107.jpg\" alt=\"IMG_0030 [Espect\u00e1culos] MAGN\u00cdFICA PRESENTACI\u00d3N | Camila &amp; Sin Bandera | 4 Latidos Tour | Acr\u00f3polis Puebla Fotograf\u00edas @MaraGlez_BTR \/ @Mv_ManuelVela #PueblaExpres @PueblaExpres para Mv Fotograf\u00eda Profesional \/ Edici\u00f3n y retoque www.pueblaexpres.com\" width=\"500\" height=\"333\" \/><\/a><script async src=\"\/\/embedr.flickr.com\/assets\/client-code.js\" charset=\"utf-8\"><\/script><\/p>\n<p>Poco despu\u00e9s de las 21 horas, Noel Schajris y Leonel Garc\u00eda ya se encontraban sobre el escenario realizando armon\u00edas como si estuvieran en un estudio de grabaci\u00f3n y as\u00ed dar inicio al espect\u00e1culo.<\/p>\n<p>\u201cDe viaje\u201d, \u201cEntra en mi vida\u201d y \u201cKil\u00f3metros\u201d fueron las elegidas para comenzar la presentaci\u00f3n.<\/p>\n<p><a title=\"IMG_0052 [Espect\u00e1culos] MAGN\u00cdFICA PRESENTACI\u00d3N | Camila &amp; Sin Bandera | 4 Latidos Tour | Acr\u00f3polis Puebla Fotograf\u00edas @MaraGlez_BTR \/ @Mv_ManuelVela #PueblaExpres @PueblaExpres para Mv Fotograf\u00eda Profesional \/ Edici\u00f3n y retoque www.pueblaexpres.com\" href=\"https:\/\/www.flickr.com\/photos\/manitas\/45832346541\/in\/album-72157703374684834\/\" data-flickr-embed=\"true\"><img loading=\"lazy\" decoding=\"async\" class=\"aligncenter\" src=\"https:\/\/farm5.staticflickr.com\/4838\/45832346541_29be3f397e.jpg\" alt=\"IMG_0052 [Espect\u00e1culos] MAGN\u00cdFICA PRESENTACI\u00d3N | Camila &amp; Sin Bandera | 4 Latidos Tour | Acr\u00f3polis Puebla Fotograf\u00edas @MaraGlez_BTR \/ @Mv_ManuelVela #PueblaExpres @PueblaExpres para Mv Fotograf\u00eda Profesional \/ Edici\u00f3n y retoque www.pueblaexpres.com\" width=\"500\" height=\"334\" \/><\/a><script async src=\"\/\/embedr.flickr.com\/assets\/client-code.js\" charset=\"utf-8\"><\/script><\/p>\n<p>Despu\u00e9s hicieron bailar a todos con \u201cJunto a Ti\u201d.<\/p>\n<p>Otros \u00e9xitos como \u201cQue lloro\u201d, \u201cSuelta mi mano\u201d y \u201cSirena\u201d, fueron coreados al un\u00edsono.<\/p>\n<p><a title=\"IMG_0110 [Espect\u00e1culos] MAGN\u00cdFICA PRESENTACI\u00d3N | Camila &amp; Sin Bandera | 4 Latidos Tour | Acr\u00f3polis Puebla Fotograf\u00edas @MaraGlez_BTR \/ @Mv_ManuelVela #PueblaExpres @PueblaExpres para Mv Fotograf\u00eda Profesional \/ Edici\u00f3n y retoque www.pueblaexpres.com\" href=\"https:\/\/www.flickr.com\/photos\/manitas\/45832346451\/in\/album-72157703374684834\/\" data-flickr-embed=\"true\"><img loading=\"lazy\" decoding=\"async\" class=\"aligncenter\" src=\"https:\/\/farm5.staticflickr.com\/4902\/45832346451_e9df317fa2.jpg\" alt=\"IMG_0110 [Espect\u00e1culos] MAGN\u00cdFICA PRESENTACI\u00d3N | Camila &amp; Sin Bandera | 4 Latidos Tour | Acr\u00f3polis Puebla Fotograf\u00edas @MaraGlez_BTR \/ @Mv_ManuelVela #PueblaExpres @PueblaExpres para Mv Fotograf\u00eda Profesional \/ Edici\u00f3n y retoque www.pueblaexpres.com\" width=\"500\" height=\"333\" \/><\/a><script async src=\"\/\/embedr.flickr.com\/assets\/client-code.js\" charset=\"utf-8\"><\/script><\/p>\n<p>Sin previo aviso, despu\u00e9s de \u201cQue me alcance la vida\u201d, entre muchas m\u00e1s.<\/p>\n<p>Se escucharon las primeras notas de \u201cMientes\u201d; fue entonces cuando Camila sali\u00f3 al escenario con Mario Domm en el piano y Pablo Hurtado en la guitarra.<\/p>\n<p><a title=\"IMG_0251 [Espect\u00e1culos] MAGN\u00cdFICA PRESENTACI\u00d3N | Camila &amp; Sin Bandera | 4 Latidos Tour | Acr\u00f3polis Puebla Fotograf\u00edas @MaraGlez_BTR \/ @Mv_ManuelVela #PueblaExpres @PueblaExpres para Mv Fotograf\u00eda Profesional \/ Edici\u00f3n y retoque www.pueblaexpres.com\" href=\"https:\/\/www.flickr.com\/photos\/manitas\/31961613038\/in\/album-72157703374684834\/\" data-flickr-embed=\"true\"><img loading=\"lazy\" decoding=\"async\" class=\"aligncenter\" src=\"https:\/\/farm5.staticflickr.com\/4853\/31961613038_473b918021.jpg\" alt=\"IMG_0251 [Espect\u00e1culos] MAGN\u00cdFICA PRESENTACI\u00d3N | Camila &amp; Sin Bandera | 4 Latidos Tour | Acr\u00f3polis Puebla Fotograf\u00edas @MaraGlez_BTR \/ @Mv_ManuelVela #PueblaExpres @PueblaExpres para Mv Fotograf\u00eda Profesional \/ Edici\u00f3n y retoque www.pueblaexpres.com\" width=\"500\" height=\"334\" \/><\/a><script async src=\"\/\/embedr.flickr.com\/assets\/client-code.js\" charset=\"utf-8\"><\/script><\/p>\n<p>Al terminar \u201cDecidiste dejarme\u201d, ambos expresaron su gratitud ante el p\u00fablico por la paciencia y el enorme cari\u00f1o que les han brindado.<!--more--><\/p>\n<p>\u201cB\u00e9same\u201d, \u201cPerd\u00f3n\u201d, un mix de \u201cRestos de Abril\u201d, \u201cPerderte de nuevo\u201d, \u201cMe da igual\u201d y \u201cMe bast\u00f3\u201d, provocaron que todos se levantaran de sus asientos y encendieran las luces de sus celulares para acompa\u00f1ar a los m\u00fasicos.<\/p>\n<p><a title=\"IMG_0181 [Espect\u00e1culos] MAGN\u00cdFICA PRESENTACI\u00d3N | Camila &amp; Sin Bandera | 4 Latidos Tour | Acr\u00f3polis Puebla Fotograf\u00edas @MaraGlez_BTR \/ @Mv_ManuelVela #PueblaExpres @PueblaExpres para Mv Fotograf\u00eda Profesional \/ Edici\u00f3n y retoque www.pueblaexpres.com\" href=\"https:\/\/www.flickr.com\/photos\/manitas\/45832346231\/in\/album-72157703374684834\/\" data-flickr-embed=\"true\"><img loading=\"lazy\" decoding=\"async\" class=\"aligncenter\" src=\"https:\/\/farm5.staticflickr.com\/4819\/45832346231_5a141bdc84.jpg\" alt=\"IMG_0181 [Espect\u00e1culos] MAGN\u00cdFICA PRESENTACI\u00d3N | Camila &amp; Sin Bandera | 4 Latidos Tour | Acr\u00f3polis Puebla Fotograf\u00edas @MaraGlez_BTR \/ @Mv_ManuelVela #PueblaExpres @PueblaExpres para Mv Fotograf\u00eda Profesional \/ Edici\u00f3n y retoque www.pueblaexpres.com\" width=\"500\" height=\"281\" \/><\/a><script async src=\"\/\/embedr.flickr.com\/assets\/client-code.js\" charset=\"utf-8\"><\/script><\/p>\n<p>Por otro lado, \u201cAl\u00e9jate de m\u00ed\u201d, \u201cColeccionista de canciones\u201d y \u201cSolo para ti\u201d, cerraron la participaci\u00f3n de Camila.<\/p>\n<p>El momento m\u00e1s aplaudido, sin duda, fue cuando ambos duetos se reunieron al fin. \u201cEntra en mi vida\u201d, \u201cAbr\u00e1zame\u201d, \u201cMientes tan bien\u201d y \u201cTodo cambi\u00f3\u201d fueron interpretadas por ambas agrupaciones.<\/p>\n<p><a title=\"IMG_0454 [Espect\u00e1culos] MAGN\u00cdFICA PRESENTACI\u00d3N | Camila &amp; Sin Bandera | 4 Latidos Tour | Acr\u00f3polis Puebla Fotograf\u00edas @MaraGlez_BTR \/ @Mv_ManuelVela #PueblaExpres @PueblaExpres para Mv Fotograf\u00eda Profesional \/ Edici\u00f3n y retoque www.pueblaexpres.com\" href=\"https:\/\/www.flickr.com\/photos\/manitas\/44015739570\/in\/album-72157703374684834\/\" data-flickr-embed=\"true\"><img loading=\"lazy\" decoding=\"async\" class=\"aligncenter\" src=\"https:\/\/farm5.staticflickr.com\/4874\/44015739570_c02b9d3094.jpg\" alt=\"IMG_0454 [Espect\u00e1culos] MAGN\u00cdFICA PRESENTACI\u00d3N | Camila &amp; Sin Bandera | 4 Latidos Tour | Acr\u00f3polis Puebla Fotograf\u00edas @MaraGlez_BTR \/ @Mv_ManuelVela #PueblaExpres @PueblaExpres para Mv Fotograf\u00eda Profesional \/ Edici\u00f3n y retoque www.pueblaexpres.com\" width=\"500\" height=\"334\" \/><\/a><script async src=\"\/\/embedr.flickr.com\/assets\/client-code.js\" charset=\"utf-8\"><\/script><\/p>\n<p>Entre abrazos y sonrisas demostraron la conexi\u00f3n y cercan\u00eda que existe entre ellos, fue justo en ese momento el espect\u00e1culo se torn\u00f3 \u00edntimo tanto para el p\u00fablico como para los m\u00fasicos.<\/p>\n<p>Amigo lector le pedimos contin\u00fae al pendiente de nuestras redes sociales y nuestro portal en la secci\u00f3n ESPECT\u00c1CULOS, ya que en el encontrar\u00e1 los mejor eventos\u2026<\/p>\n<p><a title=\"IMG_0631 [Espect\u00e1culos] MAGN\u00cdFICA PRESENTACI\u00d3N | Camila &amp; Sin Bandera | 4 Latidos Tour | Acr\u00f3polis Puebla Fotograf\u00edas @MaraGlez_BTR \/ @Mv_ManuelVela #PueblaExpres @PueblaExpres para Mv Fotograf\u00eda Profesional \/ Edici\u00f3n y retoque www.pueblaexpres.com\" href=\"https:\/\/www.flickr.com\/photos\/manitas\/44015739310\/in\/album-72157703374684834\/\" data-flickr-embed=\"true\"><img loading=\"lazy\" decoding=\"async\" class=\"aligncenter\" src=\"https:\/\/farm5.staticflickr.com\/4853\/44015739310_82d2fc4991.jpg\" alt=\"IMG_0631 [Espect\u00e1culos] MAGN\u00cdFICA PRESENTACI\u00d3N | Camila &amp; Sin Bandera | 4 Latidos Tour | Acr\u00f3polis Puebla Fotograf\u00edas @MaraGlez_BTR \/ @Mv_ManuelVela #PueblaExpres @PueblaExpres para Mv Fotograf\u00eda Profesional \/ Edici\u00f3n y retoque www.pueblaexpres.com\" width=\"500\" height=\"333\" \/><\/a><script async src=\"\/\/embedr.flickr.com\/assets\/client-code.js\" charset=\"utf-8\"><\/script><\/p>\n<p><strong>LA OPINI\u00d3N EXPRESADA EN ESTA COLUMNA ES RESPONSABILIDAD DE QUIEN LA ESCRIBE Y NO BUSCA GENERAR CONFLICTOS ENTRE LOS INVOLUCRADOS, SI NO GENERAR CONCIENCIA EN CADA LECTOR.<\/strong><\/p>\n<p>[miniflickr photoset_id=72157703374684834&amp;sortby=date-posted-asc&amp;per_page=23]<\/p>\n","protected":false},"excerpt":{"rendered":"<p>Redacci\u00f3n | Fotograf\u00edas @MaraGlez_BTR \/ @Mv_ManuelVela #PueblaExpres @PueblaExpres Despu\u00e9s de una larga ausencia en escenarios mexicanos, CAMILA y SIN BANDERA se presentaron en el Centro de Espect\u00e1culos Acr\u00f3polis de la ciudad de Puebla durante la noche del 10 de Noviembre. Poco despu\u00e9s de las 21 horas, Noel Schajris y Leonel Garc\u00eda ya se encontraban sobre [&hellip;]<\/p>\n","protected":false},"author":2,"featured_media":9767,"comment_status":"open","ping_status":"open","sticky":false,"template":"","format":"standard","meta":{"footnotes":""},"categories":[8,42,166,170,36,171,1,7],"tags":[],"_links":{"self":[{"href":"https:\/\/pueblaexpres.com\/portal\/index.php?rest_route=\/wp\/v2\/posts\/9765"}],"collection":[{"href":"https:\/\/pueblaexpres.com\/portal\/index.php?rest_route=\/wp\/v2\/posts"}],"about":[{"href":"https:\/\/pueblaexpres.com\/portal\/index.php?rest_route=\/wp\/v2\/types\/post"}],"author":[{"embeddable":true,"href":"https:\/\/pueblaexpres.com\/portal\/index.php?rest_route=\/wp\/v2\/users\/2"}],"replies":[{"embeddable":true,"href":"https:\/\/pueblaexpres.com\/portal\/index.php?rest_route=%2Fwp%2Fv2%2Fcomments&post=9765"}],"version-history":[{"count":1,"href":"https:\/\/pueblaexpres.com\/portal\/index.php?rest_route=\/wp\/v2\/posts\/9765\/revisions"}],"predecessor-version":[{"id":9768,"href":"https:\/\/pueblaexpres.com\/portal\/index.php?rest_route=\/wp\/v2\/posts\/9765\/revisions\/9768"}],"wp:featuredmedia":[{"embeddable":true,"href":"https:\/\/pueblaexpres.com\/portal\/index.php?rest_route=\/wp\/v2\/media\/9767"}],"wp:attachment":[{"href":"https:\/\/pueblaexpres.com\/portal\/index.php?rest_route=%2Fwp%2Fv2%2Fmedia&parent=9765"}],"wp:term":[{"taxonomy":"category","embeddable":true,"href":"https:\/\/pueblaexpres.com\/portal\/index.php?rest_route=%2Fwp%2Fv2%2Fcategories&post=9765"},{"taxonomy":"post_tag","embeddable":true,"href":"https:\/\/pueblaexpres.com\/portal\/index.php?rest_route=%2Fwp%2Fv2%2Ftags&post=9765"}],"curies":[{"name":"wp","href":"https:\/\/api.w.org\/{rel}","templated":true}]}}