{"id":9757,"date":"2018-11-10T16:09:05","date_gmt":"2018-11-10T22:09:05","guid":{"rendered":"https:\/\/pueblaexpres.com\/portal\/?p=9757"},"modified":"2018-11-10T16:09:05","modified_gmt":"2018-11-10T22:09:05","slug":"espectaculos-extraordinaria-velada-con-fernando-delgadillo-le-canta-a-puebla-teatro-principal-puebla","status":"publish","type":"post","link":"https:\/\/pueblaexpres.com\/portal\/?p=9757","title":{"rendered":"[Espect\u00e1culos] EXTRAORDINARIA VELADA con Fernando Delgadillo \u201cLe Canta a Puebla\u201d | Teatro Principal Puebla"},"content":{"rendered":"<div name=\"googleone_share_1\" style=\"position:relative;z-index:5;float: right; margin-left: 10px;\"><g:plusone size=\"tall\" count=\"1\" href=\"https:\/\/pueblaexpres.com\/portal\/?p=9757\"><\/g:plusone><\/div><p><a href=\"https:\/\/pueblaexpres.com\/portal\/wp-content\/uploads\/2018\/11\/MVF_4035-2256x1507-800x534.jpg\"><img loading=\"lazy\" decoding=\"async\" class=\"wp-image-9758 aligncenter\" src=\"https:\/\/pueblaexpres.com\/portal\/wp-content\/uploads\/2018\/11\/MVF_4035-2256x1507-800x534.jpg\" alt=\"\" width=\"499\" height=\"333\" srcset=\"https:\/\/pueblaexpres.com\/portal\/wp-content\/uploads\/2018\/11\/MVF_4035-2256x1507-800x534.jpg 800w, https:\/\/pueblaexpres.com\/portal\/wp-content\/uploads\/2018\/11\/MVF_4035-2256x1507-800x534-300x200.jpg 300w, https:\/\/pueblaexpres.com\/portal\/wp-content\/uploads\/2018\/11\/MVF_4035-2256x1507-800x534-768x513.jpg 768w\" sizes=\"(max-width: 499px) 100vw, 499px\" \/><\/a><\/p>\n<p><strong>Redacci\u00f3n | Fotograf\u00edas @MaraGlez_BTR \/ @Mv_ManuelVela #PueblaExpres @PueblaExpres www.pueblaexpres.com<\/strong><\/p>\n<p>La noche de este viernes el teatro principal de la ciudad de Puebla se engalano con la presencia de Fernando Delgadillo m\u00e1xima figura de la denominada &#8220;Canci\u00f3n Informal&#8221;, trova.<\/p>\n<p><a title=\"MVF_3600 [Espect\u00e1culos] PREVIO Manolo Bautista &amp; Pablo Fern\u00e1ndez | EXTRAORDINARIA VELADA con Fernando Delgadillo \u201cLe Canta a Puebla\u201d | Teatro Principal Puebla | Fotograf\u00edas @MaraGlez_BTR \/ @Mv_ManuelVela para www.pueblaexpres.com\" href=\"https:\/\/www.flickr.com\/photos\/manitas\/31945432368\/in\/album-72157701929848441\/\" data-flickr-embed=\"true\"><img loading=\"lazy\" decoding=\"async\" class=\"aligncenter\" src=\"https:\/\/farm5.staticflickr.com\/4844\/31945432368_09ab25444d.jpg\" alt=\"MVF_3600 [Espect\u00e1culos] PREVIO Manolo Bautista &amp; Pablo Fern\u00e1ndez | EXTRAORDINARIA VELADA con Fernando Delgadillo \u201cLe Canta a Puebla\u201d | Teatro Principal Puebla | Fotograf\u00edas @MaraGlez_BTR \/ @Mv_ManuelVela para www.pueblaexpres.com\" width=\"500\" height=\"334\" \/><\/a><script async src=\"\/\/embedr.flickr.com\/assets\/client-code.js\" charset=\"utf-8\"><\/script><\/p>\n<p><a title=\"MVF_3495 [Espect\u00e1culos] PREVIO Manolo Bautista &amp; Pablo Fern\u00e1ndez | EXTRAORDINARIA VELADA con Fernando Delgadillo \u201cLe Canta a Puebla\u201d | Teatro Principal Puebla | Fotograf\u00edas @MaraGlez_BTR \/ @Mv_ManuelVela para www.pueblaexpres.com\" href=\"https:\/\/www.flickr.com\/photos\/manitas\/31945432588\/in\/album-72157701929848441\/\" data-flickr-embed=\"true\"><img loading=\"lazy\" decoding=\"async\" class=\"aligncenter\" src=\"https:\/\/farm5.staticflickr.com\/4868\/31945432588_f82b6a6cb8.jpg\" alt=\"MVF_3495 [Espect\u00e1culos] PREVIO Manolo Bautista &amp; Pablo Fern\u00e1ndez | EXTRAORDINARIA VELADA con Fernando Delgadillo \u201cLe Canta a Puebla\u201d | Teatro Principal Puebla | Fotograf\u00edas @MaraGlez_BTR \/ @Mv_ManuelVela para www.pueblaexpres.com\" width=\"500\" height=\"334\" \/><\/a><script async src=\"\/\/embedr.flickr.com\/assets\/client-code.js\" charset=\"utf-8\"><\/script><\/p>\n<p>Exponente con m\u00e1s de treinta a\u00f1os de trayectoria.<\/p>\n<p>Previo a su presentaci\u00f3n Manolo Bautista &amp; Pablo Fern\u00e1ndez amenizaron la velada.<\/p>\n<p><a title=\"MVF_3748 [Espect\u00e1culos] PREVIO Luis Antonio Gonz\u00e1lez | EXTRAORDINARIA VELADA con Fernando Delgadillo \u201cLe Canta a Puebla\u201d | Teatro Principal Puebla | Fotograf\u00edas @MaraGlez_BTR \/ @Mv_ManuelVela para www.pueblaexpres.com\" href=\"https:\/\/www.flickr.com\/photos\/manitas\/31945431648\/in\/album-72157701929848441\/\" data-flickr-embed=\"true\"><img loading=\"lazy\" decoding=\"async\" class=\"aligncenter\" src=\"https:\/\/farm5.staticflickr.com\/4815\/31945431648_f4c80bfd6b.jpg\" alt=\"MVF_3748 [Espect\u00e1culos] PREVIO Luis Antonio Gonz\u00e1lez | EXTRAORDINARIA VELADA con Fernando Delgadillo \u201cLe Canta a Puebla\u201d | Teatro Principal Puebla | Fotograf\u00edas @MaraGlez_BTR \/ @Mv_ManuelVela para www.pueblaexpres.com\" width=\"500\" height=\"334\" \/><\/a><script async src=\"\/\/embedr.flickr.com\/assets\/client-code.js\" charset=\"utf-8\"><\/script><\/p>\n<p>De igual forma Luis Antonio Gonz\u00e1lez con su peculiar y muy distintivo sello musical lograron deleitar a un p\u00fablico que abarrot\u00f3 el recinto.<\/p>\n<p>Siendo las 10:10 de la noche Fernando Delgadillo apareci\u00f3 en escena y acompa\u00f1ado de sus m\u00fasicos abri\u00f3 el concierto.<!--more--><\/p>\n<p><a title=\"MVF_3842 [Espect\u00e1culos] PREVIO Luis Antonio Gonz\u00e1lez | EXTRAORDINARIA VELADA con Fernando Delgadillo \u201cLe Canta a Puebla\u201d | Teatro Principal Puebla | Fotograf\u00edas @MaraGlez_BTR \/ @Mv_ManuelVela para www.pueblaexpres.com\" href=\"https:\/\/www.flickr.com\/photos\/manitas\/43999665120\/in\/album-72157701929848441\/\" data-flickr-embed=\"true\"><img loading=\"lazy\" decoding=\"async\" class=\"aligncenter\" src=\"https:\/\/farm5.staticflickr.com\/4913\/43999665120_c3bf5c36cd.jpg\" alt=\"MVF_3842 [Espect\u00e1culos] PREVIO Luis Antonio Gonz\u00e1lez | EXTRAORDINARIA VELADA con Fernando Delgadillo \u201cLe Canta a Puebla\u201d | Teatro Principal Puebla | Fotograf\u00edas @MaraGlez_BTR \/ @Mv_ManuelVela para www.pueblaexpres.com\" width=\"500\" height=\"334\" \/><\/a><script async src=\"\/\/embedr.flickr.com\/assets\/client-code.js\" charset=\"utf-8\"><\/script><\/p>\n<p>El p\u00fablico que abarrot\u00f3 el lugar, visiblemente en pareja aguardaban las primeras notas del maestro Delgadillo. Mientras tanto voces de Palco gritaban \u201cc\u00e1sate conmigo\u201d voz varonil \u201cal fin ya se puede\u201d.<\/p>\n<p>Los presentes disfrutaron de \u201cSerenata&#8221; y &#8220;Momentos pendientes&#8221;, canciones que Delgadillo interpret\u00f3 con gran sentimiento.<\/p>\n<p><a title=\"MVF_4251 [Espect\u00e1culos] EXTRAORDINARIA VELADA con Fernando Delgadillo \u201cLe Canta a Puebla\u201d | Teatro Principal Puebla | Fotograf\u00edas @MaraGlez_BTR \/ @Mv_ManuelVela para Mv Fotograf\u00eda Profesional \/ Edici\u00f3n y retoque www.pueblaexpres.com\" href=\"https:\/\/www.flickr.com\/photos\/manitas\/43999664030\/in\/album-72157701929848441\/\" data-flickr-embed=\"true\"><img loading=\"lazy\" decoding=\"async\" class=\"aligncenter\" src=\"https:\/\/farm5.staticflickr.com\/4843\/43999664030_2f3acb7284.jpg\" alt=\"MVF_4251 [Espect\u00e1culos] EXTRAORDINARIA VELADA con Fernando Delgadillo \u201cLe Canta a Puebla\u201d | Teatro Principal Puebla | Fotograf\u00edas @MaraGlez_BTR \/ @Mv_ManuelVela para Mv Fotograf\u00eda Profesional \/ Edici\u00f3n y retoque www.pueblaexpres.com\" width=\"500\" height=\"334\" \/><\/a><script async src=\"\/\/embedr.flickr.com\/assets\/client-code.js\" charset=\"utf-8\"><\/script><\/p>\n<p>&#8220;Gitana&#8221; y &#8220;Tu prisa&#8221; tambi\u00e9n sonaron en el recinto contagi\u00e1ndose del ambiente bohemio que provoc\u00f3 el trovador.<\/p>\n<p>Sin lugar a duda una noche que los presente recordar\u00e1n por siempre.<\/p>\n<p><a title=\"MVF_3879 [Espect\u00e1culos] EXTRAORDINARIA VELADA con Fernando Delgadillo \u201cLe Canta a Puebla\u201d | Teatro Principal Puebla | Fotograf\u00edas @MaraGlez_BTR \/ @Mv_ManuelVela para Mv Fotograf\u00eda Profesional \/ Edici\u00f3n y retoque www.pueblaexpres.com\" href=\"https:\/\/www.flickr.com\/photos\/manitas\/31945431448\/in\/album-72157701929848441\/\" data-flickr-embed=\"true\"><img loading=\"lazy\" decoding=\"async\" class=\"aligncenter\" src=\"https:\/\/farm5.staticflickr.com\/4853\/31945431448_4144e9c142.jpg\" alt=\"MVF_3879 [Espect\u00e1culos] EXTRAORDINARIA VELADA con Fernando Delgadillo \u201cLe Canta a Puebla\u201d | Teatro Principal Puebla | Fotograf\u00edas @MaraGlez_BTR \/ @Mv_ManuelVela para Mv Fotograf\u00eda Profesional \/ Edici\u00f3n y retoque www.pueblaexpres.com\" width=\"500\" height=\"334\" \/><\/a><script async src=\"\/\/embedr.flickr.com\/assets\/client-code.js\" charset=\"utf-8\"><\/script><\/p>\n<p>Amigo lector le pedimos contin\u00fae al pendiente de nuestras redes sociales y nuestro portal en la secci\u00f3n ESPECT\u00c1CULOS, ya que en el encontrar\u00e1 los mejor eventos\u2026<\/p>\n<p><strong>LA OPINI\u00d3N EXPRESADA EN ESTA COLUMNA ES RESPONSABILIDAD DE QUIEN LA ESCRIBE Y NO BUSCA GENERAR CONFLICTOS ENTRE LOS INVOLUCRADOS, SI NO GENERAR CONCIENCIA EN CADA LECTOR.<\/strong><\/p>\n<p>[miniflickr photoset_id=72157701929848441&amp;sortby=date-posted-asc&amp;per_page=31]<\/p>\n","protected":false},"excerpt":{"rendered":"<p>Redacci\u00f3n | Fotograf\u00edas @MaraGlez_BTR \/ @Mv_ManuelVela #PueblaExpres @PueblaExpres www.pueblaexpres.com La noche de este viernes el teatro principal de la ciudad de Puebla se engalano con la presencia de Fernando Delgadillo m\u00e1xima figura de la denominada &#8220;Canci\u00f3n Informal&#8221;, trova. Exponente con m\u00e1s de treinta a\u00f1os de trayectoria. Previo a su presentaci\u00f3n Manolo Bautista &amp; Pablo Fern\u00e1ndez [&hellip;]<\/p>\n","protected":false},"author":2,"featured_media":9758,"comment_status":"open","ping_status":"open","sticky":false,"template":"","format":"standard","meta":{"footnotes":""},"categories":[8,42,166,170,36,171,1,7],"tags":[],"_links":{"self":[{"href":"https:\/\/pueblaexpres.com\/portal\/index.php?rest_route=\/wp\/v2\/posts\/9757"}],"collection":[{"href":"https:\/\/pueblaexpres.com\/portal\/index.php?rest_route=\/wp\/v2\/posts"}],"about":[{"href":"https:\/\/pueblaexpres.com\/portal\/index.php?rest_route=\/wp\/v2\/types\/post"}],"author":[{"embeddable":true,"href":"https:\/\/pueblaexpres.com\/portal\/index.php?rest_route=\/wp\/v2\/users\/2"}],"replies":[{"embeddable":true,"href":"https:\/\/pueblaexpres.com\/portal\/index.php?rest_route=%2Fwp%2Fv2%2Fcomments&post=9757"}],"version-history":[{"count":1,"href":"https:\/\/pueblaexpres.com\/portal\/index.php?rest_route=\/wp\/v2\/posts\/9757\/revisions"}],"predecessor-version":[{"id":9759,"href":"https:\/\/pueblaexpres.com\/portal\/index.php?rest_route=\/wp\/v2\/posts\/9757\/revisions\/9759"}],"wp:featuredmedia":[{"embeddable":true,"href":"https:\/\/pueblaexpres.com\/portal\/index.php?rest_route=\/wp\/v2\/media\/9758"}],"wp:attachment":[{"href":"https:\/\/pueblaexpres.com\/portal\/index.php?rest_route=%2Fwp%2Fv2%2Fmedia&parent=9757"}],"wp:term":[{"taxonomy":"category","embeddable":true,"href":"https:\/\/pueblaexpres.com\/portal\/index.php?rest_route=%2Fwp%2Fv2%2Fcategories&post=9757"},{"taxonomy":"post_tag","embeddable":true,"href":"https:\/\/pueblaexpres.com\/portal\/index.php?rest_route=%2Fwp%2Fv2%2Ftags&post=9757"}],"curies":[{"name":"wp","href":"https:\/\/api.w.org\/{rel}","templated":true}]}}