{"id":9737,"date":"2018-11-03T16:54:10","date_gmt":"2018-11-03T22:54:10","guid":{"rendered":"https:\/\/pueblaexpres.com\/portal\/?p=9737"},"modified":"2018-11-03T16:54:46","modified_gmt":"2018-11-03T22:54:46","slug":"ta2018-sub20-j15-liga-club-puebla-vs-club-deportivo-guadalajara-chivas-complejo-deportivo-los-olivos-liga-bancomer-mx","status":"publish","type":"post","link":"https:\/\/pueblaexpres.com\/portal\/?p=9737","title":{"rendered":"[TA2018 \/ SUB20 \/ J15 LIGA] Club Puebla vs Club Deportivo Guadalajara CHIVAS | Complejo Deportivo Los Olivos | Liga Bancomer Mx"},"content":{"rendered":"<div name=\"googleone_share_1\" style=\"position:relative;z-index:5;float: right; margin-left: 10px;\"><g:plusone size=\"tall\" count=\"1\" href=\"https:\/\/pueblaexpres.com\/portal\/?p=9737\"><\/g:plusone><\/div><p><a href=\"https:\/\/pueblaexpres.com\/portal\/wp-content\/uploads\/2018\/11\/IMGL0832-2256x1505-800x534.jpg\"><img loading=\"lazy\" decoding=\"async\" class=\"wp-image-9738 aligncenter\" src=\"https:\/\/pueblaexpres.com\/portal\/wp-content\/uploads\/2018\/11\/IMGL0832-2256x1505-800x534.jpg\" alt=\"\" width=\"502\" height=\"335\" srcset=\"https:\/\/pueblaexpres.com\/portal\/wp-content\/uploads\/2018\/11\/IMGL0832-2256x1505-800x534.jpg 800w, https:\/\/pueblaexpres.com\/portal\/wp-content\/uploads\/2018\/11\/IMGL0832-2256x1505-800x534-300x200.jpg 300w, https:\/\/pueblaexpres.com\/portal\/wp-content\/uploads\/2018\/11\/IMGL0832-2256x1505-800x534-768x513.jpg 768w\" sizes=\"(max-width: 502px) 100vw, 502px\" \/><\/a><\/p>\n<p><strong>Redacci\u00f3n | Fotograf\u00edas Mara Gonz\u00e1lez @MaraGlez_BTR \/ Lyz Vega @lyz_vega \/ Sa\u00fal S\u00e1nchez \/ Manuel Vela @Mv_ManuelVela #PueblaExpres @PueblaExpres<\/strong><\/p>\n<p>En el marco de la jornada 15 del Apertura 2018 del Torneo de Fuerzas B\u00e1sicas Sub 20 de la LIGA Bancomer MX<\/p>\n<p><a title=\"IMGL0114 TA2018 \/ SUB20 \/ J15 LIGA | Club Puebla vs Club Deportivo Guadalajara CHIVAS | Complejo Deportivo Los Olivos | Fotograf\u00edas Mara Gonz\u00e1lez \/ Manuel Vela para Mv Fotograf\u00eda Profesional \/ Edici\u00f3n y retoque www.pueblaexpres.com\" href=\"https:\/\/www.flickr.com\/photos\/manitas\/43886082310\/in\/album-72157699920542262\/\" data-flickr-embed=\"true\"><img loading=\"lazy\" decoding=\"async\" class=\"aligncenter\" src=\"https:\/\/farm5.staticflickr.com\/4816\/43886082310_546b08316e.jpg\" alt=\"IMGL0114 TA2018 \/ SUB20 \/ J15 LIGA | Club Puebla vs Club Deportivo Guadalajara CHIVAS | Complejo Deportivo Los Olivos | Fotograf\u00edas Mara Gonz\u00e1lez \/ Manuel Vela para Mv Fotograf\u00eda Profesional \/ Edici\u00f3n y retoque www.pueblaexpres.com\" width=\"500\" height=\"333\" \/><\/a><script async src=\"\/\/embedr.flickr.com\/assets\/client-code.js\" charset=\"utf-8\"><\/script><\/p>\n<p>Partido celebrado en la grama del Complejo Deportivo Los Olivos en la Ciudad de Puebla.<\/p>\n<p>El partido<\/p>\n<p><a title=\"MVF_0424 TA2018 \/ SUB20 \/ J15 LIGA | Club Puebla vs Club Deportivo Guadalajara CHIVAS | Complejo Deportivo Los Olivos | Fotograf\u00edas Mara Gonz\u00e1lez \/ Manuel Vela para Mv Fotograf\u00eda Profesional \/ Edici\u00f3n y retoque www.pueblaexpres.com\" href=\"https:\/\/www.flickr.com\/photos\/manitas\/31831613348\/in\/album-72157699920542262\/\" data-flickr-embed=\"true\"><img loading=\"lazy\" decoding=\"async\" class=\"aligncenter\" src=\"https:\/\/farm2.staticflickr.com\/1976\/31831613348_b6511618cf.jpg\" alt=\"MVF_0424 TA2018 \/ SUB20 \/ J15 LIGA | Club Puebla vs Club Deportivo Guadalajara CHIVAS | Complejo Deportivo Los Olivos | Fotograf\u00edas Mara Gonz\u00e1lez \/ Manuel Vela para Mv Fotograf\u00eda Profesional \/ Edici\u00f3n y retoque www.pueblaexpres.com\" width=\"500\" height=\"334\" \/><\/a><script async src=\"\/\/embedr.flickr.com\/assets\/client-code.js\" charset=\"utf-8\"><\/script><\/p>\n<p>El Club Puebla y El Club Deportivo Guadalajara igualaron a un gol.<\/p>\n<p>El anotador poblano fue Pablo Gonz\u00e1lez al minuto 65.<!--more--><\/p>\n<p><a title=\"MVF_0720 TA2018 \/ SUB20 \/ J15 LIGA | Club Puebla vs Club Deportivo Guadalajara CHIVAS | Complejo Deportivo Los Olivos | Fotograf\u00edas Mara Gonz\u00e1lez \/ Manuel Vela para Mv Fotograf\u00eda Profesional \/ Edici\u00f3n y retoque www.pueblaexpres.com\" href=\"https:\/\/www.flickr.com\/photos\/manitas\/45653128992\/in\/album-72157699920542262\/\" data-flickr-embed=\"true\"><img loading=\"lazy\" decoding=\"async\" class=\"aligncenter\" src=\"https:\/\/farm5.staticflickr.com\/4902\/45653128992_de7e174d83.jpg\" alt=\"MVF_0720 TA2018 \/ SUB20 \/ J15 LIGA | Club Puebla vs Club Deportivo Guadalajara CHIVAS | Complejo Deportivo Los Olivos | Fotograf\u00edas Mara Gonz\u00e1lez \/ Manuel Vela para Mv Fotograf\u00eda Profesional \/ Edici\u00f3n y retoque www.pueblaexpres.com\" width=\"500\" height=\"334\" \/><\/a><script async src=\"\/\/embedr.flickr.com\/assets\/client-code.js\" charset=\"utf-8\"><\/script><\/p>\n<p>Del lado de Chivas lo hizo Alejandro Jara al 52\u2019.<\/p>\n<p>Con este empate, Club Deportivo Guadalajara est\u00e1 en el tercer puesto con 28 puntos. Por otro lado, Club Puebla lleg\u00f3 a las 14 unidades en el catorceavo lugar.<\/p>\n<p><a title=\"IMGL0094 TA2018 \/ SUB20 \/ J15 LIGA | Club Puebla vs Club Deportivo Guadalajara CHIVAS | Complejo Deportivo Los Olivos | Fotograf\u00edas Mara Gonz\u00e1lez \/ Manuel Vela para Mv Fotograf\u00eda Profesional \/ Edici\u00f3n y retoque www.pueblaexpres.com\" href=\"https:\/\/www.flickr.com\/photos\/manitas\/43886082370\/in\/album-72157699920542262\/\" data-flickr-embed=\"true\"><img loading=\"lazy\" decoding=\"async\" class=\"aligncenter\" src=\"https:\/\/farm5.staticflickr.com\/4881\/43886082370_6e6fbd4b90.jpg\" alt=\"IMGL0094 TA2018 \/ SUB20 \/ J15 LIGA | Club Puebla vs Club Deportivo Guadalajara CHIVAS | Complejo Deportivo Los Olivos | Fotograf\u00edas Mara Gonz\u00e1lez \/ Manuel Vela para Mv Fotograf\u00eda Profesional \/ Edici\u00f3n y retoque www.pueblaexpres.com\" width=\"500\" height=\"333\" \/><\/a><script async src=\"\/\/embedr.flickr.com\/assets\/client-code.js\" charset=\"utf-8\"><\/script><\/p>\n<p><strong>LA OPINI\u00d3N EXPRESADA EN ESTA COLUMNA ES RESPONSABILIDAD DE QUIEN LA ESCRIBE Y NO BUSCA GENERAR CONFLICTOS ENTRE LOS INVOLUCRADOS, SINO GENERAR CONCIENCIA EN CADA LECTOR.<\/strong><\/p>\n<p>[miniflickr photoset_id=72157699920542262&amp;sortby=date-posted-asc&amp;per_page=26]<\/p>\n","protected":false},"excerpt":{"rendered":"<p>Redacci\u00f3n | Fotograf\u00edas Mara Gonz\u00e1lez @MaraGlez_BTR \/ Lyz Vega @lyz_vega \/ Sa\u00fal S\u00e1nchez \/ Manuel Vela @Mv_ManuelVela #PueblaExpres @PueblaExpres En el marco de la jornada 15 del Apertura 2018 del Torneo de Fuerzas B\u00e1sicas Sub 20 de la LIGA Bancomer MX Partido celebrado en la grama del Complejo Deportivo Los Olivos en la Ciudad de [&hellip;]<\/p>\n","protected":false},"author":2,"featured_media":9738,"comment_status":"open","ping_status":"open","sticky":false,"template":"","format":"standard","meta":{"footnotes":""},"categories":[8,42,166,13,3,171,1,7],"tags":[],"_links":{"self":[{"href":"https:\/\/pueblaexpres.com\/portal\/index.php?rest_route=\/wp\/v2\/posts\/9737"}],"collection":[{"href":"https:\/\/pueblaexpres.com\/portal\/index.php?rest_route=\/wp\/v2\/posts"}],"about":[{"href":"https:\/\/pueblaexpres.com\/portal\/index.php?rest_route=\/wp\/v2\/types\/post"}],"author":[{"embeddable":true,"href":"https:\/\/pueblaexpres.com\/portal\/index.php?rest_route=\/wp\/v2\/users\/2"}],"replies":[{"embeddable":true,"href":"https:\/\/pueblaexpres.com\/portal\/index.php?rest_route=%2Fwp%2Fv2%2Fcomments&post=9737"}],"version-history":[{"count":1,"href":"https:\/\/pueblaexpres.com\/portal\/index.php?rest_route=\/wp\/v2\/posts\/9737\/revisions"}],"predecessor-version":[{"id":9739,"href":"https:\/\/pueblaexpres.com\/portal\/index.php?rest_route=\/wp\/v2\/posts\/9737\/revisions\/9739"}],"wp:featuredmedia":[{"embeddable":true,"href":"https:\/\/pueblaexpres.com\/portal\/index.php?rest_route=\/wp\/v2\/media\/9738"}],"wp:attachment":[{"href":"https:\/\/pueblaexpres.com\/portal\/index.php?rest_route=%2Fwp%2Fv2%2Fmedia&parent=9737"}],"wp:term":[{"taxonomy":"category","embeddable":true,"href":"https:\/\/pueblaexpres.com\/portal\/index.php?rest_route=%2Fwp%2Fv2%2Fcategories&post=9737"},{"taxonomy":"post_tag","embeddable":true,"href":"https:\/\/pueblaexpres.com\/portal\/index.php?rest_route=%2Fwp%2Fv2%2Ftags&post=9737"}],"curies":[{"name":"wp","href":"https:\/\/api.w.org\/{rel}","templated":true}]}}