{"id":97,"date":"2011-02-16T16:03:39","date_gmt":"2011-02-16T22:03:39","guid":{"rendered":"https:\/\/pueblaexpres.com\/portal\/?p=97"},"modified":"2011-02-16T16:03:39","modified_gmt":"2011-02-16T22:03:39","slug":"aravena-cosio-y-ruiz-esparza-con-lobos-buap","status":"publish","type":"post","link":"https:\/\/pueblaexpres.com\/portal\/?p=97","title":{"rendered":"Aravena, Cos\u00edo y Ruiz Esparza con LOBOS BUAP"},"content":{"rendered":"<div name=\"googleone_share_1\" style=\"position:relative;z-index:5;float: right; margin-left: 10px;\"><g:plusone size=\"tall\" count=\"1\" href=\"https:\/\/pueblaexpres.com\/portal\/?p=97\"><\/g:plusone><\/div><p><a title=\"IMG_0044 \u201cMortero\u201d Aravena, \u201cCaballo\u201d Cos\u00edo y Roberto Ruiz Esparza son presentados con LOBOS BUAP por LAE Manuel Vela by Manuel Vela - MV Fotograf\u00eda Profesional, on Flickr\" href=\"http:\/\/www.flickr.com\/photos\/manitas\/5450265825\/\"><img loading=\"lazy\" decoding=\"async\" class=\"alignleft\" style=\"margin-left: 5px; margin-right: 5px;\" src=\"http:\/\/farm6.static.flickr.com\/5014\/5450265825_de67458295_m.jpg\" alt=\"IMG_0044 \u201cMortero\u201d Aravena, \u201cCaballo\u201d Cos\u00edo y Roberto Ruiz Esparza son presentados con LOBOS BUAP por LAE Manuel Vela\" width=\"240\" height=\"160\" \/><\/a> Jorge \u201cEl Mortero\u201d Aravena est\u00e1 de regreso con los Lobos de la BUAP y ser\u00e1 el encargado de guiar a La Jaur\u00eda por lo que resta del Clausura 2011 en la Liga de Ascenso, con la misi\u00f3n de sumar la mayor cantidad de puntos para iniciar el repunte y as\u00ed pelear el pase a la liguilla que define el medio boleto rumbo a la Primera Divisi\u00f3n.<br \/>\nAcompa\u00f1ado por otro hist\u00f3rico del balompi\u00e9 angelopolitano, Roberto Ruiz Esparza, que fungir\u00e1 como Director Deportivo dentro de la instituci\u00f3n, el timonel andino fue presentado la ma\u00f1ana del martes por la directiva de los universitarios, que encabezada por el Ingeniero Ren\u00e9 Mar\u00edn, as\u00ed como por Carlos L\u00f3pez Dom\u00ednguez, dieron la bienvenida al entrenador.<br \/>\nToc\u00f3 el turno a Ren\u00e9 Mar\u00edn estrechar en primera instancia la mano de Aravena Plaza, al que le dese\u00f3 la mejor de las suertes tal y como cuando dirigi\u00f3 a la escuadra durante las temporadas Apertura 2007 y Clausura 2008, en espera de repetir la f\u00f3rmula que dio satisfacciones como lo fue la primera clasificaci\u00f3n de la franquicia a la \u201cfiesta grande\u201d.<br \/>\nRevel\u00f3 que para el choque que este mi\u00e9rcoles habr\u00e1 de enfrentar en la cancha del estadio Cuauht\u00e9moc ante los Reboceros de La Piedad, dirigir\u00e1 el encuentro desde la tribuna para hacer lo propio en el terreno de acci\u00f3n a partir de la Jornada 8 ante los Indios de Ciudad Ju\u00e1rez en la ciudad fronteriza.<br \/>\nCabe destacar que en esta ocasi\u00f3n su auxiliar t\u00e9cnico ser\u00e1 otro ex jugador Camotero, Guillermo \u201cEl Caballo\u201d Cos\u00edo, que en el pasado tuvo bajo su mando a la escuadra de la Tercera Divisi\u00f3n de Lobos, por lo que conoce a la perfecci\u00f3n lo que significa trabajar en la organizaci\u00f3n estudiantil.<\/p>\n<p>[miniflickr photoset_id=72157626066394816&amp;sortby=date-posted-asc&amp;per_page=10]<\/p>\n<p><a href=\"http:\/\/www.flickr.com\/photos\/manitas\/sets\/72157626066394816\/\">ver mas fotos de Aravena, Cos\u00edo y Ruiz Esparza con LOBOS BUAP<\/a><\/p>\n","protected":false},"excerpt":{"rendered":"<p>Jorge \u201cEl Mortero\u201d Aravena est\u00e1 de regreso con los Lobos de la BUAP y ser\u00e1 el encargado de guiar a La Jaur\u00eda por lo que resta del Clausura 2011 en la Liga de Ascenso, con la misi\u00f3n de sumar la mayor cantidad de puntos para iniciar el repunte y as\u00ed pelear el pase a la [&hellip;]<\/p>\n","protected":false},"author":1,"featured_media":0,"comment_status":"open","ping_status":"open","sticky":false,"template":"","format":"standard","meta":{"footnotes":""},"categories":[3],"tags":[],"_links":{"self":[{"href":"https:\/\/pueblaexpres.com\/portal\/index.php?rest_route=\/wp\/v2\/posts\/97"}],"collection":[{"href":"https:\/\/pueblaexpres.com\/portal\/index.php?rest_route=\/wp\/v2\/posts"}],"about":[{"href":"https:\/\/pueblaexpres.com\/portal\/index.php?rest_route=\/wp\/v2\/types\/post"}],"author":[{"embeddable":true,"href":"https:\/\/pueblaexpres.com\/portal\/index.php?rest_route=\/wp\/v2\/users\/1"}],"replies":[{"embeddable":true,"href":"https:\/\/pueblaexpres.com\/portal\/index.php?rest_route=%2Fwp%2Fv2%2Fcomments&post=97"}],"version-history":[{"count":2,"href":"https:\/\/pueblaexpres.com\/portal\/index.php?rest_route=\/wp\/v2\/posts\/97\/revisions"}],"predecessor-version":[{"id":99,"href":"https:\/\/pueblaexpres.com\/portal\/index.php?rest_route=\/wp\/v2\/posts\/97\/revisions\/99"}],"wp:attachment":[{"href":"https:\/\/pueblaexpres.com\/portal\/index.php?rest_route=%2Fwp%2Fv2%2Fmedia&parent=97"}],"wp:term":[{"taxonomy":"category","embeddable":true,"href":"https:\/\/pueblaexpres.com\/portal\/index.php?rest_route=%2Fwp%2Fv2%2Fcategories&post=97"},{"taxonomy":"post_tag","embeddable":true,"href":"https:\/\/pueblaexpres.com\/portal\/index.php?rest_route=%2Fwp%2Fv2%2Ftags&post=97"}],"curies":[{"name":"wp","href":"https:\/\/api.w.org\/{rel}","templated":true}]}}