{"id":9697,"date":"2018-08-14T17:53:18","date_gmt":"2018-08-14T23:53:18","guid":{"rendered":"https:\/\/pueblaexpres.com\/portal\/?p=9697"},"modified":"2018-10-26T17:58:01","modified_gmt":"2018-10-26T23:58:01","slug":"espectaculos-3ra-edicion-festival-catrina-8-de-diciembre-san-andres-cholula-puebla","status":"publish","type":"post","link":"https:\/\/pueblaexpres.com\/portal\/?p=9697","title":{"rendered":"[Espect\u00e1culos] 3ra Edici\u00f3n | Festival CATRINA | 8 de DICIEMBRE | San Andr\u00e9s Cholula, Puebla"},"content":{"rendered":"<div name=\"googleone_share_1\" style=\"position:relative;z-index:5;float: right; margin-left: 10px;\"><g:plusone size=\"tall\" count=\"1\" href=\"https:\/\/pueblaexpres.com\/portal\/?p=9697\"><\/g:plusone><\/div><p><a href=\"https:\/\/pueblaexpres.com\/portal\/wp-content\/uploads\/2018\/10\/Festival-Catrina-4.jpg\"><img loading=\"lazy\" decoding=\"async\" class=\"wp-image-9698 aligncenter\" src=\"https:\/\/pueblaexpres.com\/portal\/wp-content\/uploads\/2018\/10\/Festival-Catrina-4.jpg\" alt=\"\" width=\"500\" height=\"500\" srcset=\"https:\/\/pueblaexpres.com\/portal\/wp-content\/uploads\/2018\/10\/Festival-Catrina-4.jpg 800w, https:\/\/pueblaexpres.com\/portal\/wp-content\/uploads\/2018\/10\/Festival-Catrina-4-150x150.jpg 150w, https:\/\/pueblaexpres.com\/portal\/wp-content\/uploads\/2018\/10\/Festival-Catrina-4-300x300.jpg 300w, https:\/\/pueblaexpres.com\/portal\/wp-content\/uploads\/2018\/10\/Festival-Catrina-4-768x768.jpg 768w\" sizes=\"(max-width: 500px) 100vw, 500px\" \/><\/a><\/p>\n<p><strong>Redacci\u00f3n | Fotograf\u00edas Cortes\u00eda @PueblaExpres #PueblaExpres<\/strong><\/p>\n<p>3ra Edici\u00f3n Festival Catrina 2018<\/p>\n<p>El 8 de Diciembre se llevar\u00e1 a cabo el festival m\u00e1s grande de Puebla, llamado as\u00ed por los organizadores y que por tercera ocasi\u00f3n se celebrar\u00e1 en el municipio de Cholula, donde convivir\u00e1n un gran n\u00famero de bandas de rock alternativo, esta vez participan bandas reconocidas como Man\u00e1, Weezer, Caf\u00e9 Tacvba, Die Antwoord, Fobia, Mago de Oz, entre otros.<\/p>\n<p><a href=\"https:\/\/pueblaexpres.com\/portal\/wp-content\/uploads\/2018\/10\/Festival-Catrina-3.jpg\"><img loading=\"lazy\" decoding=\"async\" class=\"wp-image-9693 aligncenter\" src=\"https:\/\/pueblaexpres.com\/portal\/wp-content\/uploads\/2018\/10\/Festival-Catrina-3.jpg\" alt=\"\" width=\"500\" height=\"185\" srcset=\"https:\/\/pueblaexpres.com\/portal\/wp-content\/uploads\/2018\/10\/Festival-Catrina-3.jpg 960w, https:\/\/pueblaexpres.com\/portal\/wp-content\/uploads\/2018\/10\/Festival-Catrina-3-300x111.jpg 300w, https:\/\/pueblaexpres.com\/portal\/wp-content\/uploads\/2018\/10\/Festival-Catrina-3-768x284.jpg 768w\" sizes=\"(max-width: 500px) 100vw, 500px\" \/><\/a><\/p>\n<p>Dicho festival musical es uno de los m\u00e1s coloridos en la escena y fue hecho por los creadores de Machaca Fest de Monterrey con el motivo de la celebraci\u00f3n del D\u00eda de Muertos.<\/p>\n<p>En el Cholula informa el cartel oficial, har\u00e1n Lola Club, C\u00e1llate Mark, Polaris, Sabino, Alice True Colors.<\/p>\n<p>Cabe destacar que los organizadores recomiendan llevar ropa c\u00f3moda, bloqueador, lentes de sol, mochila peque\u00f1a, c\u00e1mara digital, Go pro, identificaci\u00f3n as\u00ed como calzado c\u00f3modo y bolsas de mano.<!--more--><\/p>\n<p><a href=\"https:\/\/pueblaexpres.com\/portal\/wp-content\/uploads\/2018\/10\/Festival-Catrina-2.jpg\"><img loading=\"lazy\" decoding=\"async\" class=\"wp-image-9694 aligncenter\" src=\"https:\/\/pueblaexpres.com\/portal\/wp-content\/uploads\/2018\/10\/Festival-Catrina-2.jpg\" alt=\"\" width=\"377\" height=\"504\" srcset=\"https:\/\/pueblaexpres.com\/portal\/wp-content\/uploads\/2018\/10\/Festival-Catrina-2.jpg 718w, https:\/\/pueblaexpres.com\/portal\/wp-content\/uploads\/2018\/10\/Festival-Catrina-2-224x300.jpg 224w\" sizes=\"(max-width: 377px) 100vw, 377px\" \/><\/a><\/p>\n<p>Ante posibles cambios en el clima pueden entrar con gorra o sombrero, botas de lluvia, chamarra e impermeable y piden no traer c\u00e1maras profesionales, sillas, bicicletas o patinetas, instrumentos musicales, mascotas, termos, envases de vidrio, alimentos ni bebidas.<\/p>\n<p>El evento se realizar\u00e1 en la calle Jard\u00edn la Pir\u00e1mide cerca de la zona arqueol\u00f3gica de Cholula y contar\u00e1 con food trucks, que son camiones que venden comida, interesantes decoraciones de \u00e1rboles navide\u00f1os en forma de la catrina; entre otras diversas atracciones.<\/p>\n<p>Amigo lector le pedimos contin\u00fae al pendiente de nuestras redes sociales y nuestro portal en la secci\u00f3n ESPECT\u00c1CULOS, ya que en \u00e9l encontrar\u00e1 los mejor eventos\u2026<\/p>\n<p><a href=\"https:\/\/pueblaexpres.com\/portal\/wp-content\/uploads\/2018\/10\/Festival-Catrina-3.jpg\"><img loading=\"lazy\" decoding=\"async\" class=\"wp-image-9693 aligncenter\" src=\"https:\/\/pueblaexpres.com\/portal\/wp-content\/uploads\/2018\/10\/Festival-Catrina-3.jpg\" alt=\"\" width=\"500\" height=\"185\" srcset=\"https:\/\/pueblaexpres.com\/portal\/wp-content\/uploads\/2018\/10\/Festival-Catrina-3.jpg 960w, https:\/\/pueblaexpres.com\/portal\/wp-content\/uploads\/2018\/10\/Festival-Catrina-3-300x111.jpg 300w, https:\/\/pueblaexpres.com\/portal\/wp-content\/uploads\/2018\/10\/Festival-Catrina-3-768x284.jpg 768w\" sizes=\"(max-width: 500px) 100vw, 500px\" \/><\/a><\/p>\n<p><strong>LA OPINI\u00d3N EXPRESADA EN ESTA COLUMNA ES RESPONSABILIDAD DE QUIEN LA ESCRIBE Y NO BUSCA GENERAR CONFLICTOS ENTRE LOS INVOLUCRADOS, SI NO GENERAR CONCIENCIA EN CADA LECTOR.<\/strong><\/p>\n","protected":false},"excerpt":{"rendered":"<p>Redacci\u00f3n | Fotograf\u00edas Cortes\u00eda @PueblaExpres #PueblaExpres 3ra Edici\u00f3n Festival Catrina 2018 El 8 de Diciembre se llevar\u00e1 a cabo el festival m\u00e1s grande de Puebla, llamado as\u00ed por los organizadores y que por tercera ocasi\u00f3n se celebrar\u00e1 en el municipio de Cholula, donde convivir\u00e1n un gran n\u00famero de bandas de rock alternativo, esta vez participan [&hellip;]<\/p>\n","protected":false},"author":2,"featured_media":9698,"comment_status":"open","ping_status":"open","sticky":false,"template":"","format":"standard","meta":{"footnotes":""},"categories":[8,42,166,170,36,171,1,7],"tags":[],"_links":{"self":[{"href":"https:\/\/pueblaexpres.com\/portal\/index.php?rest_route=\/wp\/v2\/posts\/9697"}],"collection":[{"href":"https:\/\/pueblaexpres.com\/portal\/index.php?rest_route=\/wp\/v2\/posts"}],"about":[{"href":"https:\/\/pueblaexpres.com\/portal\/index.php?rest_route=\/wp\/v2\/types\/post"}],"author":[{"embeddable":true,"href":"https:\/\/pueblaexpres.com\/portal\/index.php?rest_route=\/wp\/v2\/users\/2"}],"replies":[{"embeddable":true,"href":"https:\/\/pueblaexpres.com\/portal\/index.php?rest_route=%2Fwp%2Fv2%2Fcomments&post=9697"}],"version-history":[{"count":1,"href":"https:\/\/pueblaexpres.com\/portal\/index.php?rest_route=\/wp\/v2\/posts\/9697\/revisions"}],"predecessor-version":[{"id":9699,"href":"https:\/\/pueblaexpres.com\/portal\/index.php?rest_route=\/wp\/v2\/posts\/9697\/revisions\/9699"}],"wp:featuredmedia":[{"embeddable":true,"href":"https:\/\/pueblaexpres.com\/portal\/index.php?rest_route=\/wp\/v2\/media\/9698"}],"wp:attachment":[{"href":"https:\/\/pueblaexpres.com\/portal\/index.php?rest_route=%2Fwp%2Fv2%2Fmedia&parent=9697"}],"wp:term":[{"taxonomy":"category","embeddable":true,"href":"https:\/\/pueblaexpres.com\/portal\/index.php?rest_route=%2Fwp%2Fv2%2Fcategories&post=9697"},{"taxonomy":"post_tag","embeddable":true,"href":"https:\/\/pueblaexpres.com\/portal\/index.php?rest_route=%2Fwp%2Fv2%2Ftags&post=9697"}],"curies":[{"name":"wp","href":"https:\/\/api.w.org\/{rel}","templated":true}]}}