{"id":9496,"date":"2018-08-07T14:10:37","date_gmt":"2018-08-07T20:10:37","guid":{"rendered":"https:\/\/pueblaexpres.com\/portal\/?p=9496"},"modified":"2018-09-10T14:15:10","modified_gmt":"2018-09-10T20:15:10","slug":"espectaculos-27-de-octubre-2000-horas-cd9-cd9-modo-avion-tour-auditorio-metropolitano-puebla","status":"publish","type":"post","link":"https:\/\/pueblaexpres.com\/portal\/?p=9496","title":{"rendered":"[Espect\u00e1culos] 27 de Octubre 20:00 horas | CD9 | CD9 MODO AVI\u00d3N TOUR | Auditorio Metropolitano Puebla"},"content":{"rendered":"<div name=\"googleone_share_1\" style=\"position:relative;z-index:5;float: right; margin-left: 10px;\"><g:plusone size=\"tall\" count=\"1\" href=\"https:\/\/pueblaexpres.com\/portal\/?p=9496\"><\/g:plusone><\/div><p><a href=\"https:\/\/pueblaexpres.com\/portal\/wp-content\/uploads\/2018\/09\/CD9-CARTEL.jpg\"><img loading=\"lazy\" decoding=\"async\" class=\"wp-image-9497 aligncenter\" src=\"https:\/\/pueblaexpres.com\/portal\/wp-content\/uploads\/2018\/09\/CD9-CARTEL-810x1024.jpg\" alt=\"\" width=\"398\" height=\"503\" srcset=\"https:\/\/pueblaexpres.com\/portal\/wp-content\/uploads\/2018\/09\/CD9-CARTEL-810x1024.jpg 810w, https:\/\/pueblaexpres.com\/portal\/wp-content\/uploads\/2018\/09\/CD9-CARTEL-237x300.jpg 237w, https:\/\/pueblaexpres.com\/portal\/wp-content\/uploads\/2018\/09\/CD9-CARTEL-768x971.jpg 768w, https:\/\/pueblaexpres.com\/portal\/wp-content\/uploads\/2018\/09\/CD9-CARTEL.jpg 1012w\" sizes=\"(max-width: 398px) 100vw, 398px\" \/><\/a><br \/>\n<strong>Redacci\u00f3n MINO D&#8217;BLANC | Fotograf\u00edas #PueblaExpres @PueblaExpres<\/strong><\/p>\n<p>EL S\u00c1BADO 27 DE OCTUBRE PUEBLA SE INVADIR\u00c1 NUEVAMENTE DEL FEN\u00d3MENO MUSICAL DE \u201cCD9\u201d.<\/p>\n<p>LA BOY BAND M\u00c1S IMPORTANTE DE LOS \u00daLTIMOS A\u00d1OS EN LA M\u00daSICA EN ESPA\u00d1OL, PRESENTAR\u00c1 SU \u201cCD9 MODO AVI\u00d3N TOUR\u201d EN EL AUDITORIO METROPOLITANO A LAS 20:00 HORAS.<\/p>\n<p>Puebla volver\u00e1 a ser invadida por el fen\u00f3meno de la boy band m\u00e1s importante de la m\u00fasica en espa\u00f1ol en los \u00faltimos tiempos, \u201cCD9\u201d, cuando presenten en el Auditorio Metropolitano su \u201cModo Avi\u00f3n Tour\u201d, el pr\u00f3ximo s\u00e1bado 27 de octubre a las 20:00 horas.<\/p>\n<p><a title=\"IMG_0001 [Espect\u00e1culos] 27 de Octubre 20:00 horas | CD9 | CD9 MODO AVI\u00d3N TOUR | Auditorio Metropolitano | Fotograf\u00edas Mara Gonz\u00e1lez \/ Manuel Vela para Mv Fotograf\u00eda Profesional \/ Edici\u00f3n y retoque www.pueblaexpres.com\" href=\"https:\/\/www.flickr.com\/photos\/manitas\/44602067991\/in\/album-72157699601997001\/\" data-flickr-embed=\"true\"><img loading=\"lazy\" decoding=\"async\" class=\"aligncenter\" src=\"https:\/\/farm2.staticflickr.com\/1864\/44602067991_f21fd79c07.jpg\" alt=\"IMG_0001 [Espect\u00e1culos] 27 de Octubre 20:00 horas | CD9 | CD9 MODO AVI\u00d3N TOUR | Auditorio Metropolitano | Fotograf\u00edas Mara Gonz\u00e1lez \/ Manuel Vela para Mv Fotograf\u00eda Profesional \/ Edici\u00f3n y retoque www.pueblaexpres.com\" width=\"396\" height=\"500\" \/><\/a><script async src=\"\/\/embedr.flickr.com\/assets\/client-code.js\" charset=\"utf-8\"><\/script><\/p>\n<p>Esta gira comenz\u00f3 el viernes 12 de enero del presente a\u00f1o en el emblem\u00e1tico Auditorio Nacional y ha sido la mejor forma para promocionar su m\u00e1s reciente disco titulado \u201c1.0\u201d, que lanzaron el viernes 23 de marzo de este 2018.<\/p>\n<p>Este concierto tan especial para \u201cCD9\u201d, al ser Puebla una de las ciudades que desde la primera vez que la pisaron, tuvieron una gran aceptaci\u00f3n por parte de sus \u201cCoders\u201d (como se nombran todas las fans del grupo) y han registrado llenos totales en cada recinto en el que se han presentado.<!--more--><\/p>\n<p>Para un gran espect\u00e1culo, la m\u00e1s alta vanguardia en escenotecnia: es lo que en cada concierto presenta \u201cCD9\u201d, por lo que adem\u00e1s de que el p\u00fablico coree todos los \u00e9xitos de la reconocida agrupaci\u00f3n, ser\u00e1n testigos de un show con pantallas de LED, lo m\u00e1s avanzado en luces y un impecable audio, como ha sido caracter\u00edstica del grupo en cada lugar en el que se presentan. Adem\u00e1s estar\u00e1n acompa\u00f1ados de sus m\u00fasicos.<\/p>\n<p><a title=\"IMG_0001 [Espect\u00e1culos] 27 de Octubre 20:00 horas | CD9 | CD9 MODO AVI\u00d3N TOUR | Auditorio Metropolitano | Fotograf\u00edas Mara Gonz\u00e1lez \/ Manuel Vela para Mv Fotograf\u00eda Profesional \/ Edici\u00f3n y retoque www.pueblaexpres.com\" href=\"https:\/\/www.flickr.com\/photos\/manitas\/44602067991\/in\/album-72157699601997001\/\" data-flickr-embed=\"true\"><img loading=\"lazy\" decoding=\"async\" class=\"aligncenter\" src=\"https:\/\/farm2.staticflickr.com\/1864\/44602067991_f21fd79c07.jpg\" alt=\"IMG_0001 [Espect\u00e1culos] 27 de Octubre 20:00 horas | CD9 | CD9 MODO AVI\u00d3N TOUR | Auditorio Metropolitano | Fotograf\u00edas Mara Gonz\u00e1lez \/ Manuel Vela para Mv Fotograf\u00eda Profesional \/ Edici\u00f3n y retoque www.pueblaexpres.com\" width=\"396\" height=\"500\" \/><\/a><script async src=\"\/\/embedr.flickr.com\/assets\/client-code.js\" charset=\"utf-8\"><\/script><\/p>\n<p>Cabe mencionar que para todas las zonas, se sortear\u00e1n art\u00edculos oficiales firmados, as\u00ed como Meet &amp; Greet en las zonas Gran VIP y VIP, hasta agotar existencias. Las din\u00e1micas se dar\u00e1n a conocer pronto en la cuenta oficial de Instagram: @oneproduction.mx En relaci\u00f3n a los Meet &amp; Greet, tambi\u00e9n habr\u00e1 a la venta.<\/p>\n<p>Los boletos est\u00e1n a la venta a trav\u00e9s del sistema de boletaje <strong>www.superboletos.com<\/strong> , taquillas del Auditorio Metropolitano, Auditorio del Complejo Cultural Universitario, Palmas Plaza y sus diferentes puntos de venta de la boletera.<\/p>\n<p><strong>https:\/\/web.superboletos.com\/SuperBoletos\/PUEBLA\/CONCIERTO\/CD-\/7BF5mDEV2Su9ckIvLFfgLl7LA<\/strong><\/p>\n<p><a title=\"IMG_0001 [Espect\u00e1culos] 27 de Octubre 20:00 horas | CD9 | CD9 MODO AVI\u00d3N TOUR | Auditorio Metropolitano | Fotograf\u00edas Mara Gonz\u00e1lez \/ Manuel Vela para Mv Fotograf\u00eda Profesional \/ Edici\u00f3n y retoque www.pueblaexpres.com\" href=\"https:\/\/www.flickr.com\/photos\/manitas\/44602067991\/in\/album-72157699601997001\/\" data-flickr-embed=\"true\"><img loading=\"lazy\" decoding=\"async\" class=\"aligncenter\" src=\"https:\/\/farm2.staticflickr.com\/1864\/44602067991_f21fd79c07.jpg\" alt=\"IMG_0001 [Espect\u00e1culos] 27 de Octubre 20:00 horas | CD9 | CD9 MODO AVI\u00d3N TOUR | Auditorio Metropolitano | Fotograf\u00edas Mara Gonz\u00e1lez \/ Manuel Vela para Mv Fotograf\u00eda Profesional \/ Edici\u00f3n y retoque www.pueblaexpres.com\" width=\"396\" height=\"500\" \/><\/a><script async src=\"\/\/embedr.flickr.com\/assets\/client-code.js\" charset=\"utf-8\"><\/script><\/p>\n<p style=\"text-align: center;\"><strong>LOCALIDADES:<\/strong><\/p>\n<p style=\"text-align: center;\"><strong>Gran VIP ADULTO $1,650 MX<\/strong><br \/>\n<strong> VIP ADULTO $1,100 MX<\/strong><br \/>\n<strong> Preferente Derecho ADULTO $ 825 MX<\/strong><br \/>\n<strong> Preferente Izquierdo ADULTO $ 825 MX<\/strong><br \/>\n<strong> Zona Especial ADULTO $ 825 MX<\/strong><br \/>\n<strong> Luneta Central ADULTO $ 715 MX<\/strong><br \/>\n<strong> Luneta Derecha ADULTO $ 660 MX<\/strong><br \/>\n<strong> Luneta Izquierda ADULTO $ 660 MX<\/strong><br \/>\n<strong> Balc\u00f3n Inferior ADULTO $ 495 MX<\/strong><br \/>\n<strong> Balc\u00f3n Superior ADULTO $ 385 MX<\/strong><\/p>\n<p><a title=\"IMG_0001 [Espect\u00e1culos] 27 de Octubre 20:00 horas | CD9 | CD9 MODO AVI\u00d3N TOUR | Auditorio Metropolitano | Fotograf\u00edas Mara Gonz\u00e1lez \/ Manuel Vela para Mv Fotograf\u00eda Profesional \/ Edici\u00f3n y retoque www.pueblaexpres.com\" href=\"https:\/\/www.flickr.com\/photos\/manitas\/44602067991\/in\/album-72157699601997001\/\" data-flickr-embed=\"true\"><img loading=\"lazy\" decoding=\"async\" class=\"aligncenter\" src=\"https:\/\/farm2.staticflickr.com\/1864\/44602067991_f21fd79c07.jpg\" alt=\"IMG_0001 [Espect\u00e1culos] 27 de Octubre 20:00 horas | CD9 | CD9 MODO AVI\u00d3N TOUR | Auditorio Metropolitano | Fotograf\u00edas Mara Gonz\u00e1lez \/ Manuel Vela para Mv Fotograf\u00eda Profesional \/ Edici\u00f3n y retoque www.pueblaexpres.com\" width=\"396\" height=\"500\" \/><\/a><script async src=\"\/\/embedr.flickr.com\/assets\/client-code.js\" charset=\"utf-8\"><\/script><\/p>\n<p>Evento sujeto a cargo x servicio por el sistema boletaje <strong>www.superboletos.com<\/strong> los cuales NO est\u00e1n incluidos en el precio listado.<\/p>\n<p>Amigo lector le pedimos contin\u00fae al pendiente de nuestras redes sociales y nuestro portal en la secci\u00f3n ESPECT\u00c1CULOS, ya que en el encontrar\u00e1 los mejor eventos\u2026<\/p>\n<p><strong>LA OPINI\u00d3N EXPRESADA EN ESTA COLUMNA ES RESPONSABILIDAD DE QUIEN LA ESCRIBE Y NO BUSCA GENERAR CONFLICTOS ENTRE LOS INVOLUCRADOS, SINO GENERAR CONCIENCIA EN CADA LECTOR.<\/strong><\/p>\n<p>[miniflickr photoset_id=72157699601997001&amp;sortby=date-posted-asc&amp;per_page=1]<\/p>\n","protected":false},"excerpt":{"rendered":"<p>Redacci\u00f3n MINO D&#8217;BLANC | Fotograf\u00edas #PueblaExpres @PueblaExpres EL S\u00c1BADO 27 DE OCTUBRE PUEBLA SE INVADIR\u00c1 NUEVAMENTE DEL FEN\u00d3MENO MUSICAL DE \u201cCD9\u201d. LA BOY BAND M\u00c1S IMPORTANTE DE LOS \u00daLTIMOS A\u00d1OS EN LA M\u00daSICA EN ESPA\u00d1OL, PRESENTAR\u00c1 SU \u201cCD9 MODO AVI\u00d3N TOUR\u201d EN EL AUDITORIO METROPOLITANO A LAS 20:00 HORAS. Puebla volver\u00e1 a ser invadida por [&hellip;]<\/p>\n","protected":false},"author":2,"featured_media":9497,"comment_status":"open","ping_status":"open","sticky":false,"template":"","format":"standard","meta":{"footnotes":""},"categories":[8,42,166,170,36,171,1,7],"tags":[],"_links":{"self":[{"href":"https:\/\/pueblaexpres.com\/portal\/index.php?rest_route=\/wp\/v2\/posts\/9496"}],"collection":[{"href":"https:\/\/pueblaexpres.com\/portal\/index.php?rest_route=\/wp\/v2\/posts"}],"about":[{"href":"https:\/\/pueblaexpres.com\/portal\/index.php?rest_route=\/wp\/v2\/types\/post"}],"author":[{"embeddable":true,"href":"https:\/\/pueblaexpres.com\/portal\/index.php?rest_route=\/wp\/v2\/users\/2"}],"replies":[{"embeddable":true,"href":"https:\/\/pueblaexpres.com\/portal\/index.php?rest_route=%2Fwp%2Fv2%2Fcomments&post=9496"}],"version-history":[{"count":1,"href":"https:\/\/pueblaexpres.com\/portal\/index.php?rest_route=\/wp\/v2\/posts\/9496\/revisions"}],"predecessor-version":[{"id":9498,"href":"https:\/\/pueblaexpres.com\/portal\/index.php?rest_route=\/wp\/v2\/posts\/9496\/revisions\/9498"}],"wp:featuredmedia":[{"embeddable":true,"href":"https:\/\/pueblaexpres.com\/portal\/index.php?rest_route=\/wp\/v2\/media\/9497"}],"wp:attachment":[{"href":"https:\/\/pueblaexpres.com\/portal\/index.php?rest_route=%2Fwp%2Fv2%2Fmedia&parent=9496"}],"wp:term":[{"taxonomy":"category","embeddable":true,"href":"https:\/\/pueblaexpres.com\/portal\/index.php?rest_route=%2Fwp%2Fv2%2Fcategories&post=9496"},{"taxonomy":"post_tag","embeddable":true,"href":"https:\/\/pueblaexpres.com\/portal\/index.php?rest_route=%2Fwp%2Fv2%2Ftags&post=9496"}],"curies":[{"name":"wp","href":"https:\/\/api.w.org\/{rel}","templated":true}]}}