{"id":9493,"date":"2018-08-14T13:15:25","date_gmt":"2018-08-14T19:15:25","guid":{"rendered":"https:\/\/pueblaexpres.com\/portal\/?p=9493"},"modified":"2018-09-10T13:22:49","modified_gmt":"2018-09-10T19:22:49","slug":"espectaculos-13-de-octubre-2da-edicion-festival-tecate-comuna-una-ciudad-independiente-foro-la-cienega-de-puebla","status":"publish","type":"post","link":"https:\/\/pueblaexpres.com\/portal\/?p=9493","title":{"rendered":"[Espect\u00e1culos] 13 de octubre | 2da Edici\u00f3n *Festival Tecate Comuna* &#8220;Una Ciudad Independiente&#8221; | Foro La Ci\u00e9nega de Puebla"},"content":{"rendered":"<div name=\"googleone_share_1\" style=\"position:relative;z-index:5;float: right; margin-left: 10px;\"><g:plusone size=\"tall\" count=\"1\" href=\"https:\/\/pueblaexpres.com\/portal\/?p=9493\"><\/g:plusone><\/div><p><a href=\"https:\/\/pueblaexpres.com\/portal\/wp-content\/uploads\/2018\/09\/Cartel-Comuna-2018-final.png\"><img loading=\"lazy\" decoding=\"async\" class=\"wp-image-9494 aligncenter\" src=\"https:\/\/pueblaexpres.com\/portal\/wp-content\/uploads\/2018\/09\/Cartel-Comuna-2018-final-663x1024.png\" alt=\"\" width=\"360\" height=\"556\" srcset=\"https:\/\/pueblaexpres.com\/portal\/wp-content\/uploads\/2018\/09\/Cartel-Comuna-2018-final-663x1024.png 663w, https:\/\/pueblaexpres.com\/portal\/wp-content\/uploads\/2018\/09\/Cartel-Comuna-2018-final-194x300.png 194w, https:\/\/pueblaexpres.com\/portal\/wp-content\/uploads\/2018\/09\/Cartel-Comuna-2018-final-768x1187.png 768w, https:\/\/pueblaexpres.com\/portal\/wp-content\/uploads\/2018\/09\/Cartel-Comuna-2018-final.png 1501w\" sizes=\"(max-width: 360px) 100vw, 360px\" \/><\/a><\/p>\n<p><strong>Redacci\u00f3n | Fotograf\u00edas Cortes\u00eda #PueblaExpres @PueblaExpres<\/strong><\/p>\n<p>Regresa a Puebla el festival m\u00e1s grande de la ciudad, organizado por Apodaca Group y OCESA, las dos empresas de entretenimiento m\u00e1s importantes de M\u00e9xico y creadores de los festivales m\u00e1s espectaculares del pa\u00eds.<\/p>\n<p>Ser\u00e1 el s\u00e1bado 13 de octubre en el Foro La Ci\u00e9nega de Puebla cuando un incre\u00edble line up de talla internacional llegue a la capital poblana integrado por Enrique Bunbury, Los Aut\u00e9nticos Decadentes, Good Charlotte, Papa Roach, Los \u00c1ngeles Azules, Los Caligaris, DLD, Enjambre, La Gusana Ciega, Miranda, Las V\u00edctimas del Dr. Cerebro, Camilo VII, Doctor Kr\u00e1pula, Lucybell, I.M.S., Costera, Centavrvs, Rey Pila, Mal\u00fa Trevejo, CHDKF, Mcklopedia, Entre L\u00edneas y Coco Cec\u00e9.<\/p>\n<p>Este a\u00f1o tres espectaculares escenarios ser\u00e1n el marco perfecto para que el p\u00fablico de todas las edades pueda disfrutar en grande las actuaciones en vivo de las bandas m\u00e1s relevantes de la escena musical, adem\u00e1s de un gran n\u00famero de amenidades, \u00e1rea de comidas con una gran variedad de platillos y muchos otros servicios que sorprender\u00e1n a los miles de asistentes que se den cita ese d\u00eda.<\/p>\n<p><a title=\"IMG_0001 [Espect\u00e1culos] 13 de octubre | 2da Edici\u00f3n *Festival Tecate Comuna* &quot;Una Ciudad Independiente&quot; | Foro La Ci\u00e9nega de Puebla | Fotograf\u00edas Cortes\u00eda para Mv Fotograf\u00eda Profesional \/ Edici\u00f3n y retoque www.pueblaexpres.com\" href=\"https:\/\/www.flickr.com\/photos\/manitas\/44600843351\/in\/album-72157695352740360\/\" data-flickr-embed=\"true\"><img loading=\"lazy\" decoding=\"async\" class=\"aligncenter\" src=\"https:\/\/farm2.staticflickr.com\/1847\/44600843351_9eaa20b0ed.jpg\" alt=\"IMG_0001 [Espect\u00e1culos] 13 de octubre | 2da Edici\u00f3n *Festival Tecate Comuna* &quot;Una Ciudad Independiente&quot; | Foro La Ci\u00e9nega de Puebla | Fotograf\u00edas Cortes\u00eda para Mv Fotograf\u00eda Profesional \/ Edici\u00f3n y retoque www.pueblaexpres.com\" width=\"324\" height=\"500\" \/><\/a><script async src=\"\/\/embedr.flickr.com\/assets\/client-code.js\" charset=\"utf-8\"><\/script><\/p>\n<p>Para esta edici\u00f3n se ha puesto especial atenci\u00f3n en cuanto al equipo t\u00e9cnico de \u00faltima generaci\u00f3n para resaltar al m\u00e1ximo la producci\u00f3n de audio, iluminaci\u00f3n y video, as\u00ed como todo lo relacionado al dise\u00f1o e imagen de los tres escenarios y otros espacios del festival.<!--more--><\/p>\n<p>El pasado 26 de agosto se realiz\u00f3 la primera edici\u00f3n de Tecate Comuna, donde 20 mil poblanos disfrutaron de dos espectaculares escenarios y la actuaci\u00f3n de 16 bandas, encabezadas por Caf\u00e9 Tacvba, Crystal Castles y El Cartel de Santa.<\/p>\n<p>Para quienes busquen disfrutar el festival de una manera diferente habr\u00e1 una exclusiva zona VIP con grandes beneficios, como un carril de acceso r\u00e1pido al festival, \u00e1rea sombreada, pit lateral en escenario principal, zona de food trucks exclusiva, \u00e1rea de mesas, ba\u00f1os VIP y acceso libre a toda la diversi\u00f3n de la zona general.<\/p>\n<p>Boletos disponibles en Fase Uno desde este mi\u00e9rcoles 16 de mayo<\/p>\n<p><a title=\"IMG_0002 [Espect\u00e1culos] 13 de octubre | 2da Edici\u00f3n *Festival Tecate Comuna* &quot;Una Ciudad Independiente&quot; | Foro La Ci\u00e9nega de Puebla | Fotograf\u00edas Cortes\u00eda para Mv Fotograf\u00eda Profesional \/ Edici\u00f3n y retoque www.pueblaexpres.com\" href=\"https:\/\/www.flickr.com\/photos\/manitas\/44550743322\/in\/album-72157695352740360\/\" data-flickr-embed=\"true\"><img loading=\"lazy\" decoding=\"async\" class=\"aligncenter\" src=\"https:\/\/farm2.staticflickr.com\/1893\/44550743322_77e56d1bce.jpg\" alt=\"IMG_0002 [Espect\u00e1culos] 13 de octubre | 2da Edici\u00f3n *Festival Tecate Comuna* &quot;Una Ciudad Independiente&quot; | Foro La Ci\u00e9nega de Puebla | Fotograf\u00edas Cortes\u00eda para Mv Fotograf\u00eda Profesional \/ Edici\u00f3n y retoque www.pueblaexpres.com\" width=\"386\" height=\"500\" \/><\/a><script async src=\"\/\/embedr.flickr.com\/assets\/client-code.js\" charset=\"utf-8\"><\/script><\/p>\n<p><strong>Puntos de venta:<\/strong><br \/>\nE Ticket &#8211; Farmacias del Ahorro sucursales San Pedro, Majestic y La Noria<br \/>\nComplejo Cultural Universitario &#8211; Acr\u00f3polis &#8211; Travel Beats<\/p>\n<p><strong>LOCALIDADES:<\/strong><\/p>\n<p>General: 575.00 MX (+ Cargo por Servicio (no reembolsables)<br \/>\nVIP: 1,125.00 MX (+ Cargo por Servicio (no reembolsables)<\/p>\n<p>La venta de boletos para este concierto es a trav\u00e9s del sistema en l\u00ednea http:\/\/www.eticket.mx\/ y puntos de venta autorizados.<\/p>\n<p>Para mayor facilidad esta es la liga directa de venta: https:\/\/www.eticket.mx\/masinformacion.aspx?idevento=23587<\/p>\n<p><a title=\"IMG_0001 [Espect\u00e1culos] 13 de octubre | 2da Edici\u00f3n *Festival Tecate Comuna* &quot;Una Ciudad Independiente&quot; | Foro La Ci\u00e9nega de Puebla | Fotograf\u00edas Cortes\u00eda para Mv Fotograf\u00eda Profesional \/ Edici\u00f3n y retoque www.pueblaexpres.com\" href=\"https:\/\/www.flickr.com\/photos\/manitas\/44600843351\/in\/album-72157695352740360\/\" data-flickr-embed=\"true\"><img loading=\"lazy\" decoding=\"async\" class=\"aligncenter\" src=\"https:\/\/farm2.staticflickr.com\/1847\/44600843351_9eaa20b0ed.jpg\" alt=\"IMG_0001 [Espect\u00e1culos] 13 de octubre | 2da Edici\u00f3n *Festival Tecate Comuna* &quot;Una Ciudad Independiente&quot; | Foro La Ci\u00e9nega de Puebla | Fotograf\u00edas Cortes\u00eda para Mv Fotograf\u00eda Profesional \/ Edici\u00f3n y retoque www.pueblaexpres.com\" width=\"324\" height=\"500\" \/><\/a><script async src=\"\/\/embedr.flickr.com\/assets\/client-code.js\" charset=\"utf-8\"><\/script><\/p>\n<p><strong>LINE UP<\/strong><\/p>\n<p><strong>Enrique Bunbury<\/strong> comenz\u00f3 su carrera como cantante y compositor en 1986 siendo parte de la banda H\u00e9roes del Silencio, con la que grab\u00f3 cuatro discos de estudio y gir\u00f3 diez a\u00f1os por toda Am\u00e9rica y Europa. El originario de Zaragoza, Espa\u00f1a, inici\u00f3 su carrera como solista en 1996 consolidando r\u00e1pidamente su \u00e9xito internacional. Actualmente promueve su m\u00e1s reciente producci\u00f3n \u201cExpectativas\u201d y con su gira Ex Tour recorrer\u00e1 este a\u00f1o gran parte de M\u00e9xico, Estados Unidos, Per\u00fa, Espa\u00f1a, Portugal, Italia, Alemania, Holanda, B\u00e9lgica, Francia e Inglaterra.<\/p>\n<p>Directo desde Argentina llegar\u00e1n a Puebla <strong>Los Aut\u00e9nticos Decadentes<\/strong> para armar la fiesta con \u201cTu forma de ser\u201d, \u201cLa guitarra\u201d, \u201cNo me importa el dinero\u201d y \u201cComo me voy a olvidar\u201d, entre una larga lista \u00e9xitos. A finales del a\u00f1o pasado los m\u00fasicos reunieron a m\u00e1s 65 mil personas en el Foro Sol de la Ciudad de M\u00e9xico, para celebrar en grande tres d\u00e9cadas de hacer m\u00fasica, y entre sus planes a corto plaza est\u00e1 la grabaci\u00f3n de un MTV Unplugged, con lo que se incluyen en el selecto grupo de artistas hispanos en realizar dicha producci\u00f3n.<\/p>\n<p><strong>Good Charlotte<\/strong> llegar\u00e1 a Puebla para descargar todo su rock alternativo y punk con tintes de pop que los ha caracterizado desde sus inicios hace 18 a\u00f1os. La banda lanz\u00f3 su primer \u00e1lbum en el a\u00f1o 2000 y desde entonces han sumado una gran cantidad de seguidores en todo el mundo. \u201cThe Anthem\u201d, \u201cI just wanna live\u201d, \u201cLifestyles of the Rich &amp; Famous\u201d son algunos de los \u00e9xitos que los han llevado a los principales escenarios del mundo, y Tecate Comuna no pod\u00eda quedarse atr\u00e1s.<\/p>\n<p><a title=\"IMG_0002 [Espect\u00e1culos] 13 de octubre | 2da Edici\u00f3n *Festival Tecate Comuna* &quot;Una Ciudad Independiente&quot; | Foro La Ci\u00e9nega de Puebla | Fotograf\u00edas Cortes\u00eda para Mv Fotograf\u00eda Profesional \/ Edici\u00f3n y retoque www.pueblaexpres.com\" href=\"https:\/\/www.flickr.com\/photos\/manitas\/44550743322\/in\/album-72157695352740360\/\" data-flickr-embed=\"true\"><img loading=\"lazy\" decoding=\"async\" class=\"aligncenter\" src=\"https:\/\/farm2.staticflickr.com\/1893\/44550743322_77e56d1bce.jpg\" alt=\"IMG_0002 [Espect\u00e1culos] 13 de octubre | 2da Edici\u00f3n *Festival Tecate Comuna* &quot;Una Ciudad Independiente&quot; | Foro La Ci\u00e9nega de Puebla | Fotograf\u00edas Cortes\u00eda para Mv Fotograf\u00eda Profesional \/ Edici\u00f3n y retoque www.pueblaexpres.com\" width=\"386\" height=\"500\" \/><\/a><script async src=\"\/\/embedr.flickr.com\/assets\/client-code.js\" charset=\"utf-8\"><\/script><\/p>\n<p>La banda estadounidense <strong>Papa Roach<\/strong> actuar\u00e1 por primera vez en Puebla presentando su m\u00e1s reciente \u00e1lbum Crooked Teeht, que ya se encuentra disponible en las principales plataformas digitales a nivel mundial. Papa Roach est\u00e1 integrada por Jacoby Shaddix, Jerry Horton, Tobin Esperance y Tony Palermo. Adem\u00e1s de su participaci\u00f3n en Tecate Comuna de Puebla tienen programadas otras actuaciones en importantes festivales de Polonia, Australia, Alemania y el Reino Unido.<\/p>\n<p><strong>Los \u00c1ngeles Azules<\/strong> llegar\u00e1n con todo el ritmo de \u00e9xitos como \u201cEl list\u00f3n de tu pelo\u201d, \u201cComo te voy a olvidar\u201d, \u201cMi ni\u00f1a mujer\u201d y much\u00edsimos m\u00e1s. La agrupaci\u00f3n llegar\u00e1 a Puebla a poco tiempo de su espectacular actuaci\u00f3n en Coachella, uno de los festivales m\u00e1s importantes del mundo, adem\u00e1s se encuentran estrenando el sencillo \u201cNi contigo ni sin ti\u201d, con la participaci\u00f3n de Pepe Aguilar incluido en su \u00e1lbum \u201cEsto si es cumbia\u201d.<\/p>\n<p><strong>Los Caligaris<\/strong>, de C\u00f3rdoba, Argentina, celebrar\u00e1n en Puebla 21 a\u00f1os de llevar su m\u00fasica con toques circenses a todo el continente. Los m\u00fasicos adem\u00e1s est\u00e1n de fiesta con la respuesta que han tenido por el lanzamiento de su CD-DVD \u201cEl show m\u00e1s feliz del mundo\u201d, grabado ante m\u00e1s de 20 mil personas en el Palacio de los Deportes de la ciudad de M\u00e9xico. Unos d\u00edas antes de su presentaci\u00f3n en Tecate Comuna la banda se estar\u00e1 presentando en el Auditorio Nacional, donde hasta el momento tienen tres fechas anunciadas que ya son SOLDOUT.<\/p>\n<p><strong>DLD<\/strong> regresar\u00e1 a Puebla despu\u00e9s de su exitosa partici\u00f3n en el Foro Art\u00edstico de la feria y a petici\u00f3n de todos sus seguidores poblanos. Los int\u00e9rpretes de \u201cArs\u00e9nico\u201d ofrecer\u00e1n un original setlist con los m\u00e1s destacado de sus temas hasta su m\u00e1s reciente producci\u00f3n \u201cFutura\u201d. Francisco Familiar, Edgar Hansen, Erik Neville, Keno Rivero y Sergio Vela demostrar\u00e1n sobre el escenario por qu\u00e9 son una de las bandas alternativas mexicanas m\u00e1s destacadas en la actualidad.<\/p>\n<p><a title=\"IMG_0001 [Espect\u00e1culos] 13 de octubre | 2da Edici\u00f3n *Festival Tecate Comuna* &quot;Una Ciudad Independiente&quot; | Foro La Ci\u00e9nega de Puebla | Fotograf\u00edas Cortes\u00eda para Mv Fotograf\u00eda Profesional \/ Edici\u00f3n y retoque www.pueblaexpres.com\" href=\"https:\/\/www.flickr.com\/photos\/manitas\/44600843351\/in\/album-72157695352740360\/\" data-flickr-embed=\"true\"><img loading=\"lazy\" decoding=\"async\" class=\"aligncenter\" src=\"https:\/\/farm2.staticflickr.com\/1847\/44600843351_9eaa20b0ed.jpg\" alt=\"IMG_0001 [Espect\u00e1culos] 13 de octubre | 2da Edici\u00f3n *Festival Tecate Comuna* &quot;Una Ciudad Independiente&quot; | Foro La Ci\u00e9nega de Puebla | Fotograf\u00edas Cortes\u00eda para Mv Fotograf\u00eda Profesional \/ Edici\u00f3n y retoque www.pueblaexpres.com\" width=\"324\" height=\"500\" \/><\/a><script async src=\"\/\/embedr.flickr.com\/assets\/client-code.js\" charset=\"utf-8\"><\/script><\/p>\n<p><strong>Enjambre<\/strong> ha destacado por su peculiar estilo de rock cl\u00e1sico y rom\u00e1ntico con ese toque vintage que ha conquistado a miles de seguidores en todo el continente. La banda californiana de origen mexicano ha grabado seis \u00e1lbumes de estudio y ha conquistado los m\u00e1s importantes escenarios como el Pal Norte, Vive Latino, Palacio de los Deportes y el Auditorio Nacional, por lo que promete ser uno de los actos m\u00e1s fuertes del Tecate Comuna que el p\u00fablico no se debe perder.<\/p>\n<p><strong>La Gusana Ciega<\/strong> es una de las agrupaciones mexicanas m\u00e1s influyentes del rock alternativo. En su trayectoria cuentan con m\u00e1s de diez producciones discogr\u00e1ficas, han llenado en dos ocasiones el Auditorio Nacional adem\u00e1s de sus actuaciones en otros importantes recintos como el Palacio de los Deportes y el Teatro Metropolitan, y en cuanto a festivales se han presentado en el Pal Norte, Vive Latino, Cumbre Taj\u00edn, Rock al Parque (Colombia), SXSW (USA) y La Tocada (USA). Recientemente compartieron escenario con Lenny Kravitz durante su gira por M\u00e9xico y en Puebla estrenar\u00e1n el EP que incluye el tema \u201cAmantes modernos\u201d.<\/p>\n<p>Todo el color, la alegr\u00eda y dinamismo del electro-pop de <strong>Miranda<\/strong> dar\u00e1 un toque muy especial al Tecate Comuna. Los int\u00e9rpretes de \u201cDon\u201d ten\u00edan un buen tiempo de no venir a M\u00e9xico y su regreso no pudo ser mejor: dos exitosos shows en el Teatro Metropolitan y una espectacular actuaci\u00f3n en el festival Pal Norte. Los m\u00fasicos con 15 a\u00f1os de trayectoria est\u00e1n muy entusiasmados de volver a Puebla para recordar con su p\u00fablico todos sus \u00e9xitos y compartir algo de su nuevo \u00e1lbum \u201cFuerte\u201d.<\/p>\n<p><a title=\"IMG_0002 [Espect\u00e1culos] 13 de octubre | 2da Edici\u00f3n *Festival Tecate Comuna* &quot;Una Ciudad Independiente&quot; | Foro La Ci\u00e9nega de Puebla | Fotograf\u00edas Cortes\u00eda para Mv Fotograf\u00eda Profesional \/ Edici\u00f3n y retoque www.pueblaexpres.com\" href=\"https:\/\/www.flickr.com\/photos\/manitas\/44550743322\/in\/album-72157695352740360\/\" data-flickr-embed=\"true\"><img loading=\"lazy\" decoding=\"async\" class=\"aligncenter\" src=\"https:\/\/farm2.staticflickr.com\/1893\/44550743322_77e56d1bce.jpg\" alt=\"IMG_0002 [Espect\u00e1culos] 13 de octubre | 2da Edici\u00f3n *Festival Tecate Comuna* &quot;Una Ciudad Independiente&quot; | Foro La Ci\u00e9nega de Puebla | Fotograf\u00edas Cortes\u00eda para Mv Fotograf\u00eda Profesional \/ Edici\u00f3n y retoque www.pueblaexpres.com\" width=\"386\" height=\"500\" \/><\/a><script async src=\"\/\/embedr.flickr.com\/assets\/client-code.js\" charset=\"utf-8\"><\/script><\/p>\n<p><strong>Las V\u00edctimas del Dr. Cerebro<\/strong> ser\u00e1n otra de las bandas que actuar\u00e1n en Tecate Comuna el pr\u00f3ximo 13 de octubre. Los m\u00fasicos de Neza est\u00e1n por cumplir treinta a\u00f1os de carrera por lo que ya preparan un material de edici\u00f3n especial que incluir\u00e1 cuatro discos en formato f\u00edsico, por otro lado, hace apenas unas semanas presentaron la versi\u00f3n sinf\u00f3nica de su hit \u201cEl esqueleto\u201d, que vendr\u00e1 incluido en el volumen 2 de Rock en tu Idioma Sinf\u00f3nico.<\/p>\n<p>Por si fuera poco, otras grandes bandas como <strong>Camilo VII, Doctor Kr\u00e1pula de Colombia, los chilenos de Lucybell, I.M.S., Costera, Centavrvs, Rey Pila, la cubana Mal\u00fa Trevejo, CHDKF, Mcklopedia<\/strong>, <strong>Entre L\u00edneas<\/strong> de Costa Rica y la juarense <strong>Coco Cec\u00e9<\/strong>, tambi\u00e9n ser\u00e1n parte del m\u00e1ximo festival de Puebla, que este a\u00f1o nos ofrece un crecimiento impresionante en todos los aspectos.<\/p>\n<p>Amigo lector le pedimos contin\u00fae al pendiente de nuestras redes sociales y nuestro portal en la secci\u00f3n ESPECT\u00c1CULOS, ya que en el encontrar\u00e1 los mejor eventos\u2026<\/p>\n<p><a title=\"IMG_0001 [Espect\u00e1culos] 13 de octubre | 2da Edici\u00f3n *Festival Tecate Comuna* &quot;Una Ciudad Independiente&quot; | Foro La Ci\u00e9nega de Puebla | Fotograf\u00edas Cortes\u00eda para Mv Fotograf\u00eda Profesional \/ Edici\u00f3n y retoque www.pueblaexpres.com\" href=\"https:\/\/www.flickr.com\/photos\/manitas\/44600843351\/in\/album-72157695352740360\/\" data-flickr-embed=\"true\"><img loading=\"lazy\" decoding=\"async\" class=\"aligncenter\" src=\"https:\/\/farm2.staticflickr.com\/1847\/44600843351_9eaa20b0ed.jpg\" alt=\"IMG_0001 [Espect\u00e1culos] 13 de octubre | 2da Edici\u00f3n *Festival Tecate Comuna* &quot;Una Ciudad Independiente&quot; | Foro La Ci\u00e9nega de Puebla | Fotograf\u00edas Cortes\u00eda para Mv Fotograf\u00eda Profesional \/ Edici\u00f3n y retoque www.pueblaexpres.com\" width=\"324\" height=\"500\" \/><\/a><script async src=\"\/\/embedr.flickr.com\/assets\/client-code.js\" charset=\"utf-8\"><\/script><\/p>\n<p><strong>LA OPINI\u00d3N EXPRESADA EN ESTA COLUMNA ES RESPONSABILIDAD DE QUIEN LA ESCRIBE Y NO BUSCA GENERAR CONFLICTOS ENTRE LOS INVOLUCRADOS, SI NO GENERAR CONCIENCIA EN CADA LECTOR.<\/strong><\/p>\n<p>[miniflickr photoset_id=72157695352740360&amp;sortby=date-posted-asc&amp;per_page=2]<\/p>\n","protected":false},"excerpt":{"rendered":"<p>Redacci\u00f3n | Fotograf\u00edas Cortes\u00eda #PueblaExpres @PueblaExpres Regresa a Puebla el festival m\u00e1s grande de la ciudad, organizado por Apodaca Group y OCESA, las dos empresas de entretenimiento m\u00e1s importantes de M\u00e9xico y creadores de los festivales m\u00e1s espectaculares del pa\u00eds. Ser\u00e1 el s\u00e1bado 13 de octubre en el Foro La Ci\u00e9nega de Puebla cuando un [&hellip;]<\/p>\n","protected":false},"author":2,"featured_media":9494,"comment_status":"open","ping_status":"open","sticky":false,"template":"","format":"standard","meta":{"footnotes":""},"categories":[8,42,166,170,36,171,1,7],"tags":[],"_links":{"self":[{"href":"https:\/\/pueblaexpres.com\/portal\/index.php?rest_route=\/wp\/v2\/posts\/9493"}],"collection":[{"href":"https:\/\/pueblaexpres.com\/portal\/index.php?rest_route=\/wp\/v2\/posts"}],"about":[{"href":"https:\/\/pueblaexpres.com\/portal\/index.php?rest_route=\/wp\/v2\/types\/post"}],"author":[{"embeddable":true,"href":"https:\/\/pueblaexpres.com\/portal\/index.php?rest_route=\/wp\/v2\/users\/2"}],"replies":[{"embeddable":true,"href":"https:\/\/pueblaexpres.com\/portal\/index.php?rest_route=%2Fwp%2Fv2%2Fcomments&post=9493"}],"version-history":[{"count":1,"href":"https:\/\/pueblaexpres.com\/portal\/index.php?rest_route=\/wp\/v2\/posts\/9493\/revisions"}],"predecessor-version":[{"id":9495,"href":"https:\/\/pueblaexpres.com\/portal\/index.php?rest_route=\/wp\/v2\/posts\/9493\/revisions\/9495"}],"wp:featuredmedia":[{"embeddable":true,"href":"https:\/\/pueblaexpres.com\/portal\/index.php?rest_route=\/wp\/v2\/media\/9494"}],"wp:attachment":[{"href":"https:\/\/pueblaexpres.com\/portal\/index.php?rest_route=%2Fwp%2Fv2%2Fmedia&parent=9493"}],"wp:term":[{"taxonomy":"category","embeddable":true,"href":"https:\/\/pueblaexpres.com\/portal\/index.php?rest_route=%2Fwp%2Fv2%2Fcategories&post=9493"},{"taxonomy":"post_tag","embeddable":true,"href":"https:\/\/pueblaexpres.com\/portal\/index.php?rest_route=%2Fwp%2Fv2%2Ftags&post=9493"}],"curies":[{"name":"wp","href":"https:\/\/api.w.org\/{rel}","templated":true}]}}