{"id":9452,"date":"2018-08-31T13:07:30","date_gmt":"2018-08-31T19:07:30","guid":{"rendered":"https:\/\/pueblaexpres.com\/portal\/?p=9452"},"modified":"2018-08-31T13:07:30","modified_gmt":"2018-08-31T19:07:30","slug":"ta2018-sub17-j08-liga-club-puebla-vs-club-de-futbol-monterrey-rayados-complejo-deportivo-los-olivos-liga-bancomer-mx","status":"publish","type":"post","link":"https:\/\/pueblaexpres.com\/portal\/?p=9452","title":{"rendered":"[TA2018 \/ SUB17 \/ J08 LIGA] Club Puebla vs Club de Futbol Monterrey Rayados | Complejo Deportivo Los Olivos | Liga Bancomer Mx"},"content":{"rendered":"<div name=\"googleone_share_1\" style=\"position:relative;z-index:5;float: right; margin-left: 10px;\"><g:plusone size=\"tall\" count=\"1\" href=\"https:\/\/pueblaexpres.com\/portal\/?p=9452\"><\/g:plusone><\/div><p><a href=\"https:\/\/pueblaexpres.com\/portal\/wp-content\/uploads\/2018\/08\/IMGL0259-800x533.jpg\"><img loading=\"lazy\" decoding=\"async\" class=\"wp-image-9453 aligncenter\" src=\"https:\/\/pueblaexpres.com\/portal\/wp-content\/uploads\/2018\/08\/IMGL0259-800x533.jpg\" alt=\"\" width=\"498\" height=\"332\" srcset=\"https:\/\/pueblaexpres.com\/portal\/wp-content\/uploads\/2018\/08\/IMGL0259-800x533.jpg 800w, https:\/\/pueblaexpres.com\/portal\/wp-content\/uploads\/2018\/08\/IMGL0259-800x533-300x200.jpg 300w, https:\/\/pueblaexpres.com\/portal\/wp-content\/uploads\/2018\/08\/IMGL0259-800x533-768x512.jpg 768w\" sizes=\"(max-width: 498px) 100vw, 498px\" \/><\/a><\/p>\n<p><strong>Redacci\u00f3n | Fotograf\u00edas Mara Gonz\u00e1lez @MaraGlez_BTR \/ Lyz Vega @lyz_vega \/ Sa\u00fal S\u00e1nchez \/ Manuel Vela @Mv_ManuelVela #PueblaExpres @PueblaExpres<\/strong><\/p>\n<p>En el marco de la jornada 08 del Apertura 2018 del Torneo de Fuerzas B\u00e1sicas Sub 17 de la LIGA Bancomer MX<\/p>\n<p><a title=\"MVF_0107 TA2018 \/ SUB17 \/ J08 LIGA | Club Puebla vs Club de Futbol Monterrey Rayados | Complejo Deportivo Los Olivos | Fotograf\u00edas Mara Gonz\u00e1lez \/ Manuel Vela para Mv Fotograf\u00eda Profesional \/ Edici\u00f3n y retoque www.pueblaexpres.com\" href=\"https:\/\/www.flickr.com\/photos\/manitas\/42581118310\/in\/album-72157697625520242\/\" data-flickr-embed=\"true\"><img loading=\"lazy\" decoding=\"async\" class=\"aligncenter\" src=\"https:\/\/farm2.staticflickr.com\/1885\/42581118310_4685390e2b.jpg\" alt=\"MVF_0107 TA2018 \/ SUB17 \/ J08 LIGA | Club Puebla vs Club de Futbol Monterrey Rayados | Complejo Deportivo Los Olivos | Fotograf\u00edas Mara Gonz\u00e1lez \/ Manuel Vela para Mv Fotograf\u00eda Profesional \/ Edici\u00f3n y retoque www.pueblaexpres.com\" width=\"500\" height=\"334\" \/><\/a><script async src=\"\/\/embedr.flickr.com\/assets\/client-code.js\" charset=\"utf-8\"><\/script><\/p>\n<p>Partido celebrado en la grama del Complejo Deportivo Los Olivos en la Ciudad de Puebla.<\/p>\n<p>El Club Puebla derrot\u00f3 dos goles por uno al Club de Futbol Monterrey Rayados.<\/p>\n<p><a title=\"IMGL0250 TA2018 \/ SUB17 \/ J08 LIGA | Club Puebla vs Club de Futbol Monterrey Rayados | Complejo Deportivo Los Olivos | Fotograf\u00edas Mara Gonz\u00e1lez \/ Manuel Vela para Mv Fotograf\u00eda Profesional \/ Edici\u00f3n y retoque www.pueblaexpres.com\" href=\"https:\/\/www.flickr.com\/photos\/manitas\/44389717511\/in\/album-72157697625520242\/\" data-flickr-embed=\"true\"><img loading=\"lazy\" decoding=\"async\" class=\"aligncenter\" src=\"https:\/\/farm2.staticflickr.com\/1848\/44389717511_4e124148d9.jpg\" alt=\"IMGL0250 TA2018 \/ SUB17 \/ J08 LIGA | Club Puebla vs Club de Futbol Monterrey Rayados | Complejo Deportivo Los Olivos | Fotograf\u00edas Mara Gonz\u00e1lez \/ Manuel Vela para Mv Fotograf\u00eda Profesional \/ Edici\u00f3n y retoque www.pueblaexpres.com\" width=\"500\" height=\"333\" \/><\/a><script async src=\"\/\/embedr.flickr.com\/assets\/client-code.js\" charset=\"utf-8\"><\/script><\/p>\n<p>Jos\u00e9 Herrera casaca #336 del Club Puebla abri\u00f3 el marcador a los 17 minutos de la cita, despu\u00e9s Emiliano Garc\u00eda #348 marc\u00f3 el segundo para los locales al minuto 66 de tiempo corrido, mientras tanto por la escuadra Club de Futbol Monterrey Rayados Pablo S\u00e1nchez #348 pon\u00eda n\u00famero al marcador al minuto 40.<!--more--><\/p>\n<p>Tras la victoria, Club Puebla lleg\u00f3 a once puntos mientras la escuadra regiomontanos llego a diecis\u00e9is puntos en la competencia.<\/p>\n<p><a title=\"MVF_0459 TA2018 \/ SUB17 \/ J08 LIGA | Club Puebla vs Club de Futbol Monterrey Rayados | Complejo Deportivo Los Olivos | Fotograf\u00edas Mara Gonz\u00e1lez \/ Manuel Vela para Mv Fotograf\u00eda Profesional \/ Edici\u00f3n y retoque www.pueblaexpres.com\" href=\"https:\/\/www.flickr.com\/photos\/manitas\/43672892374\/in\/album-72157697625520242\/\" data-flickr-embed=\"true\"><img loading=\"lazy\" decoding=\"async\" class=\"aligncenter\" src=\"https:\/\/farm2.staticflickr.com\/1856\/43672892374_aa3496f1fd.jpg\" alt=\"MVF_0459 TA2018 \/ SUB17 \/ J08 LIGA | Club Puebla vs Club de Futbol Monterrey Rayados | Complejo Deportivo Los Olivos | Fotograf\u00edas Mara Gonz\u00e1lez \/ Manuel Vela para Mv Fotograf\u00eda Profesional \/ Edici\u00f3n y retoque www.pueblaexpres.com\" width=\"500\" height=\"334\" \/><\/a><script async src=\"\/\/embedr.flickr.com\/assets\/client-code.js\" charset=\"utf-8\"><\/script><\/p>\n<p>Para su siguiente compromiso, en la novena fecha del Apertura 2018 los camoteros se medir\u00e1n a los Gallos Blancos de Quer\u00e9taro, mientras los regiomontanos recibir\u00e1n a las Chivas de Guadalajara.<\/p>\n<p><a title=\"MVF_4387 TA2018 \/ SUB17 \/ J08 LIGA | Club Puebla vs Club de Futbol Monterrey Rayados | Complejo Deportivo Los Olivos | Fotograf\u00edas Mara Gonz\u00e1lez \/ Manuel Vela para Mv Fotograf\u00eda Profesional \/ Edici\u00f3n y retoque www.pueblaexpres.com\" href=\"https:\/\/www.flickr.com\/photos\/manitas\/43672891614\/in\/album-72157697625520242\/\" data-flickr-embed=\"true\"><img loading=\"lazy\" decoding=\"async\" class=\"aligncenter\" src=\"https:\/\/farm2.staticflickr.com\/1886\/43672891614_acca8bbd70.jpg\" alt=\"MVF_4387 TA2018 \/ SUB17 \/ J08 LIGA | Club Puebla vs Club de Futbol Monterrey Rayados | Complejo Deportivo Los Olivos | Fotograf\u00edas Mara Gonz\u00e1lez \/ Manuel Vela para Mv Fotograf\u00eda Profesional \/ Edici\u00f3n y retoque www.pueblaexpres.com\" width=\"500\" height=\"333\" \/><\/a><script async src=\"\/\/embedr.flickr.com\/assets\/client-code.js\" charset=\"utf-8\"><\/script><\/p>\n<p><strong>LA OPINI\u00d3N EXPRESADA EN ESTA COLUMNA ES RESPONSABILIDAD DE QUIEN LA ESCRIBE Y NO BUSCA GENERAR CONFLICTOS ENTRE LOS INVOLUCRADOS, SINO GENERAR CONCIENCIA EN CADA LECTOR.<\/strong><\/p>\n<p>[miniflickr photoset_id=72157697625520242&amp;sortby=date-posted-asc&amp;per_page=21]<\/p>\n","protected":false},"excerpt":{"rendered":"<p>Redacci\u00f3n | Fotograf\u00edas Mara Gonz\u00e1lez @MaraGlez_BTR \/ Lyz Vega @lyz_vega \/ Sa\u00fal S\u00e1nchez \/ Manuel Vela @Mv_ManuelVela #PueblaExpres @PueblaExpres En el marco de la jornada 08 del Apertura 2018 del Torneo de Fuerzas B\u00e1sicas Sub 17 de la LIGA Bancomer MX Partido celebrado en la grama del Complejo Deportivo Los Olivos en la Ciudad de [&hellip;]<\/p>\n","protected":false},"author":2,"featured_media":9453,"comment_status":"open","ping_status":"open","sticky":false,"template":"","format":"standard","meta":{"footnotes":""},"categories":[8,42,166,79,13,3,171,1,7],"tags":[],"_links":{"self":[{"href":"https:\/\/pueblaexpres.com\/portal\/index.php?rest_route=\/wp\/v2\/posts\/9452"}],"collection":[{"href":"https:\/\/pueblaexpres.com\/portal\/index.php?rest_route=\/wp\/v2\/posts"}],"about":[{"href":"https:\/\/pueblaexpres.com\/portal\/index.php?rest_route=\/wp\/v2\/types\/post"}],"author":[{"embeddable":true,"href":"https:\/\/pueblaexpres.com\/portal\/index.php?rest_route=\/wp\/v2\/users\/2"}],"replies":[{"embeddable":true,"href":"https:\/\/pueblaexpres.com\/portal\/index.php?rest_route=%2Fwp%2Fv2%2Fcomments&post=9452"}],"version-history":[{"count":1,"href":"https:\/\/pueblaexpres.com\/portal\/index.php?rest_route=\/wp\/v2\/posts\/9452\/revisions"}],"predecessor-version":[{"id":9454,"href":"https:\/\/pueblaexpres.com\/portal\/index.php?rest_route=\/wp\/v2\/posts\/9452\/revisions\/9454"}],"wp:featuredmedia":[{"embeddable":true,"href":"https:\/\/pueblaexpres.com\/portal\/index.php?rest_route=\/wp\/v2\/media\/9453"}],"wp:attachment":[{"href":"https:\/\/pueblaexpres.com\/portal\/index.php?rest_route=%2Fwp%2Fv2%2Fmedia&parent=9452"}],"wp:term":[{"taxonomy":"category","embeddable":true,"href":"https:\/\/pueblaexpres.com\/portal\/index.php?rest_route=%2Fwp%2Fv2%2Fcategories&post=9452"},{"taxonomy":"post_tag","embeddable":true,"href":"https:\/\/pueblaexpres.com\/portal\/index.php?rest_route=%2Fwp%2Fv2%2Ftags&post=9452"}],"curies":[{"name":"wp","href":"https:\/\/api.w.org\/{rel}","templated":true}]}}