{"id":9449,"date":"2018-08-29T20:25:44","date_gmt":"2018-08-30T02:25:44","guid":{"rendered":"https:\/\/pueblaexpres.com\/portal\/?p=9449"},"modified":"2018-08-29T20:25:44","modified_gmt":"2018-08-30T02:25:44","slug":"automovilismo-el-proximo-9-de-septiembre-gran-premio-red-cola-autodromo-miguel-e-abed-nascar-peak-mexico-series-amozoc","status":"publish","type":"post","link":"https:\/\/pueblaexpres.com\/portal\/?p=9449","title":{"rendered":"[Automovilismo] El pr\u00f3ximo 9 de SEPTIEMBRE | Gran Premio Red Cola | Aut\u00f3dromo &#8220;Miguel E. Abed&#8221; NASCAR PEAK M\u00c9XICO SERIES | Amozoc"},"content":{"rendered":"<div name=\"googleone_share_1\" style=\"position:relative;z-index:5;float: right; margin-left: 10px;\"><g:plusone size=\"tall\" count=\"1\" href=\"https:\/\/pueblaexpres.com\/portal\/?p=9449\"><\/g:plusone><\/div><p><a href=\"https:\/\/pueblaexpres.com\/portal\/wp-content\/uploads\/2018\/08\/IMG_0042-2256x1506-800x534.jpg\"><img loading=\"lazy\" decoding=\"async\" class=\"wp-image-9450 aligncenter\" src=\"https:\/\/pueblaexpres.com\/portal\/wp-content\/uploads\/2018\/08\/IMG_0042-2256x1506-800x534.jpg\" alt=\"\" width=\"500\" height=\"334\" srcset=\"https:\/\/pueblaexpres.com\/portal\/wp-content\/uploads\/2018\/08\/IMG_0042-2256x1506-800x534.jpg 800w, https:\/\/pueblaexpres.com\/portal\/wp-content\/uploads\/2018\/08\/IMG_0042-2256x1506-800x534-300x200.jpg 300w, https:\/\/pueblaexpres.com\/portal\/wp-content\/uploads\/2018\/08\/IMG_0042-2256x1506-800x534-768x513.jpg 768w\" sizes=\"(max-width: 500px) 100vw, 500px\" \/><\/a><\/p>\n<p><strong>Redacci\u00f3n Departamento de Prensa NASCAR PEAK M\u00c9XICO SERIES | Fotograf\u00edas Mara Gonz\u00e1lez @MaraGlez_BTR \/\/ Manuel Vela @Mv_ManuelVela #PueblaExpres @PueblaExpres<\/strong><\/p>\n<p>Puebla recibir\u00e1 a la caravana de NASCAR PEAK M\u00e9xico Series presentado por Telcel por segunda vez en el a\u00f1o este 9 de septiembre, cuando se dispute el \u201cGran Premio Red Cola\u201d, que en esta ocasi\u00f3n usar\u00e1 el \u00f3valo del Aut\u00f3dromo Miguel E. Abed.<\/p>\n<p><a title=\"MVF_4140 [Automovilismo] El pr\u00f3ximo 9 de SEPTIEMBRE | Gran Premio Red Cola | Aut\u00f3dromo &quot;Miguel E. Abed&quot; NASCAR PEAK M\u00c9XICO SERIES | Amozoc Fotograf\u00eda @MaraGlez_BTR \/\/ Manuel Vela para Mv Fotograf\u00eda Profesional \/ Edici\u00f3n y retoque www.pueblaexpres.com\" href=\"https:\/\/www.flickr.com\/photos\/manitas\/43639205444\/in\/album-72157694941434160\/\" data-flickr-embed=\"true\"><img loading=\"lazy\" decoding=\"async\" class=\"aligncenter\" src=\"https:\/\/farm2.staticflickr.com\/1893\/43639205444_fac1991b33.jpg\" alt=\"MVF_4140 [Automovilismo] El pr\u00f3ximo 9 de SEPTIEMBRE | Gran Premio Red Cola | Aut\u00f3dromo &quot;Miguel E. Abed&quot; NASCAR PEAK M\u00c9XICO SERIES | Amozoc Fotograf\u00eda @MaraGlez_BTR \/\/ Manuel Vela para Mv Fotograf\u00eda Profesional \/ Edici\u00f3n y retoque www.pueblaexpres.com\" width=\"500\" height=\"334\" \/><\/a><script async src=\"\/\/embedr.flickr.com\/assets\/client-code.js\" charset=\"utf-8\"><\/script><\/p>\n<p>A diferencia del pasado 8 de julio, cuando la serie utiliz\u00f3 el trazado corto de 2.93 kil\u00f3metros, la octava fecha del campeonato ocupar\u00e1 el \u00f3valo de 2.06 kil\u00f3metros dependiendo de la categor\u00eda, tal como lo asegur\u00f3 en conferencia de prensa Humberto Garc\u00eda, Director de Operaciones de NASCAR PEAK M\u00e9xico Series.<!--more--><\/p>\n<p>\u201cLa pista tendr\u00e1 dos variantes: La F\u00f3rmula 1800 y la NASCAR FedEx Challenge correr\u00e1n el circuito corto, que comprende la primera parte del infield y la segunda parte del \u00f3valo. Para la NASCAR PEAK y MIKEL\u2019S Trucks preparamos el \u00f3valo, que es muy r\u00e1pido, con rectas muy largas.<\/p>\n<p><a title=\"IMG_0013 [Automovilismo] El pr\u00f3ximo 9 de SEPTIEMBRE | Gran Premio Red Cola | Aut\u00f3dromo &quot;Miguel E. Abed&quot; NASCAR PEAK M\u00c9XICO SERIES | Amozoc Fotograf\u00eda @MaraGlez_BTR \/\/ Manuel Vela para Mv Fotograf\u00eda Profesional \/ Edici\u00f3n y retoque www.pueblaexpres.com\" href=\"https:\/\/www.flickr.com\/photos\/manitas\/30488445508\/in\/album-72157694941434160\/\" data-flickr-embed=\"true\"><img loading=\"lazy\" decoding=\"async\" class=\"aligncenter\" src=\"https:\/\/farm2.staticflickr.com\/1862\/30488445508_982d811af2.jpg\" alt=\"IMG_0013 [Automovilismo] El pr\u00f3ximo 9 de SEPTIEMBRE | Gran Premio Red Cola | Aut\u00f3dromo &quot;Miguel E. Abed&quot; NASCAR PEAK M\u00c9XICO SERIES | Amozoc Fotograf\u00eda @MaraGlez_BTR \/\/ Manuel Vela para Mv Fotograf\u00eda Profesional \/ Edici\u00f3n y retoque www.pueblaexpres.com\" width=\"500\" height=\"333\" \/><\/a><script async src=\"\/\/embedr.flickr.com\/assets\/client-code.js\" charset=\"utf-8\"><\/script><\/p>\n<p>Para realizar los cambios de configuraci\u00f3n de la pista el d\u00eda de la carrera, el directivo se\u00f1al\u00f3 que \u201cen el programa del domingo correr\u00e1n primero la F\u00f3rmula 1800 y la FedEx Challenge y luego modificaremos del trazado al \u00f3valo, para que se realicen las competencias tanto de MIKEL\u2019S Trucks como de la NASCAR PEAK\u201d.<\/p>\n<p>A la rueda de prensa tambi\u00e9n asistieron Majo Rodr\u00edguez, piloto de MIKEL\u2019S Trucks, Andr\u00e9s Orea, piloto de FedEx Challenge, as\u00ed como Alfredo S\u00e1nchez Navarro, Director de Operaciones del Aut\u00f3dromo Miguel E. Abed, Arturo Ch\u00e1vez, Director de Operaciones de FBH\u00d6N presenta MIKEL\u2019S Trucks, piloto de acrobacias.<\/p>\n<p><a title=\"MVF_4091 [Automovilismo] El pr\u00f3ximo 9 de SEPTIEMBRE | Gran Premio Red Cola | Aut\u00f3dromo &quot;Miguel E. Abed&quot; NASCAR PEAK M\u00c9XICO SERIES | Amozoc Fotograf\u00eda @MaraGlez_BTR \/\/ Manuel Vela para Mv Fotograf\u00eda Profesional \/ Edici\u00f3n y retoque www.pueblaexpres.com\" href=\"https:\/\/www.flickr.com\/photos\/manitas\/44355237521\/in\/album-72157694941434160\/\" data-flickr-embed=\"true\"><img loading=\"lazy\" decoding=\"async\" class=\"aligncenter\" src=\"https:\/\/farm2.staticflickr.com\/1893\/44355237521_6e4bbd5363.jpg\" alt=\"MVF_4091 [Automovilismo] El pr\u00f3ximo 9 de SEPTIEMBRE | Gran Premio Red Cola | Aut\u00f3dromo &quot;Miguel E. Abed&quot; NASCAR PEAK M\u00c9XICO SERIES | Amozoc Fotograf\u00eda @MaraGlez_BTR \/\/ Manuel Vela para Mv Fotograf\u00eda Profesional \/ Edici\u00f3n y retoque www.pueblaexpres.com\" width=\"500\" height=\"334\" \/><\/a><script async src=\"\/\/embedr.flickr.com\/assets\/client-code.js\" charset=\"utf-8\"><\/script><\/p>\n<p><strong>LA OPINI\u00d3N EXPRESADA EN ESTA COLUMNA ES RESPONSABILIDAD DE QUIEN LA ESCRIBE Y NO BUSCA GENERAR CONFLICTOS ENTRE LOS INVOLUCRADOS, SI NO GENERAR CONCIENCIA EN CADA LECTOR.<\/strong><\/p>\n<p>[miniflickr photoset_id=72157694941434160&amp;sortby=date-posted-asc&amp;per_page=11]<\/p>\n","protected":false},"excerpt":{"rendered":"<p>Redacci\u00f3n Departamento de Prensa NASCAR PEAK M\u00c9XICO SERIES | Fotograf\u00edas Mara Gonz\u00e1lez @MaraGlez_BTR \/\/ Manuel Vela @Mv_ManuelVela #PueblaExpres @PueblaExpres Puebla recibir\u00e1 a la caravana de NASCAR PEAK M\u00e9xico Series presentado por Telcel por segunda vez en el a\u00f1o este 9 de septiembre, cuando se dispute el \u201cGran Premio Red Cola\u201d, que en esta ocasi\u00f3n usar\u00e1 [&hellip;]<\/p>\n","protected":false},"author":2,"featured_media":9450,"comment_status":"open","ping_status":"open","sticky":false,"template":"","format":"standard","meta":{"footnotes":""},"categories":[8,116,42,166,36,171,1,7],"tags":[],"_links":{"self":[{"href":"https:\/\/pueblaexpres.com\/portal\/index.php?rest_route=\/wp\/v2\/posts\/9449"}],"collection":[{"href":"https:\/\/pueblaexpres.com\/portal\/index.php?rest_route=\/wp\/v2\/posts"}],"about":[{"href":"https:\/\/pueblaexpres.com\/portal\/index.php?rest_route=\/wp\/v2\/types\/post"}],"author":[{"embeddable":true,"href":"https:\/\/pueblaexpres.com\/portal\/index.php?rest_route=\/wp\/v2\/users\/2"}],"replies":[{"embeddable":true,"href":"https:\/\/pueblaexpres.com\/portal\/index.php?rest_route=%2Fwp%2Fv2%2Fcomments&post=9449"}],"version-history":[{"count":1,"href":"https:\/\/pueblaexpres.com\/portal\/index.php?rest_route=\/wp\/v2\/posts\/9449\/revisions"}],"predecessor-version":[{"id":9451,"href":"https:\/\/pueblaexpres.com\/portal\/index.php?rest_route=\/wp\/v2\/posts\/9449\/revisions\/9451"}],"wp:featuredmedia":[{"embeddable":true,"href":"https:\/\/pueblaexpres.com\/portal\/index.php?rest_route=\/wp\/v2\/media\/9450"}],"wp:attachment":[{"href":"https:\/\/pueblaexpres.com\/portal\/index.php?rest_route=%2Fwp%2Fv2%2Fmedia&parent=9449"}],"wp:term":[{"taxonomy":"category","embeddable":true,"href":"https:\/\/pueblaexpres.com\/portal\/index.php?rest_route=%2Fwp%2Fv2%2Fcategories&post=9449"},{"taxonomy":"post_tag","embeddable":true,"href":"https:\/\/pueblaexpres.com\/portal\/index.php?rest_route=%2Fwp%2Fv2%2Ftags&post=9449"}],"curies":[{"name":"wp","href":"https:\/\/api.w.org\/{rel}","templated":true}]}}