{"id":9443,"date":"2018-08-27T07:13:06","date_gmt":"2018-08-27T13:13:06","guid":{"rendered":"https:\/\/pueblaexpres.com\/portal\/?p=9443"},"modified":"2018-08-27T07:13:06","modified_gmt":"2018-08-27T13:13:06","slug":"espectaculos-10-de-noviembre-2030-horas-4-latidos-tour-camila-sin-bandera-acropolis-puebla","status":"publish","type":"post","link":"https:\/\/pueblaexpres.com\/portal\/?p=9443","title":{"rendered":"[Espect\u00e1culos] 10 de Noviembre 20:30 Horas | 4 Latidos Tour | Camila &#038; Sin Bandera | Acr\u00f3polis Puebla"},"content":{"rendered":"<div name=\"googleone_share_1\" style=\"position:relative;z-index:5;float: right; margin-left: 10px;\"><g:plusone size=\"tall\" count=\"1\" href=\"https:\/\/pueblaexpres.com\/portal\/?p=9443\"><\/g:plusone><\/div><p><a href=\"https:\/\/pueblaexpres.com\/portal\/wp-content\/uploads\/2018\/08\/IMG_20180826_222853.jpg\"><img loading=\"lazy\" decoding=\"async\" class=\"wp-image-9444 aligncenter\" src=\"https:\/\/pueblaexpres.com\/portal\/wp-content\/uploads\/2018\/08\/IMG_20180826_222853.jpg\" alt=\"\" width=\"501\" height=\"685\" srcset=\"https:\/\/pueblaexpres.com\/portal\/wp-content\/uploads\/2018\/08\/IMG_20180826_222853.jpg 720w, https:\/\/pueblaexpres.com\/portal\/wp-content\/uploads\/2018\/08\/IMG_20180826_222853-219x300.jpg 219w\" sizes=\"(max-width: 501px) 100vw, 501px\" \/><\/a><\/p>\n<p><strong>Redacci\u00f3n | Fotograf\u00edas Cortes\u00eda #PueblaExpres @PueblaExpres<\/strong><\/p>\n<p>4 Latinos Tour<\/p>\n<p>Dos de los grupos m\u00e1s grandes del pop latinoamericano, Camila &amp; Sin Bandera, unen fuerzas para una inolvidable gira llena de romanticismo: 4 Latidos Tour.<\/p>\n<p>Por primera vez en el mismo escenario en Puebla y varias fechas anunciadas en M\u00e9xico.<\/p>\n<p><a title=\"IMG_0001 [Espect\u00e1culos] 10 de Noviembre 20:30 Horas | 4 Latidos Tour | Camila &amp; Sin Bandera | Acr\u00f3polis Puebla Fotograf\u00edas Cortes\u00eda para Mv Fotograf\u00eda Profesional \/ Edici\u00f3n y retoque www.pueblaexpres.com\" href=\"https:\/\/www.flickr.com\/photos\/manitas\/30433493378\/in\/album-72157697475278842\/\" data-flickr-embed=\"true\"><img loading=\"lazy\" decoding=\"async\" class=\"aligncenter\" src=\"https:\/\/farm2.staticflickr.com\/1848\/30433493378_bd4f27b709.jpg\" alt=\"IMG_0001 [Espect\u00e1culos] 10 de Noviembre 20:30 Horas | 4 Latidos Tour | Camila &amp; Sin Bandera | Acr\u00f3polis Puebla Fotograf\u00edas Cortes\u00eda para Mv Fotograf\u00eda Profesional \/ Edici\u00f3n y retoque www.pueblaexpres.com\" width=\"500\" height=\"375\" \/><\/a><script async src=\"\/\/embedr.flickr.com\/assets\/client-code.js\" charset=\"utf-8\"><\/script><\/p>\n<p>La agrupaci\u00f3n de Sin Bandera conformada por el argentino Noel Schajris y el mexicano Leonel Garc\u00eda unir\u00e1 fuerzas junto al grupo Camila, conformado por Mario Domm y Pablo Hurtado.<\/p>\n<p>La Gira comenz\u00f3 en Chicago durante el mes de Agosto, para continuar en Septiembre en California, Texas. En octubre estar\u00e1 en Miami.<\/p>\n<p>Finalmente el 10 de Noviembre por primera vez en Puebla, \u201c4 Latinos Tour\u201d llegar\u00e1 al Centro de Espect\u00e1culos Acr\u00f3polis donde el P\u00fablico Poblano podr\u00e1 disfrutar lo mejor de ambos estilos en un solo concierto.<!--more--><\/p>\n<p>El talento de Camila &amp; Sin Bandera ha sido reconocido con los premios m\u00e1s importantes de la industria musical, Lat\u00edn Grammy, Lat\u00edn Billboard, Vi\u00f1a del Mar, decenas de certificaciones discogr\u00e1ficas por las altas ventas de sus \u00e1lbumes y localidades agotadas de los m\u00e1s importantes recintos en m\u00e1s de 21 pa\u00edses<\/p>\n<p><a title=\"IMG_0001 [Espect\u00e1culos] 10 de Noviembre 20:30 Horas | 4 Latidos Tour | Camila &amp; Sin Bandera | Acr\u00f3polis Puebla Fotograf\u00edas Cortes\u00eda para Mv Fotograf\u00eda Profesional \/ Edici\u00f3n y retoque www.pueblaexpres.com\" href=\"https:\/\/www.flickr.com\/photos\/manitas\/44300503151\/in\/album-72157697475278842\/\" data-flickr-embed=\"true\"><img loading=\"lazy\" decoding=\"async\" class=\"aligncenter\" src=\"https:\/\/farm2.staticflickr.com\/1896\/44300503151_03cfc1aecf.jpg\" alt=\"IMG_0001 [Espect\u00e1culos] 10 de Noviembre 20:30 Horas | 4 Latidos Tour | Camila &amp; Sin Bandera | Acr\u00f3polis Puebla Fotograf\u00edas Cortes\u00eda para Mv Fotograf\u00eda Profesional \/ Edici\u00f3n y retoque www.pueblaexpres.com\" width=\"389\" height=\"500\" \/><\/a><script async src=\"\/\/embedr.flickr.com\/assets\/client-code.js\" charset=\"utf-8\"><\/script><\/p>\n<p>Puebla ser\u00e1 la octava ciudad donde el p\u00fablico tendr\u00e1 la oportunidad de cantar a todo pulm\u00f3n canciones como \u201cMientes tan Bien\u201d, \u201cKilometros\u201d, \u201cSuelta mi Mano\u201d, \u201cEntra en mi vida\u201d de Sin Bandera, as\u00ed como \u201cB\u00e9same\u201d, \u201cMientes\u201d, \u201cTodo Cambio\u201d, \u201cAl\u00e9jate de m\u00ed\u201d, por parte de Camila.<\/p>\n<p>Los shows se extender\u00e1n hasta el 2019.<\/p>\n<p>La venta de boletos para este concierto es a trav\u00e9s del sistema en l\u00ednea www.superboletos.com y puntos de venta autorizados.<\/p>\n<p>Para mayor facilidad esta es la liga directa de venta: https:\/\/web.superboletos.com\/SuperBoletos\/PUEBLA\/CONCIERTO\/-LATIDOS-TOUR\/9c3BrXSBDEVt7370MVAUNnCpuA<\/p>\n<p><a title=\"IMG_0001 [Espect\u00e1culos] 10 de Noviembre 20:30 Horas | 4 Latidos Tour | Camila &amp; Sin Bandera | Acr\u00f3polis Puebla Fotograf\u00edas Cortes\u00eda para Mv Fotograf\u00eda Profesional \/ Edici\u00f3n y retoque www.pueblaexpres.com\" href=\"https:\/\/www.flickr.com\/photos\/manitas\/30433493698\/in\/album-72157697475278842\/\" data-flickr-embed=\"true\"><img loading=\"lazy\" decoding=\"async\" class=\"aligncenter\" src=\"https:\/\/farm2.staticflickr.com\/1856\/30433493698_1e69aa92ac.jpg\" alt=\"IMG_0001 [Espect\u00e1culos] 10 de Noviembre 20:30 Horas | 4 Latidos Tour | Camila &amp; Sin Bandera | Acr\u00f3polis Puebla Fotograf\u00edas Cortes\u00eda para Mv Fotograf\u00eda Profesional \/ Edici\u00f3n y retoque www.pueblaexpres.com\" width=\"365\" height=\"500\" \/><\/a><script async src=\"\/\/embedr.flickr.com\/assets\/client-code.js\" charset=\"utf-8\"><\/script><\/p>\n<p style=\"text-align: center;\"><strong>LOCALIDADES:<\/strong><\/p>\n<p style=\"text-align: center;\"><strong>GRAN VIP $2,970.00 MX<\/strong><br \/>\n<strong> BOXES $1,870.00 MX<\/strong><br \/>\n<strong> 1ER NIVEL CENTRAL $1,705.00 MX<\/strong><br \/>\n<strong> 1ER NIVEL PREFERENTE $1,650.00 MX<\/strong><br \/>\n<strong> 1ER NIVEL $1,595.00 MX<\/strong><br \/>\n<strong> 1ER NIVEL LUNETA $1,595.00 MX<\/strong><br \/>\n<strong> VIP $1,540.00 MX<\/strong><br \/>\n<strong> 2DO NIVEL CENTRAL $880.00 MX<\/strong><br \/>\n<strong> 2DO NIVEL $770.00 MX<\/strong><br \/>\n<strong> 2DO NIVEL LUNETA $770.00 MX<\/strong><br \/>\n<strong> 2DO NIVEL PREFERENTE $770.00 MX<\/strong><br \/>\n<strong> TERCER NIVEL GENERAL $385.00 MX<\/strong><\/p>\n<p><a title=\"IMG_0001 [Espect\u00e1culos] 10 de Noviembre 20:30 Horas | 4 Latidos Tour | Camila &amp; Sin Bandera | Acr\u00f3polis Puebla Fotograf\u00edas Cortes\u00eda para Mv Fotograf\u00eda Profesional \/ Edici\u00f3n y retoque www.pueblaexpres.com\" href=\"https:\/\/www.flickr.com\/photos\/manitas\/42492685970\/in\/album-72157697475278842\/\" data-flickr-embed=\"true\"><img loading=\"lazy\" decoding=\"async\" class=\"aligncenter\" src=\"https:\/\/farm2.staticflickr.com\/1849\/42492685970_922b763a57.jpg\" alt=\"IMG_0001 [Espect\u00e1culos] 10 de Noviembre 20:30 Horas | 4 Latidos Tour | Camila &amp; Sin Bandera | Acr\u00f3polis Puebla Fotograf\u00edas Cortes\u00eda para Mv Fotograf\u00eda Profesional \/ Edici\u00f3n y retoque www.pueblaexpres.com\" width=\"367\" height=\"500\" \/><\/a><script async src=\"\/\/embedr.flickr.com\/assets\/client-code.js\" charset=\"utf-8\"><\/script><\/p>\n<p>Evento sujeto a cargo x servicio por el sistema www.superboletos.com los cuales NO est\u00e1n incluidos en el precio listado.<\/p>\n<p>Amigo lector le pedimos contin\u00fae al pendiente de nuestras redes sociales y nuestro portal en la secci\u00f3n ESPECT\u00c1CULOS, ya que en el encontrar\u00e1 los mejor eventos\u2026<\/p>\n<p><strong>LA OPINI\u00d3N EXPRESADA EN ESTA COLUMNA ES RESPONSABILIDAD DE QUIEN LA ESCRIBE Y NO BUSCA GENERAR CONFLICTOS ENTRE LOS INVOLUCRADOS, SI NO GENERAR CONCIENCIA EN CADA LECTOR.<\/strong><\/p>\n<p>[miniflickr photoset_id=72157697475278842&amp;sortby=date-posted-asc&amp;per_page=4]<\/p>\n","protected":false},"excerpt":{"rendered":"<p>Redacci\u00f3n | Fotograf\u00edas Cortes\u00eda #PueblaExpres @PueblaExpres 4 Latinos Tour Dos de los grupos m\u00e1s grandes del pop latinoamericano, Camila &amp; Sin Bandera, unen fuerzas para una inolvidable gira llena de romanticismo: 4 Latidos Tour. Por primera vez en el mismo escenario en Puebla y varias fechas anunciadas en M\u00e9xico. La agrupaci\u00f3n de Sin Bandera conformada [&hellip;]<\/p>\n","protected":false},"author":2,"featured_media":9444,"comment_status":"open","ping_status":"open","sticky":false,"template":"","format":"standard","meta":{"footnotes":""},"categories":[8,42,166,170,36,171,1,7],"tags":[],"_links":{"self":[{"href":"https:\/\/pueblaexpres.com\/portal\/index.php?rest_route=\/wp\/v2\/posts\/9443"}],"collection":[{"href":"https:\/\/pueblaexpres.com\/portal\/index.php?rest_route=\/wp\/v2\/posts"}],"about":[{"href":"https:\/\/pueblaexpres.com\/portal\/index.php?rest_route=\/wp\/v2\/types\/post"}],"author":[{"embeddable":true,"href":"https:\/\/pueblaexpres.com\/portal\/index.php?rest_route=\/wp\/v2\/users\/2"}],"replies":[{"embeddable":true,"href":"https:\/\/pueblaexpres.com\/portal\/index.php?rest_route=%2Fwp%2Fv2%2Fcomments&post=9443"}],"version-history":[{"count":1,"href":"https:\/\/pueblaexpres.com\/portal\/index.php?rest_route=\/wp\/v2\/posts\/9443\/revisions"}],"predecessor-version":[{"id":9445,"href":"https:\/\/pueblaexpres.com\/portal\/index.php?rest_route=\/wp\/v2\/posts\/9443\/revisions\/9445"}],"wp:featuredmedia":[{"embeddable":true,"href":"https:\/\/pueblaexpres.com\/portal\/index.php?rest_route=\/wp\/v2\/media\/9444"}],"wp:attachment":[{"href":"https:\/\/pueblaexpres.com\/portal\/index.php?rest_route=%2Fwp%2Fv2%2Fmedia&parent=9443"}],"wp:term":[{"taxonomy":"category","embeddable":true,"href":"https:\/\/pueblaexpres.com\/portal\/index.php?rest_route=%2Fwp%2Fv2%2Fcategories&post=9443"},{"taxonomy":"post_tag","embeddable":true,"href":"https:\/\/pueblaexpres.com\/portal\/index.php?rest_route=%2Fwp%2Fv2%2Ftags&post=9443"}],"curies":[{"name":"wp","href":"https:\/\/api.w.org\/{rel}","templated":true}]}}