{"id":9430,"date":"2018-08-19T14:29:17","date_gmt":"2018-08-19T20:29:17","guid":{"rendered":"https:\/\/pueblaexpres.com\/portal\/?p=9430"},"modified":"2018-08-24T14:41:07","modified_gmt":"2018-08-24T20:41:07","slug":"espectaculos-e-s-p-e-c-t-a-c-u-l-a-r-banda-ms-en-puebla-tourcontodaslasfuerzas-acropolis-puebla","status":"publish","type":"post","link":"https:\/\/pueblaexpres.com\/portal\/?p=9430","title":{"rendered":"[Espect\u00e1culos] E S P E C T A C U L A R | Banda MS en Puebla | #TourConTodasLasFuerzas | Acr\u00f3polis Puebla"},"content":{"rendered":"<div name=\"googleone_share_1\" style=\"position:relative;z-index:5;float: right; margin-left: 10px;\"><g:plusone size=\"tall\" count=\"1\" href=\"https:\/\/pueblaexpres.com\/portal\/?p=9430\"><\/g:plusone><\/div><p><a href=\"https:\/\/pueblaexpres.com\/portal\/wp-content\/uploads\/2018\/08\/IMG_0434-2256x1503-800x533.jpg\"><img loading=\"lazy\" decoding=\"async\" class=\"wp-image-9431 aligncenter\" src=\"https:\/\/pueblaexpres.com\/portal\/wp-content\/uploads\/2018\/08\/IMG_0434-2256x1503-800x533.jpg\" alt=\"\" width=\"501\" height=\"334\" srcset=\"https:\/\/pueblaexpres.com\/portal\/wp-content\/uploads\/2018\/08\/IMG_0434-2256x1503-800x533.jpg 800w, https:\/\/pueblaexpres.com\/portal\/wp-content\/uploads\/2018\/08\/IMG_0434-2256x1503-800x533-300x200.jpg 300w, https:\/\/pueblaexpres.com\/portal\/wp-content\/uploads\/2018\/08\/IMG_0434-2256x1503-800x533-768x512.jpg 768w\" sizes=\"(max-width: 501px) 100vw, 501px\" \/><\/a><\/p>\n<p><strong>Redacci\u00f3n | Fotograf\u00edas Mara Gonz\u00e1lez @MaraGlez_BTR #PueblaExpres @PueblaExpres<\/strong><\/p>\n<p>Acr\u00f3polis la capital de los espect\u00e1culos en Puebla m\u00e1s grupero que nunca, ya que La Banda Sinaloense MS originaria de Mazatl\u00e1n, Sinaloa, y formada en el a\u00f1o 2003, hizo bailar y cantar a todos los asistentes a su concierto, con su #TourConTodasLasFuerzas<\/p>\n<p><a title=\"MVF_0241 [Espect\u00e1culos] E S P E C T A C U L A R | Banda MS en Puebla | #TourConTodasLasFuerzas | Acr\u00f3polis Puebla Fotograf\u00edas Mara Gonz\u00e1lez @MaraGlez_BTR #PueblaExpres para Mv Fotograf\u00eda Profesional \/ Edici\u00f3n y retoque www.pueblaexpres.com\" href=\"https:\/\/www.flickr.com\/photos\/manitas\/29308151097\/in\/dateposted-public\/\" data-flickr-embed=\"true\"><img loading=\"lazy\" decoding=\"async\" class=\"aligncenter\" src=\"https:\/\/farm2.staticflickr.com\/1882\/29308151097_242523b489.jpg\" alt=\"MVF_0241 [Espect\u00e1culos] E S P E C T A C U L A R | Banda MS en Puebla | #TourConTodasLasFuerzas | Acr\u00f3polis Puebla Fotograf\u00edas Mara Gonz\u00e1lez @MaraGlez_BTR #PueblaExpres para Mv Fotograf\u00eda Profesional \/ Edici\u00f3n y retoque www.pueblaexpres.com\" width=\"500\" height=\"333\" \/><\/a><script async src=\"\/\/embedr.flickr.com\/assets\/client-code.js\" charset=\"utf-8\"><\/script><\/p>\n<p>El pasado viernes 18 de Agosto, Festejando XV a\u00f1os so\u00f1ando la Banda MS con gran \u00e9xito se present\u00f3 en Puebla.<\/p>\n<p>Minutos antes de comenzar el concierto, Banda MS se dio un tiempo para la Conferencia de Prensa.<\/p>\n<p><a title=\"IMG_0434 [Espect\u00e1culos] E S P E C T A C U L A R | Banda MS en Puebla | #TourConTodasLasFuerzas | Acr\u00f3polis Puebla Fotograf\u00edas Mara Gonz\u00e1lez @MaraGlez_BTR #PueblaExpres para Mv Fotograf\u00eda Profesional \/ Edici\u00f3n y retoque www.pueblaexpres.com\" href=\"https:\/\/www.flickr.com\/photos\/manitas\/42436223860\/in\/dateposted-public\/\" data-flickr-embed=\"true\"><img loading=\"lazy\" decoding=\"async\" class=\"aligncenter\" src=\"https:\/\/farm2.staticflickr.com\/1851\/42436223860_41b1eca768.jpg\" alt=\"IMG_0434 [Espect\u00e1culos] E S P E C T A C U L A R | Banda MS en Puebla | #TourConTodasLasFuerzas | Acr\u00f3polis Puebla Fotograf\u00edas Mara Gonz\u00e1lez @MaraGlez_BTR #PueblaExpres para Mv Fotograf\u00eda Profesional \/ Edici\u00f3n y retoque www.pueblaexpres.com\" width=\"500\" height=\"333\" \/><\/a><script async src=\"\/\/embedr.flickr.com\/assets\/client-code.js\" charset=\"utf-8\"><\/script><\/p>\n<p>Dieron a conocer que regresaran a Puebla el pr\u00f3ximo 15 de Septiembre en Plaza la Victoria para festejar con los Poblanos el grito de Independencia.<!--more--><\/p>\n<p>Pasadas las 20:30 horas hicieron su aparici\u00f3n los integrantes, los sonidos de los clarinetes, la tuba, el tromb\u00f3n y la tambora hicieron que la euforia y la emoci\u00f3n se desataran.<\/p>\n<p><a title=\"IMG_0269 [Espect\u00e1culos] E S P E C T A C U L A R | Banda MS en Puebla | #TourConTodasLasFuerzas | Acr\u00f3polis Puebla Fotograf\u00edas Mara Gonz\u00e1lez @MaraGlez_BTR #PueblaExpres para Mv Fotograf\u00eda Profesional \/ Edici\u00f3n y retoque www.pueblaexpres.com\" href=\"https:\/\/www.flickr.com\/photos\/manitas\/29308153197\/in\/dateposted-public\/\" data-flickr-embed=\"true\"><img loading=\"lazy\" decoding=\"async\" class=\"aligncenter\" src=\"https:\/\/farm2.staticflickr.com\/1832\/29308153197_df328e2b44.jpg\" alt=\"IMG_0269 [Espect\u00e1culos] E S P E C T A C U L A R | Banda MS en Puebla | #TourConTodasLasFuerzas | Acr\u00f3polis Puebla Fotograf\u00edas Mara Gonz\u00e1lez @MaraGlez_BTR #PueblaExpres para Mv Fotograf\u00eda Profesional \/ Edici\u00f3n y retoque www.pueblaexpres.com\" width=\"500\" height=\"333\" \/><\/a><script async src=\"\/\/embedr.flickr.com\/assets\/client-code.js\" charset=\"utf-8\"><\/script><\/p>\n<p>Los gritos se dejaron escuchar, despu\u00e9s de que aparecieran en escena los vocalistas Alan Ram\u00edrez y Oswaldo Silvas. Uniformados con pantal\u00f3n negro y saco de igual color con vivos dorados, en donde no pod\u00edan faltar sus cinturones con las letras MS en la hebilla.<\/p>\n<p>Festejando XV a\u00f1os so\u00f1ando, durante m\u00e1s de dos horas y media, deleitaron a sus fans con sus temas m\u00e1s representativos \u201cMe vas a extra\u00f1ar\u201d, \u201cNo me pidas perd\u00f3n\u201d, \u201cH\u00e1blame de ti\u201d, \u201cPi\u00e9nsalo\u201d, \u201cEl color de tus ojos\u201d, \u201cDe ti enamorado\u201d, \u201cHermosa experiencia\u201d entre muchas m\u00e1s.<\/p>\n<p><a title=\"IMG_0419 [Espect\u00e1culos] E S P E C T A C U L A R | Banda MS en Puebla | #TourConTodasLasFuerzas | Acr\u00f3polis Puebla Fotograf\u00edas Mara Gonz\u00e1lez @MaraGlez_BTR #PueblaExpres para Mv Fotograf\u00eda Profesional \/ Edici\u00f3n y retoque www.pueblaexpres.com\" href=\"https:\/\/www.flickr.com\/photos\/manitas\/42436224060\/in\/dateposted-public\/\" data-flickr-embed=\"true\"><img loading=\"lazy\" decoding=\"async\" class=\"aligncenter\" src=\"https:\/\/farm2.staticflickr.com\/1890\/42436224060_2f4707cb64.jpg\" alt=\"IMG_0419 [Espect\u00e1culos] E S P E C T A C U L A R | Banda MS en Puebla | #TourConTodasLasFuerzas | Acr\u00f3polis Puebla Fotograf\u00edas Mara Gonz\u00e1lez @MaraGlez_BTR #PueblaExpres para Mv Fotograf\u00eda Profesional \/ Edici\u00f3n y retoque www.pueblaexpres.com\" width=\"500\" height=\"334\" \/><\/a><script async src=\"\/\/embedr.flickr.com\/assets\/client-code.js\" charset=\"utf-8\"><\/script><\/p>\n<p>La Banda MS expres\u00f3 a los asistentes el privilegio de poder estar con sus fans a quienes correspondieron cantando a todo pulm\u00f3n cada una de sus melod\u00edas, reconociendo y agradeciendo que desde distintas entidades llegaron a la capital poblana para poder verlos.<\/p>\n<p>Amigo lector le pedimos contin\u00fae al pendiente de nuestras redes sociales y nuestro portal en la secci\u00f3n ESPECT\u00c1CULOS, ya que en el encontrar\u00e1 los mejor eventos\u2026<\/p>\n<p><a title=\"IMG_0507 [Espect\u00e1culos] E S P E C T A C U L A R | Banda MS en Puebla | #TourConTodasLasFuerzas | Acr\u00f3polis Puebla Fotograf\u00edas Mara Gonz\u00e1lez @MaraGlez_BTR #PueblaExpres para Mv Fotograf\u00eda Profesional \/ Edici\u00f3n y retoque www.pueblaexpres.com\" href=\"https:\/\/www.flickr.com\/photos\/manitas\/42436223680\/in\/dateposted-public\/\" data-flickr-embed=\"true\"><img loading=\"lazy\" decoding=\"async\" class=\"aligncenter\" src=\"https:\/\/farm2.staticflickr.com\/1811\/42436223680_c521b59f76.jpg\" alt=\"IMG_0507 [Espect\u00e1culos] E S P E C T A C U L A R | Banda MS en Puebla | #TourConTodasLasFuerzas | Acr\u00f3polis Puebla Fotograf\u00edas Mara Gonz\u00e1lez @MaraGlez_BTR #PueblaExpres para Mv Fotograf\u00eda Profesional \/ Edici\u00f3n y retoque www.pueblaexpres.com\" width=\"500\" height=\"334\" \/><\/a><script async src=\"\/\/embedr.flickr.com\/assets\/client-code.js\" charset=\"utf-8\"><\/script><\/p>\n<p><strong>LA OPINI\u00d3N EXPRESADA EN ESTA COLUMNA ES RESPONSABILIDAD DE QUIEN LA ESCRIBE Y NO BUSCA GENERAR CONFLICTOS ENTRE LOS INVOLUCRADOS, SINO GENERAR CONCIENCIA EN CADA LECTOR.<\/strong><\/p>\n<p>[miniflickr photoset_id=72157697376823602&amp;sortby=date-posted-asc&amp;per_page=18]<\/p>\n","protected":false},"excerpt":{"rendered":"<p>Redacci\u00f3n | Fotograf\u00edas Mara Gonz\u00e1lez @MaraGlez_BTR #PueblaExpres @PueblaExpres Acr\u00f3polis la capital de los espect\u00e1culos en Puebla m\u00e1s grupero que nunca, ya que La Banda Sinaloense MS originaria de Mazatl\u00e1n, Sinaloa, y formada en el a\u00f1o 2003, hizo bailar y cantar a todos los asistentes a su concierto, con su #TourConTodasLasFuerzas El pasado viernes 18 de [&hellip;]<\/p>\n","protected":false},"author":2,"featured_media":9431,"comment_status":"open","ping_status":"open","sticky":false,"template":"","format":"standard","meta":{"footnotes":""},"categories":[8,42,166,170,36,171,1,7],"tags":[],"_links":{"self":[{"href":"https:\/\/pueblaexpres.com\/portal\/index.php?rest_route=\/wp\/v2\/posts\/9430"}],"collection":[{"href":"https:\/\/pueblaexpres.com\/portal\/index.php?rest_route=\/wp\/v2\/posts"}],"about":[{"href":"https:\/\/pueblaexpres.com\/portal\/index.php?rest_route=\/wp\/v2\/types\/post"}],"author":[{"embeddable":true,"href":"https:\/\/pueblaexpres.com\/portal\/index.php?rest_route=\/wp\/v2\/users\/2"}],"replies":[{"embeddable":true,"href":"https:\/\/pueblaexpres.com\/portal\/index.php?rest_route=%2Fwp%2Fv2%2Fcomments&post=9430"}],"version-history":[{"count":1,"href":"https:\/\/pueblaexpres.com\/portal\/index.php?rest_route=\/wp\/v2\/posts\/9430\/revisions"}],"predecessor-version":[{"id":9432,"href":"https:\/\/pueblaexpres.com\/portal\/index.php?rest_route=\/wp\/v2\/posts\/9430\/revisions\/9432"}],"wp:featuredmedia":[{"embeddable":true,"href":"https:\/\/pueblaexpres.com\/portal\/index.php?rest_route=\/wp\/v2\/media\/9431"}],"wp:attachment":[{"href":"https:\/\/pueblaexpres.com\/portal\/index.php?rest_route=%2Fwp%2Fv2%2Fmedia&parent=9430"}],"wp:term":[{"taxonomy":"category","embeddable":true,"href":"https:\/\/pueblaexpres.com\/portal\/index.php?rest_route=%2Fwp%2Fv2%2Fcategories&post=9430"},{"taxonomy":"post_tag","embeddable":true,"href":"https:\/\/pueblaexpres.com\/portal\/index.php?rest_route=%2Fwp%2Fv2%2Ftags&post=9430"}],"curies":[{"name":"wp","href":"https:\/\/api.w.org\/{rel}","templated":true}]}}