{"id":9427,"date":"2018-08-24T06:48:33","date_gmt":"2018-08-24T12:48:33","guid":{"rendered":"https:\/\/pueblaexpres.com\/portal\/?p=9427"},"modified":"2018-08-24T06:48:33","modified_gmt":"2018-08-24T12:48:33","slug":"espectaculos-05-octubre-1800-horas-banda-el-recodo-de-don-cruz-lizarraga-en-puebla-gira-ayer-hoy-parque-soria-san-andres-cholula","status":"publish","type":"post","link":"https:\/\/pueblaexpres.com\/portal\/?p=9427","title":{"rendered":"[Espect\u00e1culos] 05 Octubre 18:00 horas | Banda El Recodo de Don Cruz Liz\u00e1rraga en Puebla | Gira \u201cAyer &#038; Hoy\u201d | \u201cParque Soria\u201d San Andr\u00e9s Cholula"},"content":{"rendered":"<div name=\"googleone_share_1\" style=\"position:relative;z-index:5;float: right; margin-left: 10px;\"><g:plusone size=\"tall\" count=\"1\" href=\"https:\/\/pueblaexpres.com\/portal\/?p=9427\"><\/g:plusone><\/div><p><a href=\"https:\/\/pueblaexpres.com\/portal\/wp-content\/uploads\/2018\/08\/CONFERENCIA-EL-RECODO-01-800x450.jpg\"><img loading=\"lazy\" decoding=\"async\" class=\"wp-image-9428 aligncenter\" src=\"https:\/\/pueblaexpres.com\/portal\/wp-content\/uploads\/2018\/08\/CONFERENCIA-EL-RECODO-01-800x450.jpg\" alt=\"\" width=\"533\" height=\"300\" srcset=\"https:\/\/pueblaexpres.com\/portal\/wp-content\/uploads\/2018\/08\/CONFERENCIA-EL-RECODO-01-800x450.jpg 800w, https:\/\/pueblaexpres.com\/portal\/wp-content\/uploads\/2018\/08\/CONFERENCIA-EL-RECODO-01-800x450-300x169.jpg 300w, https:\/\/pueblaexpres.com\/portal\/wp-content\/uploads\/2018\/08\/CONFERENCIA-EL-RECODO-01-800x450-768x432.jpg 768w\" sizes=\"(max-width: 533px) 100vw, 533px\" \/><\/a><\/p>\n<p><strong>Redacci\u00f3n LCC. Carlos Linares Mendoza | Fotograf\u00edas Cortes\u00eda #PueblaExpres @PueblaExpres<\/strong><\/p>\n<p>En conferencia de prensa se hizo oficial la presentaci\u00f3n de BANDA EL RECODO, quienes visitar\u00e1n Cholula, Puebla, para presentarse el 5 de octubre a las 20:30 horas en \u201cParque Soria\u201d, un evento a Beneficio de la Asociaci\u00f3n Civil \u201cComamos y Crezcamos con Alegr\u00eda\u201d.<\/p>\n<p>Teniendo como escenario las instalaciones de la Fundaci\u00f3n con sede en San Isidro Castillotla \u201cComamos y Crezcamos con Alegr\u00eda A.C.\u201d, los organizadores Lic. Rosario Macorra (Br\u00f3ker y Relaciones P\u00fablicas), Lic. Mario Olvera (CEO de Ranch Music Sinaloa), Lic. Gabriela Rosas (Directora de la Fundaci\u00f3n) y Lic. Rosario L\u00f3pez (Psic\u00f3loga y Maestra), dieron detalles del masivo donde se espera la asistencia de cinco mil personas.<\/p>\n<p><a title=\"IMG_0001 [Espect\u00e1culos] 05 Octubre 18:00 horas | Banda El Recodo de Don Cruz Liz\u00e1rraga en Puebla | Gira \u201cAyer &amp; Hoy\u201d | \u201cParque Soria\u201d San Andr\u00e9s Cholula | Fotograf\u00edas Cortes\u00eda para Mv Fotograf\u00eda Profesional \/ Edici\u00f3n y retoque www.pueblaexpres.com\" href=\"https:\/\/www.flickr.com\/photos\/manitas\/43519084084\/in\/album-72157697364148362\/\" data-flickr-embed=\"true\"><img loading=\"lazy\" decoding=\"async\" class=\"aligncenter\" src=\"https:\/\/farm2.staticflickr.com\/1834\/43519084084_fc832f2300.jpg\" alt=\"IMG_0001 [Espect\u00e1culos] 05 Octubre 18:00 horas | Banda El Recodo de Don Cruz Liz\u00e1rraga en Puebla | Gira \u201cAyer &amp; Hoy\u201d | \u201cParque Soria\u201d San Andr\u00e9s Cholula | Fotograf\u00edas Cortes\u00eda para Mv Fotograf\u00eda Profesional \/ Edici\u00f3n y retoque www.pueblaexpres.com\" width=\"500\" height=\"281\" \/><\/a><script async src=\"\/\/embedr.flickr.com\/assets\/client-code.js\" charset=\"utf-8\"><\/script><\/p>\n<p>\u201cLas puertas abren a las 18:00hrs y comienza entre 20:30 horas y 21:00 horas la presentaci\u00f3n de Banda El Recodo, habr\u00e1 un fuerte dispositivo de seguridad privada y el evento ser\u00e1 tipo auditorio, el lugar se adaptar\u00e1 para que nadie se moje en caso de que ese d\u00eda llegue a llover\u201d, mencion\u00f3 Lic. Rosa Macorra (Empresario).<!--more--><\/p>\n<p>Por su parte el promotor Mario Olvera agreg\u00f3 \u201cSe esperan muchas sorpresas, entre ellas un telonero que en su momento mediante las redes sociales del evento, se les dar\u00e1n a conocer todos los detalles. Lo que s\u00ed quiero decirles es que Banda El Recodo, tiene tres a\u00f1os que no viene a Puebla, ellos cancelaron su presentaci\u00f3n en la Feria porque ya ten\u00edan el compromiso con nosotros y no son como otras agrupaciones que les da igual venir muchas veces, ellos tambi\u00e9n est\u00e1n cobrando menos de lo que normalmente cobran, porque saben que es un evento para ayudar a una fundaci\u00f3n, un evento con causa. La agrupaci\u00f3n visitar\u00e1 Puebla la semana del evento, para conocer las instalaciones y tambi\u00e9n puedan conversar con ustedes los medios\u201d.<\/p>\n<p><a title=\"IMG_0001 [Espect\u00e1culos] 05 Octubre 18:00 horas | Banda El Recodo de Don Cruz Liz\u00e1rraga en Puebla | Gira \u201cAyer &amp; Hoy\u201d | \u201cParque Soria\u201d San Andr\u00e9s Cholula | Fotograf\u00edas Cortes\u00eda para Mv Fotograf\u00eda Profesional \/ Edici\u00f3n y retoque www.pueblaexpres.com\" href=\"https:\/\/www.flickr.com\/photos\/manitas\/29300870877\/in\/album-72157697364148362\/\" data-flickr-embed=\"true\"><img loading=\"lazy\" decoding=\"async\" class=\"aligncenter\" src=\"https:\/\/farm2.staticflickr.com\/1859\/29300870877_62c7ebb14f.jpg\" alt=\"IMG_0001 [Espect\u00e1culos] 05 Octubre 18:00 horas | Banda El Recodo de Don Cruz Liz\u00e1rraga en Puebla | Gira \u201cAyer &amp; Hoy\u201d | \u201cParque Soria\u201d San Andr\u00e9s Cholula | Fotograf\u00edas Cortes\u00eda para Mv Fotograf\u00eda Profesional \/ Edici\u00f3n y retoque www.pueblaexpres.com\" width=\"500\" height=\"281\" \/><\/a><script async src=\"\/\/embedr.flickr.com\/assets\/client-code.js\" charset=\"utf-8\"><\/script><\/p>\n<p>\u201cLa Fundaci\u00f3n tiene convenio con universidades como UDLAP, UPAEP, UIA, BUAP, entre otras como una manera de servicio social, la idea es concientizar a los universitarios y es importante mencionar que yo estoy colaborando, no tengo un sueldo, sin embargo la gente que trabaja con nosotros si tiene un salario, por eso es importante la ayuda, existen fundaciones que van y vienen, nosotros llevamos nuestros primeros quince a\u00f1os; si quiero decirles que en su momento la gente que redonde\u00f3 sus centavos en Oxxo, si se nos fue entregado en su totalidad, porque ahora la gente ya no quiere redondear, pensando en que ese dinero no llega a las fundaciones como la nuestra\u201d, coment\u00f3 Lic. Gabriela Rosas.<\/p>\n<p>La Fundaci\u00f3n \u201cComamos y Crezcamos con Alegr\u00eda A.C.\u201d, tiene la intensi\u00f3n de poder expandirse por m\u00e1s lugares del estado, \u201cSe cuenta con dos centros de atenci\u00f3n uno en \u201cNuevo San Salvador\u201d y San Isidro Castillotla, en este donde estamos haciendo la conferencia, tenemos una capacidad para 250 ni\u00f1os, donde les damos la atenci\u00f3n adecuada y alimentos, tambi\u00e9n estamos en proyecto para crear otra sede en el centro de nuestra ciudad de Puebla, con los recursos que estamos teniendo\u201d, Lic. Rosario L\u00f3pez.<\/p>\n<p><a title=\"IMG_0001 [Espect\u00e1culos] 05 Octubre 18:00 horas | Banda El Recodo de Don Cruz Liz\u00e1rraga en Puebla | Gira \u201cAyer &amp; Hoy\u201d | \u201cParque Soria\u201d San Andr\u00e9s Cholula | Fotograf\u00edas Cortes\u00eda para Mv Fotograf\u00eda Profesional \/ Edici\u00f3n y retoque www.pueblaexpres.com\" href=\"https:\/\/www.flickr.com\/photos\/manitas\/43330857045\/in\/album-72157697364148362\/\" data-flickr-embed=\"true\"><img loading=\"lazy\" decoding=\"async\" class=\"aligncenter\" src=\"https:\/\/farm2.staticflickr.com\/1863\/43330857045_2c40f80603.jpg\" alt=\"IMG_0001 [Espect\u00e1culos] 05 Octubre 18:00 horas | Banda El Recodo de Don Cruz Liz\u00e1rraga en Puebla | Gira \u201cAyer &amp; Hoy\u201d | \u201cParque Soria\u201d San Andr\u00e9s Cholula | Fotograf\u00edas Cortes\u00eda para Mv Fotograf\u00eda Profesional \/ Edici\u00f3n y retoque www.pueblaexpres.com\" width=\"500\" height=\"281\" \/><\/a><script async src=\"\/\/embedr.flickr.com\/assets\/client-code.js\" charset=\"utf-8\"><\/script><\/p>\n<p>\u201cEs importante mencionar que todo lo recaudado ser\u00e1 destinado en su totalidad para la Fundaci\u00f3n y en la compra de cuatro boletos para la zona Gran VIP, se har\u00e1n acreedores de una botella por mesa y quienes compren boletos en VIP se llevar\u00e1n una playera \u201c, concluy\u00f3 Lic. Rosario Macorra (Br\u00f3ker y Relaciones P\u00fablicas).<\/p>\n<p>Finalmente cabe se\u00f1alar que todo lo recaudado para este evento ser\u00e1 destinado en su totalidad para la Fundaci\u00f3n \u201cComamos y Crezcamos con Alegr\u00eda A.C.\u201d, los costos son:<\/p>\n<p>Pueden adquirirse en Taquillas del Complejo Cultural Universitario, Hotel \u201cNueva Santa Rosa\u201d en los Portales de San Pedro, Cholula; Sucursales Frullatti, Kompter Gym, Restaurante Los Jaliscienses, Sindicato de la VW (Con 10% de descuento presentando la credencial de trabajador) y tambi\u00e9n se pueden adquirir a trav\u00e9s del sistema de boletaje www.ticketlive.com.mx<\/p>\n<p><a title=\"IMG_0001 [Espect\u00e1culos] 05 Octubre 18:00 horas | Banda El Recodo de Don Cruz Liz\u00e1rraga en Puebla | Gira \u201cAyer &amp; Hoy\u201d | \u201cParque Soria\u201d San Andr\u00e9s Cholula | Fotograf\u00edas Cortes\u00eda para Mv Fotograf\u00eda Profesional \/ Edici\u00f3n y retoque www.pueblaexpres.com\" href=\"https:\/\/www.flickr.com\/photos\/manitas\/43519083964\/in\/album-72157697364148362\/\" data-flickr-embed=\"true\"><img loading=\"lazy\" decoding=\"async\" class=\"aligncenter\" src=\"https:\/\/farm2.staticflickr.com\/1895\/43519083964_e0f0fca376.jpg\" alt=\"IMG_0001 [Espect\u00e1culos] 05 Octubre 18:00 horas | Banda El Recodo de Don Cruz Liz\u00e1rraga en Puebla | Gira \u201cAyer &amp; Hoy\u201d | \u201cParque Soria\u201d San Andr\u00e9s Cholula | Fotograf\u00edas Cortes\u00eda para Mv Fotograf\u00eda Profesional \/ Edici\u00f3n y retoque www.pueblaexpres.com\" width=\"427\" height=\"500\" \/><\/a><script async src=\"\/\/embedr.flickr.com\/assets\/client-code.js\" charset=\"utf-8\"><\/script><\/p>\n<p style=\"text-align: center;\"><strong>LOCALIDADES:<\/strong><\/p>\n<p style=\"text-align: center;\"><strong>Gran VIP ADULTO $2,500 MX<\/strong><br \/>\n<strong> VIP ADULTO $1,950 MX<\/strong><br \/>\n<strong> Preferente ADULTO $1,050 MX<\/strong><br \/>\n<strong> Grada Preferente ADULTO $ 690 MX<\/strong><br \/>\n<strong> Grada Central ADULTO $ 460 MX<\/strong><br \/>\n<strong> Grada Lateral ADULTO $ 400 MX<\/strong><br \/>\n<strong> General Pie ADULTO $ 240 MX<\/strong><\/p>\n<p>Evento sujeto a cargo x servicio por el sistema boletaje www.ticketlive.com.mx los cuales NO est\u00e1n incluidos en el precio listado.<\/p>\n<p><a title=\"IMG_0001 [Espect\u00e1culos] 05 Octubre 18:00 horas | Banda El Recodo de Don Cruz Liz\u00e1rraga en Puebla | Gira \u201cAyer &amp; Hoy\u201d | \u201cParque Soria\u201d San Andr\u00e9s Cholula | Fotograf\u00edas Cortes\u00eda para Mv Fotograf\u00eda Profesional \/ Edici\u00f3n y retoque www.pueblaexpres.com\" href=\"https:\/\/www.flickr.com\/photos\/manitas\/29300870067\/in\/album-72157697364148362\/\" data-flickr-embed=\"true\"><img loading=\"lazy\" decoding=\"async\" class=\"aligncenter\" src=\"https:\/\/farm2.staticflickr.com\/1834\/29300870067_f0108f09c5.jpg\" alt=\"IMG_0001 [Espect\u00e1culos] 05 Octubre 18:00 horas | Banda El Recodo de Don Cruz Liz\u00e1rraga en Puebla | Gira \u201cAyer &amp; Hoy\u201d | \u201cParque Soria\u201d San Andr\u00e9s Cholula | Fotograf\u00edas Cortes\u00eda para Mv Fotograf\u00eda Profesional \/ Edici\u00f3n y retoque www.pueblaexpres.com\" width=\"500\" height=\"281\" \/><\/a><script async src=\"\/\/embedr.flickr.com\/assets\/client-code.js\" charset=\"utf-8\"><\/script><\/p>\n<p>Amigo lector le pedimos contin\u00fae al pendiente de nuestras redes sociales y nuestro portal en la secci\u00f3n ESPECT\u00c1CULOS, ya que en el encontrar\u00e1 los mejor eventos\u2026<\/p>\n<p><strong>LA OPINI\u00d3N EXPRESADA EN ESTA COLUMNA ES RESPONSABILIDAD DE QUIEN LA ESCRIBE Y NO BUSCA GENERAR CONFLICTOS ENTRE LOS INVOLUCRADOS, SINO GENERAR CONCIENCIA EN CADA LECTOR.<\/strong><\/p>\n<p>[miniflickr photoset_id=72157697364148362&amp;sortby=date-posted-asc&amp;per_page=5]<\/p>\n","protected":false},"excerpt":{"rendered":"<p>Redacci\u00f3n LCC. Carlos Linares Mendoza | Fotograf\u00edas Cortes\u00eda #PueblaExpres @PueblaExpres En conferencia de prensa se hizo oficial la presentaci\u00f3n de BANDA EL RECODO, quienes visitar\u00e1n Cholula, Puebla, para presentarse el 5 de octubre a las 20:30 horas en \u201cParque Soria\u201d, un evento a Beneficio de la Asociaci\u00f3n Civil \u201cComamos y Crezcamos con Alegr\u00eda\u201d. Teniendo como [&hellip;]<\/p>\n","protected":false},"author":2,"featured_media":9428,"comment_status":"open","ping_status":"open","sticky":false,"template":"","format":"standard","meta":{"footnotes":""},"categories":[8,42,166,170,36,171,1,7],"tags":[],"_links":{"self":[{"href":"https:\/\/pueblaexpres.com\/portal\/index.php?rest_route=\/wp\/v2\/posts\/9427"}],"collection":[{"href":"https:\/\/pueblaexpres.com\/portal\/index.php?rest_route=\/wp\/v2\/posts"}],"about":[{"href":"https:\/\/pueblaexpres.com\/portal\/index.php?rest_route=\/wp\/v2\/types\/post"}],"author":[{"embeddable":true,"href":"https:\/\/pueblaexpres.com\/portal\/index.php?rest_route=\/wp\/v2\/users\/2"}],"replies":[{"embeddable":true,"href":"https:\/\/pueblaexpres.com\/portal\/index.php?rest_route=%2Fwp%2Fv2%2Fcomments&post=9427"}],"version-history":[{"count":1,"href":"https:\/\/pueblaexpres.com\/portal\/index.php?rest_route=\/wp\/v2\/posts\/9427\/revisions"}],"predecessor-version":[{"id":9429,"href":"https:\/\/pueblaexpres.com\/portal\/index.php?rest_route=\/wp\/v2\/posts\/9427\/revisions\/9429"}],"wp:featuredmedia":[{"embeddable":true,"href":"https:\/\/pueblaexpres.com\/portal\/index.php?rest_route=\/wp\/v2\/media\/9428"}],"wp:attachment":[{"href":"https:\/\/pueblaexpres.com\/portal\/index.php?rest_route=%2Fwp%2Fv2%2Fmedia&parent=9427"}],"wp:term":[{"taxonomy":"category","embeddable":true,"href":"https:\/\/pueblaexpres.com\/portal\/index.php?rest_route=%2Fwp%2Fv2%2Fcategories&post=9427"},{"taxonomy":"post_tag","embeddable":true,"href":"https:\/\/pueblaexpres.com\/portal\/index.php?rest_route=%2Fwp%2Fv2%2Ftags&post=9427"}],"curies":[{"name":"wp","href":"https:\/\/api.w.org\/{rel}","templated":true}]}}