{"id":9409,"date":"2018-08-22T13:54:36","date_gmt":"2018-08-22T19:54:36","guid":{"rendered":"https:\/\/pueblaexpres.com\/portal\/?p=9409"},"modified":"2018-08-22T13:54:36","modified_gmt":"2018-08-22T19:54:36","slug":"ta2018-sub17-j06-liga-club-puebla-vs-atlas-fc-complejo-deportivo-los-olivos-liga-bancomer-mx","status":"publish","type":"post","link":"https:\/\/pueblaexpres.com\/portal\/?p=9409","title":{"rendered":"[TA2018 \/ SUB17 \/ J06 LIGA] Club Puebla vs Atlas FC | Complejo Deportivo Los Olivos | Liga Bancomer Mx"},"content":{"rendered":"<div name=\"googleone_share_1\" style=\"position:relative;z-index:5;float: right; margin-left: 10px;\"><g:plusone size=\"tall\" count=\"1\" href=\"https:\/\/pueblaexpres.com\/portal\/?p=9409\"><\/g:plusone><\/div><p><a href=\"https:\/\/pueblaexpres.com\/portal\/wp-content\/uploads\/2018\/08\/IMG_0402-2256x1506-800x534.jpg\"><img loading=\"lazy\" decoding=\"async\" class=\"wp-image-9410 aligncenter\" src=\"https:\/\/pueblaexpres.com\/portal\/wp-content\/uploads\/2018\/08\/IMG_0402-2256x1506-800x534.jpg\" alt=\"\" width=\"500\" height=\"334\" srcset=\"https:\/\/pueblaexpres.com\/portal\/wp-content\/uploads\/2018\/08\/IMG_0402-2256x1506-800x534.jpg 800w, https:\/\/pueblaexpres.com\/portal\/wp-content\/uploads\/2018\/08\/IMG_0402-2256x1506-800x534-300x200.jpg 300w, https:\/\/pueblaexpres.com\/portal\/wp-content\/uploads\/2018\/08\/IMG_0402-2256x1506-800x534-768x513.jpg 768w\" sizes=\"(max-width: 500px) 100vw, 500px\" \/><\/a><\/p>\n<p><strong>Redacci\u00f3n | Fotograf\u00edas Mara Gonz\u00e1lez @MaraGlez_BTR \/ Lyz Vega @lyz_vega \/ Sa\u00fal S\u00e1nchez \/ Manuel Vela @Mv_ManuelVela #PueblaExpres @PueblaExpres<\/strong><\/p>\n<p>En el marco de la jornada 06 del Apertura 2018 del Torneo de Fuerzas B\u00e1sicas Sub 17 de la LIGA Bancomer MX.<\/p>\n<p><a title=\"IMG_0841 TA2018 \/ SUB17 \/ J06 LIGA | Club Puebla vs Atlas FC | Complejo Deportivo Los Olivos | Fotograf\u00edas Mara Gonz\u00e1lez \/ Lyz Vega \/ Sa\u00fal S\u00e1nchez \/ Manuel Vela para Mv Fotograf\u00eda Profesional \/ Edici\u00f3n y retoque www.pueblaexpres.com\" href=\"https:\/\/www.flickr.com\/photos\/manitas\/29266422547\/in\/album-72157700505395525\/\" data-flickr-embed=\"true\"><img loading=\"lazy\" decoding=\"async\" class=\"aligncenter\" src=\"https:\/\/farm2.staticflickr.com\/1894\/29266422547_56343eb331.jpg\" alt=\"IMG_0841 TA2018 \/ SUB17 \/ J06 LIGA | Club Puebla vs Atlas FC | Complejo Deportivo Los Olivos | Fotograf\u00edas Mara Gonz\u00e1lez \/ Lyz Vega \/ Sa\u00fal S\u00e1nchez \/ Manuel Vela para Mv Fotograf\u00eda Profesional \/ Edici\u00f3n y retoque www.pueblaexpres.com\" width=\"500\" height=\"334\" \/><\/a><script async src=\"\/\/embedr.flickr.com\/assets\/client-code.js\" charset=\"utf-8\"><\/script><\/p>\n<p>Partido celebrado en la grama del Complejo Deportivo Los Olivos en la Ciudad de Puebla.<\/p>\n<p>Los Rojinegros del Atlas vencieron cuatro goles por dos al Club Puebla.<\/p>\n<p><a title=\"IMG_0901 TA2018 \/ SUB17 \/ J06 LIGA | Club Puebla vs Atlas FC | Complejo Deportivo Los Olivos | Fotograf\u00edas Mara Gonz\u00e1lez \/ Lyz Vega \/ Sa\u00fal S\u00e1nchez \/ Manuel Vela para Mv Fotograf\u00eda Profesional \/ Edici\u00f3n y retoque www.pueblaexpres.com\" href=\"https:\/\/www.flickr.com\/photos\/manitas\/42395607850\/in\/album-72157700505395525\/\" data-flickr-embed=\"true\"><img loading=\"lazy\" decoding=\"async\" class=\"aligncenter\" src=\"https:\/\/farm2.staticflickr.com\/1855\/42395607850_a0017360de.jpg\" alt=\"IMG_0901 TA2018 \/ SUB17 \/ J06 LIGA | Club Puebla vs Atlas FC | Complejo Deportivo Los Olivos | Fotograf\u00edas Mara Gonz\u00e1lez \/ Lyz Vega \/ Sa\u00fal S\u00e1nchez \/ Manuel Vela para Mv Fotograf\u00eda Profesional \/ Edici\u00f3n y retoque www.pueblaexpres.com\" width=\"500\" height=\"334\" \/><\/a><script async src=\"\/\/embedr.flickr.com\/assets\/client-code.js\" charset=\"utf-8\"><\/script><\/p>\n<p>Con el triunfo de esta ma\u00f1ana La Academia lleg\u00f3 a 11 unidades mientras los de La Franja permanecen con cinco puntos.<\/p>\n<p>Las anotaciones a favor de los anfitriones llegaron a los 34\u00b4, por conducto de Miguel Zamudio y a los 59\u00b4 por Santiago Rom\u00e1n. Por el Atlas FC: Jonathan Herrera anot\u00f3 un doblete en menos de cinco minutos: el primer gol lleg\u00f3 a los 40\u00b4y el segundo a los 44\u00b4. <!--more-->A los 74 minutos Juan Pineda se encarg\u00f3 del tercer festejo a favor de los visitantes e Israel Larios firm\u00f3 el marcador a los 91 minutos con el cuarto gol del encuentro.<\/p>\n<p><a title=\"IMG_1050 TA2018 \/ SUB17 \/ J06 LIGA | Club Puebla vs Atlas FC | Complejo Deportivo Los Olivos | Fotograf\u00edas Mara Gonz\u00e1lez \/ Lyz Vega \/ Sa\u00fal S\u00e1nchez \/ Manuel Vela para Mv Fotograf\u00eda Profesional \/ Edici\u00f3n y retoque www.pueblaexpres.com\" href=\"https:\/\/www.flickr.com\/photos\/manitas\/42395607640\/in\/album-72157700505395525\/\" data-flickr-embed=\"true\"><img loading=\"lazy\" decoding=\"async\" class=\"aligncenter\" src=\"https:\/\/farm2.staticflickr.com\/1855\/42395607640_cbcf832564.jpg\" alt=\"IMG_1050 TA2018 \/ SUB17 \/ J06 LIGA | Club Puebla vs Atlas FC | Complejo Deportivo Los Olivos | Fotograf\u00edas Mara Gonz\u00e1lez \/ Lyz Vega \/ Sa\u00fal S\u00e1nchez \/ Manuel Vela para Mv Fotograf\u00eda Profesional \/ Edici\u00f3n y retoque www.pueblaexpres.com\" width=\"500\" height=\"333\" \/><\/a><script async src=\"\/\/embedr.flickr.com\/assets\/client-code.js\" charset=\"utf-8\"><\/script><\/p>\n<p>Para el compromiso correspondiente a la Jornada 7 de la categor\u00eda Atlas al lado del Club Guadalajara protagonizar\u00e1n una edici\u00f3n m\u00e1s del Cl\u00e1sico Tapat\u00edo mientras el Club Puebla visitar\u00e1 Pachuca para medirse a los Tuzos.<\/p>\n<p><strong>LA OPINI\u00d3N EXPRESADA EN ESTA COLUMNA ES RESPONSABILIDAD DE QUIEN LA ESCRIBE Y NO BUSCA GENERAR CONFLICTOS ENTRE LOS INVOLUCRADOS, SINO GENERAR CONCIENCIA EN CADA LECTOR.<\/strong><\/p>\n<p>[miniflickr photoset_id=72157700505395525&amp;sortby=date-posted-asc&amp;per_page=21]<\/p>\n","protected":false},"excerpt":{"rendered":"<p>Redacci\u00f3n | Fotograf\u00edas Mara Gonz\u00e1lez @MaraGlez_BTR \/ Lyz Vega @lyz_vega \/ Sa\u00fal S\u00e1nchez \/ Manuel Vela @Mv_ManuelVela #PueblaExpres @PueblaExpres En el marco de la jornada 06 del Apertura 2018 del Torneo de Fuerzas B\u00e1sicas Sub 17 de la LIGA Bancomer MX. Partido celebrado en la grama del Complejo Deportivo Los Olivos en la Ciudad de [&hellip;]<\/p>\n","protected":false},"author":2,"featured_media":9410,"comment_status":"open","ping_status":"open","sticky":false,"template":"","format":"standard","meta":{"footnotes":""},"categories":[8,42,166,79,13,3,171,1,7],"tags":[],"_links":{"self":[{"href":"https:\/\/pueblaexpres.com\/portal\/index.php?rest_route=\/wp\/v2\/posts\/9409"}],"collection":[{"href":"https:\/\/pueblaexpres.com\/portal\/index.php?rest_route=\/wp\/v2\/posts"}],"about":[{"href":"https:\/\/pueblaexpres.com\/portal\/index.php?rest_route=\/wp\/v2\/types\/post"}],"author":[{"embeddable":true,"href":"https:\/\/pueblaexpres.com\/portal\/index.php?rest_route=\/wp\/v2\/users\/2"}],"replies":[{"embeddable":true,"href":"https:\/\/pueblaexpres.com\/portal\/index.php?rest_route=%2Fwp%2Fv2%2Fcomments&post=9409"}],"version-history":[{"count":1,"href":"https:\/\/pueblaexpres.com\/portal\/index.php?rest_route=\/wp\/v2\/posts\/9409\/revisions"}],"predecessor-version":[{"id":9411,"href":"https:\/\/pueblaexpres.com\/portal\/index.php?rest_route=\/wp\/v2\/posts\/9409\/revisions\/9411"}],"wp:featuredmedia":[{"embeddable":true,"href":"https:\/\/pueblaexpres.com\/portal\/index.php?rest_route=\/wp\/v2\/media\/9410"}],"wp:attachment":[{"href":"https:\/\/pueblaexpres.com\/portal\/index.php?rest_route=%2Fwp%2Fv2%2Fmedia&parent=9409"}],"wp:term":[{"taxonomy":"category","embeddable":true,"href":"https:\/\/pueblaexpres.com\/portal\/index.php?rest_route=%2Fwp%2Fv2%2Fcategories&post=9409"},{"taxonomy":"post_tag","embeddable":true,"href":"https:\/\/pueblaexpres.com\/portal\/index.php?rest_route=%2Fwp%2Fv2%2Ftags&post=9409"}],"curies":[{"name":"wp","href":"https:\/\/api.w.org\/{rel}","templated":true}]}}