{"id":9400,"date":"2018-08-18T14:01:32","date_gmt":"2018-08-18T20:01:32","guid":{"rendered":"https:\/\/pueblaexpres.com\/portal\/?p=9400"},"modified":"2018-08-18T14:01:32","modified_gmt":"2018-08-18T20:01:32","slug":"espectaculos-con-gran-exito-jose-madero-se-presento-en-puebla-gira-una-noche-con-jose-madero-sala-forum-cholula-en-puebla","status":"publish","type":"post","link":"https:\/\/pueblaexpres.com\/portal\/?p=9400","title":{"rendered":"[Espect\u00e1culos] Con GRAN \u00c9XITO Jos\u00e9 Madero se present\u00f3 en Puebla | GIRA \u201cUna Noche con Jos\u00e9 Madero\u201d | Sala F\u00f3rum Cholula en Puebla"},"content":{"rendered":"<div name=\"googleone_share_1\" style=\"position:relative;z-index:5;float: right; margin-left: 10px;\"><g:plusone size=\"tall\" count=\"1\" href=\"https:\/\/pueblaexpres.com\/portal\/?p=9400\"><\/g:plusone><\/div><p><a href=\"https:\/\/pueblaexpres.com\/portal\/wp-content\/uploads\/2018\/08\/MVF_0019-800x533.jpg\"><img loading=\"lazy\" decoding=\"async\" class=\"wp-image-9401 aligncenter\" src=\"https:\/\/pueblaexpres.com\/portal\/wp-content\/uploads\/2018\/08\/MVF_0019-800x533.jpg\" alt=\"\" width=\"501\" height=\"334\" srcset=\"https:\/\/pueblaexpres.com\/portal\/wp-content\/uploads\/2018\/08\/MVF_0019-800x533.jpg 800w, https:\/\/pueblaexpres.com\/portal\/wp-content\/uploads\/2018\/08\/MVF_0019-800x533-300x200.jpg 300w, https:\/\/pueblaexpres.com\/portal\/wp-content\/uploads\/2018\/08\/MVF_0019-800x533-768x512.jpg 768w\" sizes=\"(max-width: 501px) 100vw, 501px\" \/><\/a><\/p>\n<p><strong>Redacci\u00f3n | Fotograf\u00edas Mara Gonz\u00e1lez @MaraGlez_BTR #PueblaExpres @PueblaExpres<\/strong><\/p>\n<p>Una Noche con Jos\u00e9 Madero<\/p>\n<p><a title=\"IMG_0096 [Espect\u00e1culos] Con GRAN \u00c9XITO Jos\u00e9 Madero se present\u00f3 en Puebla | GIRA \u201cUna Noche con Jos\u00e9 Madero\u201d | Sala F\u00f3rum Cholula en Puebla | Fotograf\u00edas Mara Gonz\u00e1lez \/ Manuel Vela para Mv Fotograf\u00eda Profesional \/ Edici\u00f3n y retoque www.pueblaexpres.com\" href=\"https:\/\/www.flickr.com\/photos\/manitas\/43210375285\/in\/album-72157700352500785\/\" data-flickr-embed=\"true\"><img loading=\"lazy\" decoding=\"async\" class=\"aligncenter\" src=\"https:\/\/farm2.staticflickr.com\/1863\/43210375285_f9ec55e26d.jpg\" alt=\"IMG_0096 [Espect\u00e1culos] Con GRAN \u00c9XITO Jos\u00e9 Madero se present\u00f3 en Puebla | GIRA \u201cUna Noche con Jos\u00e9 Madero\u201d | Sala F\u00f3rum Cholula en Puebla | Fotograf\u00edas Mara Gonz\u00e1lez \/ Manuel Vela para Mv Fotograf\u00eda Profesional \/ Edici\u00f3n y retoque www.pueblaexpres.com\" width=\"500\" height=\"333\" \/><\/a><script async src=\"\/\/embedr.flickr.com\/assets\/client-code.js\" charset=\"utf-8\"><\/script><\/p>\n<p>Luego de presentarse en Puebla el pasado mes de Noviembre en el Festival Catrina con su faceta de m\u00fasico solista.<\/p>\n<p>El cantante Jos\u00e9 Madero Vizca\u00edno present\u00f3 su show en Sala F\u00f3rum, de San Andr\u00e9s Cholula.<\/p>\n<p><a title=\"IMG_0317 [Espect\u00e1culos] Con GRAN \u00c9XITO Jos\u00e9 Madero se present\u00f3 en Puebla | GIRA \u201cUna Noche con Jos\u00e9 Madero\u201d | Sala F\u00f3rum Cholula en Puebla | Fotograf\u00edas Mara Gonz\u00e1lez \/ Manuel Vela para Mv Fotograf\u00eda Profesional \/ Edici\u00f3n y retoque www.pueblaexpres.com\" href=\"https:\/\/www.flickr.com\/photos\/manitas\/43398612034\/in\/album-72157700352500785\/\" data-flickr-embed=\"true\"><img loading=\"lazy\" decoding=\"async\" class=\"aligncenter\" src=\"https:\/\/farm2.staticflickr.com\/1876\/43398612034_9e651f3c02.jpg\" alt=\"IMG_0317 [Espect\u00e1culos] Con GRAN \u00c9XITO Jos\u00e9 Madero se present\u00f3 en Puebla | GIRA \u201cUna Noche con Jos\u00e9 Madero\u201d | Sala F\u00f3rum Cholula en Puebla | Fotograf\u00edas Mara Gonz\u00e1lez \/ Manuel Vela para Mv Fotograf\u00eda Profesional \/ Edici\u00f3n y retoque www.pueblaexpres.com\" width=\"500\" height=\"333\" \/><\/a><script async src=\"\/\/embedr.flickr.com\/assets\/client-code.js\" charset=\"utf-8\"><\/script><\/p>\n<p>Durante dos horas conquist\u00f3 a su p\u00fablico, que cant\u00f3 y grit\u00f3 con el ex vocalista de PXNDX la noche de ayer.<\/p>\n<p>Con Sala F\u00f3rum a reventar arrancando con el tema \u201cEl ser Supremo\u201d, ante los euf\u00f3ricos gritos de sus fieles seguidores.<\/p>\n<p><a title=\"MVF_0019 [Espect\u00e1culos] Con GRAN \u00c9XITO Jos\u00e9 Madero se present\u00f3 en Puebla | GIRA \u201cUna Noche con Jos\u00e9 Madero\u201d | Sala F\u00f3rum Cholula en Puebla | Fotograf\u00edas Mara Gonz\u00e1lez \/ Manuel Vela para Mv Fotograf\u00eda Profesional \/ Edici\u00f3n y retoque www.pueblaexpres.com\" href=\"https:\/\/www.flickr.com\/photos\/manitas\/43210374295\/in\/album-72157700352500785\/\" data-flickr-embed=\"true\"><img loading=\"lazy\" decoding=\"async\" class=\"aligncenter\" src=\"https:\/\/farm2.staticflickr.com\/1877\/43210374295_05c2ee2cf0.jpg\" alt=\"MVF_0019 [Espect\u00e1culos] Con GRAN \u00c9XITO Jos\u00e9 Madero se present\u00f3 en Puebla | GIRA \u201cUna Noche con Jos\u00e9 Madero\u201d | Sala F\u00f3rum Cholula en Puebla | Fotograf\u00edas Mara Gonz\u00e1lez \/ Manuel Vela para Mv Fotograf\u00eda Profesional \/ Edici\u00f3n y retoque www.pueblaexpres.com\" width=\"500\" height=\"333\" \/><\/a><script async src=\"\/\/embedr.flickr.com\/assets\/client-code.js\" charset=\"utf-8\"><\/script><\/p>\n<p>\u201cBuenas Noches amigos, En Puebla di mi primer concierto como solista, entonces Puebla siempre ser\u00e1 un lugar especial para m\u00ed. Gracias por venir, esta noche es para ustedes\u201d Coment\u00f3 Pepe.<!--more--><\/p>\n<p>A lo largo del show, Jos\u00e9 Madero cambio en diversas ocasiones de lo electr\u00f3nico a lo ac\u00fastico, siendo uno de esos momentos en el que la esencia de PXNDX invadi\u00f3 el lugar para gozo de los asistentes.<\/p>\n<p><a title=\"MVF_0028 [Espect\u00e1culos] Con GRAN \u00c9XITO Jos\u00e9 Madero se present\u00f3 en Puebla | GIRA \u201cUna Noche con Jos\u00e9 Madero\u201d | Sala F\u00f3rum Cholula en Puebla | Fotograf\u00edas Mara Gonz\u00e1lez \/ Manuel Vela para Mv Fotograf\u00eda Profesional \/ Edici\u00f3n y retoque www.pueblaexpres.com\" href=\"https:\/\/www.flickr.com\/photos\/manitas\/43210373965\/in\/album-72157700352500785\/\" data-flickr-embed=\"true\"><img loading=\"lazy\" decoding=\"async\" class=\"aligncenter\" src=\"https:\/\/farm2.staticflickr.com\/1858\/43210373965_c9cf8ca353.jpg\" alt=\"MVF_0028 [Espect\u00e1culos] Con GRAN \u00c9XITO Jos\u00e9 Madero se present\u00f3 en Puebla | GIRA \u201cUna Noche con Jos\u00e9 Madero\u201d | Sala F\u00f3rum Cholula en Puebla | Fotograf\u00edas Mara Gonz\u00e1lez \/ Manuel Vela para Mv Fotograf\u00eda Profesional \/ Edici\u00f3n y retoque www.pueblaexpres.com\" width=\"500\" height=\"333\" \/><\/a><script async src=\"\/\/embedr.flickr.com\/assets\/client-code.js\" charset=\"utf-8\"><\/script><\/p>\n<p>\u201cCaballeros Brit\u00e1nicos\u201d, \u201cLo Sobrenatural\u201d, \u201cNoche de Lluvia\u201d, entre muchas m\u00e1s, fueron parte de su repertorio que fue correado de principio a fin, convirti\u00e9ndose en una noche muy especial.<\/p>\n<p>Amigo lector le pedimos contin\u00fae al pendiente de nuestras redes sociales y nuestro portal en la secci\u00f3n ESPECT\u00c1CULOS, ya que en el encontrar\u00e1 los mejor eventos\u2026<\/p>\n<p><a title=\"MVF_0100 [Espect\u00e1culos] Con GRAN \u00c9XITO Jos\u00e9 Madero se present\u00f3 en Puebla | GIRA \u201cUna Noche con Jos\u00e9 Madero\u201d | Sala F\u00f3rum Cholula en Puebla | Fotograf\u00edas Mara Gonz\u00e1lez \/ Manuel Vela para Mv Fotograf\u00eda Profesional \/ Edici\u00f3n y retoque www.pueblaexpres.com\" href=\"https:\/\/www.flickr.com\/photos\/manitas\/43210373915\/in\/album-72157700352500785\/\" data-flickr-embed=\"true\"><img loading=\"lazy\" decoding=\"async\" class=\"aligncenter\" src=\"https:\/\/farm2.staticflickr.com\/1854\/43210373915_78ebf98b73.jpg\" alt=\"MVF_0100 [Espect\u00e1culos] Con GRAN \u00c9XITO Jos\u00e9 Madero se present\u00f3 en Puebla | GIRA \u201cUna Noche con Jos\u00e9 Madero\u201d | Sala F\u00f3rum Cholula en Puebla | Fotograf\u00edas Mara Gonz\u00e1lez \/ Manuel Vela para Mv Fotograf\u00eda Profesional \/ Edici\u00f3n y retoque www.pueblaexpres.com\" width=\"500\" height=\"334\" \/><\/a><script async src=\"\/\/embedr.flickr.com\/assets\/client-code.js\" charset=\"utf-8\"><\/script><\/p>\n<p><strong>LA OPINI\u00d3N EXPRESADA EN ESTA COLUMNA ES RESPONSABILIDAD DE QUIEN LA ESCRIBE Y NO BUSCA GENERAR CONFLICTOS ENTRE LOS INVOLUCRADOS, SI NO GENERAR CONCIENCIA EN CADA LECTOR.<\/strong><\/p>\n<p>[miniflickr photoset_id=72157700352500785&amp;sortby=date-posted-asc&amp;per_page=18]<\/p>\n","protected":false},"excerpt":{"rendered":"<p>Redacci\u00f3n | Fotograf\u00edas Mara Gonz\u00e1lez @MaraGlez_BTR #PueblaExpres @PueblaExpres Una Noche con Jos\u00e9 Madero Luego de presentarse en Puebla el pasado mes de Noviembre en el Festival Catrina con su faceta de m\u00fasico solista. El cantante Jos\u00e9 Madero Vizca\u00edno present\u00f3 su show en Sala F\u00f3rum, de San Andr\u00e9s Cholula. Durante dos horas conquist\u00f3 a su p\u00fablico, [&hellip;]<\/p>\n","protected":false},"author":2,"featured_media":9401,"comment_status":"open","ping_status":"open","sticky":false,"template":"","format":"standard","meta":{"footnotes":""},"categories":[8,42,166,170,36,171,1,7],"tags":[],"_links":{"self":[{"href":"https:\/\/pueblaexpres.com\/portal\/index.php?rest_route=\/wp\/v2\/posts\/9400"}],"collection":[{"href":"https:\/\/pueblaexpres.com\/portal\/index.php?rest_route=\/wp\/v2\/posts"}],"about":[{"href":"https:\/\/pueblaexpres.com\/portal\/index.php?rest_route=\/wp\/v2\/types\/post"}],"author":[{"embeddable":true,"href":"https:\/\/pueblaexpres.com\/portal\/index.php?rest_route=\/wp\/v2\/users\/2"}],"replies":[{"embeddable":true,"href":"https:\/\/pueblaexpres.com\/portal\/index.php?rest_route=%2Fwp%2Fv2%2Fcomments&post=9400"}],"version-history":[{"count":1,"href":"https:\/\/pueblaexpres.com\/portal\/index.php?rest_route=\/wp\/v2\/posts\/9400\/revisions"}],"predecessor-version":[{"id":9402,"href":"https:\/\/pueblaexpres.com\/portal\/index.php?rest_route=\/wp\/v2\/posts\/9400\/revisions\/9402"}],"wp:featuredmedia":[{"embeddable":true,"href":"https:\/\/pueblaexpres.com\/portal\/index.php?rest_route=\/wp\/v2\/media\/9401"}],"wp:attachment":[{"href":"https:\/\/pueblaexpres.com\/portal\/index.php?rest_route=%2Fwp%2Fv2%2Fmedia&parent=9400"}],"wp:term":[{"taxonomy":"category","embeddable":true,"href":"https:\/\/pueblaexpres.com\/portal\/index.php?rest_route=%2Fwp%2Fv2%2Fcategories&post=9400"},{"taxonomy":"post_tag","embeddable":true,"href":"https:\/\/pueblaexpres.com\/portal\/index.php?rest_route=%2Fwp%2Fv2%2Ftags&post=9400"}],"curies":[{"name":"wp","href":"https:\/\/api.w.org\/{rel}","templated":true}]}}