{"id":9393,"date":"2018-08-16T17:32:04","date_gmt":"2018-08-16T23:32:04","guid":{"rendered":"https:\/\/pueblaexpres.com\/portal\/?p=9393"},"modified":"2018-08-16T17:32:04","modified_gmt":"2018-08-16T23:32:04","slug":"espectaculos-15-de-septiembre-2000-horas-noche-mexicana-cena-baile-show-platanito-ottmar-de-la-rosa-centro-de-convenciones-puebla","status":"publish","type":"post","link":"https:\/\/pueblaexpres.com\/portal\/?p=9393","title":{"rendered":"[Espect\u00e1culos] 15 de Septiembre 20:00 horas | \u201cNoche Mexicana\u201d (cena, baile, show) \u201cPlatanito\u201d \/ \u201cOttmar de la Rosa\u201d | Centro de Convenciones Puebla"},"content":{"rendered":"<div name=\"googleone_share_1\" style=\"position:relative;z-index:5;float: right; margin-left: 10px;\"><g:plusone size=\"tall\" count=\"1\" href=\"https:\/\/pueblaexpres.com\/portal\/?p=9393\"><\/g:plusone><\/div><p><a href=\"https:\/\/pueblaexpres.com\/portal\/wp-content\/uploads\/2018\/08\/WhatsApp-Image-2018-08-09-at-4.10.05-PM.jpeg\"><img loading=\"lazy\" decoding=\"async\" class=\"size-large wp-image-9394 aligncenter\" src=\"https:\/\/pueblaexpres.com\/portal\/wp-content\/uploads\/2018\/08\/WhatsApp-Image-2018-08-09-at-4.10.05-PM-1024x729.jpeg\" alt=\"\" width=\"500\" height=\"356\" srcset=\"https:\/\/pueblaexpres.com\/portal\/wp-content\/uploads\/2018\/08\/WhatsApp-Image-2018-08-09-at-4.10.05-PM-1024x729.jpeg 1024w, https:\/\/pueblaexpres.com\/portal\/wp-content\/uploads\/2018\/08\/WhatsApp-Image-2018-08-09-at-4.10.05-PM-300x214.jpeg 300w, https:\/\/pueblaexpres.com\/portal\/wp-content\/uploads\/2018\/08\/WhatsApp-Image-2018-08-09-at-4.10.05-PM-768x547.jpeg 768w, https:\/\/pueblaexpres.com\/portal\/wp-content\/uploads\/2018\/08\/WhatsApp-Image-2018-08-09-at-4.10.05-PM.jpeg 1080w\" sizes=\"(max-width: 500px) 100vw, 500px\" \/><\/a><\/p>\n<p><strong>Redacci\u00f3n LCC. Carlos Linares Mendoza | Fotograf\u00edas Mara Gonz\u00e1lez @MaraGlez_BTR #PueblaExpres @PueblaExpres<\/strong><\/p>\n<p>Ser\u00e1 este 15 de septiembre cuando llegue a Puebla el comediante Platanito, como parte de la tradicional \u201cNoche Mexicana\u201d (cena, baile, show), que se realizar\u00e1 en Centro de convenciones.<\/p>\n<p><a title=\"IMG_0001 [Espect\u00e1culos] 15 de Septiembre 20:00 horas | \u201cNoche Mexicana\u201d (cena, baile, show) \u201cPlatanito\u201d \/ \u201cOttmar de la Rosa\u201d | Centro de Convenciones | Fotograf\u00edas Cortes\u00eda para Mv Fotograf\u00eda Profesional \/ Edici\u00f3n y retoque www.pueblaexpres.com\" href=\"https:\/\/www.flickr.com\/photos\/manitas\/43361595904\/in\/album-72157672389519018\/\" data-flickr-embed=\"true\"><img loading=\"lazy\" decoding=\"async\" class=\"aligncenter\" src=\"https:\/\/farm2.staticflickr.com\/1840\/43361595904_50d8b3a044.jpg\" alt=\"IMG_0001 [Espect\u00e1culos] 15 de Septiembre 20:00 horas | \u201cNoche Mexicana\u201d (cena, baile, show) \u201cPlatanito\u201d \/ \u201cOttmar de la Rosa\u201d | Centro de Convenciones | Fotograf\u00edas Cortes\u00eda para Mv Fotograf\u00eda Profesional \/ Edici\u00f3n y retoque www.pueblaexpres.com\" width=\"500\" height=\"334\" \/><\/a><script async src=\"\/\/embedr.flickr.com\/assets\/client-code.js\" charset=\"utf-8\"><\/script><\/p>\n<p>Sergio Alejandro Verduzco Rubiera, conocido art\u00edsticamente como \u201cPlatanito\u201d, naci\u00f3 el 19 de diciembre en la Ciudad de M\u00e9xico. Con 46 a\u00f1os de edad, ha tenido varios programas para Telehit, entre los que destacan \u201cPlatanito Show\u201d y \u201cNoches con Platanito\u201d, actualmente pertenece a las filas de Tv Azteca, siendo en julio cuando un ex productor de Televisa, que ya est\u00e1 en la televisora del Ajusco, anunciara su regreso.<\/p>\n<p>Con m\u00e1s de 30 a\u00f1os de trayectoria, comenz\u00f3 a los cuatro a\u00f1os de edad y profesionalmente a los 15 a\u00f1os. Adem\u00e1s de ser comediante Sergio Verduzco, estudi\u00f3 Ciencias de la Comunicaci\u00f3n, es piloto aviador, tambi\u00e9n fue bombero voluntario y se prepar\u00f3 como t\u00e9cnico de urgencias m\u00e9dicas, en la Delegaci\u00f3n de Bomberos de Atizap\u00e1n de Zaragoza, donde perteneci\u00f3 desde los 14 hasta los 29 a\u00f1os de edad, su vocaci\u00f3n desde ni\u00f1o lo llev\u00f3 a ser comediante.<\/p>\n<p><a title=\"DSC_9042 [Espect\u00e1culos] 15 de Septiembre 20:00 horas | \u201cNoche Mexicana\u201d (cena, baile, show) \u201cPlatanito\u201d \/ \u201cOttmar de la Rosa\u201d | Centro de Convenciones | Fotograf\u00edas Mara Gonz\u00e1lez para Mv Fotograf\u00eda Profesional \/ Edici\u00f3n y retoque www.pueblaexpres.com\" href=\"https:\/\/www.flickr.com\/photos\/manitas\/43361596164\/in\/album-72157672389519018\/\" data-flickr-embed=\"true\"><img loading=\"lazy\" decoding=\"async\" class=\"aligncenter\" src=\"https:\/\/farm2.staticflickr.com\/1831\/43361596164_383871d12b.jpg\" alt=\"DSC_9042 [Espect\u00e1culos] 15 de Septiembre 20:00 horas | \u201cNoche Mexicana\u201d (cena, baile, show) \u201cPlatanito\u201d \/ \u201cOttmar de la Rosa\u201d | Centro de Convenciones | Fotograf\u00edas Mara Gonz\u00e1lez para Mv Fotograf\u00eda Profesional \/ Edici\u00f3n y retoque www.pueblaexpres.com\" width=\"500\" height=\"334\" \/><\/a><script async src=\"\/\/embedr.flickr.com\/assets\/client-code.js\" charset=\"utf-8\"><\/script><\/p>\n<p>Actualmente pertenece a las filas de Bobo Producciones y Tv Azteca. \u201cPlatanito\u201d estar\u00e1 este 15 de septiembre en el Centro de Convenciones, el acceso es a partir de las 20:00hrs, contaremos con buffet compuesto por 15 platillos de comida mexicana. Tambi\u00e9n se transmitir\u00e1 la pelea del Canelo Vs. Golovkin, habr\u00e1 m\u00fasica en vivo y estar\u00e1 el comediante poblano \u201cOttmar de la Rosa\u201d.<!--more--><\/p>\n<p>La venta de boletos es a trav\u00e9s del sistema de boletaje www.superboletos.com , taquillas del Complejo Cultural Universitario, Auditorio Metropolitano, Palmas Plaza y el d\u00eda del evento en Centro de Convenciones (A un costado de Paseo de San Francisco).<\/p>\n<p><a title=\"DSC_9028 [Espect\u00e1culos] 15 de Septiembre 20:00 horas | \u201cNoche Mexicana\u201d (cena, baile, show) \u201cPlatanito\u201d \/ \u201cOttmar de la Rosa\u201d | Centro de Convenciones | Fotograf\u00edas Mara Gonz\u00e1lez para Mv Fotograf\u00eda Profesional \/ Edici\u00f3n y retoque www.pueblaexpres.com\" href=\"https:\/\/www.flickr.com\/photos\/manitas\/30211850908\/in\/album-72157672389519018\/\" data-flickr-embed=\"true\"><img loading=\"lazy\" decoding=\"async\" class=\"aligncenter\" src=\"https:\/\/farm2.staticflickr.com\/1838\/30211850908_26a32be925.jpg\" alt=\"DSC_9028 [Espect\u00e1culos] 15 de Septiembre 20:00 horas | \u201cNoche Mexicana\u201d (cena, baile, show) \u201cPlatanito\u201d \/ \u201cOttmar de la Rosa\u201d | Centro de Convenciones | Fotograf\u00edas Mara Gonz\u00e1lez para Mv Fotograf\u00eda Profesional \/ Edici\u00f3n y retoque www.pueblaexpres.com\" width=\"500\" height=\"333\" \/><\/a><script async src=\"\/\/embedr.flickr.com\/assets\/client-code.js\" charset=\"utf-8\"><\/script><\/p>\n<p>Cabe se\u00f1alar que la \u201cNoche Mexicana\u201d comenzar\u00e1 a las ocho de la noche y concluir\u00e1 a las dos de la ma\u00f1ana, se contar\u00e1 con tres pantallas gigantes para que todos puedan ver desde cualquier \u00e1ngulo, se transmitir\u00e1 la pelea y el grito, as\u00ed mismo el show del comediante Platanito tendr\u00e1 una duraci\u00f3n de 90 minutos y se espera un aforo de 1,800 personas, como parte de las actividades que se realizar\u00e1n en la Ciudad de Puebla.<\/p>\n<p><strong>https:\/\/web.superboletos.com\/SuperBoletos\/PUEBLA\/TEATRO\/NOCHE-MEXICANA-CON&#8211;PLATANITO\/gjNRDJSBDEVvuzwBAAueRFa5Tw<\/strong><\/p>\n<p><a title=\"IMG_0001 [Espect\u00e1culos] 15 de Septiembre 20:00 horas | \u201cNoche Mexicana\u201d (cena, baile, show) \u201cPlatanito\u201d \/ \u201cOttmar de la Rosa\u201d | Centro de Convenciones | Fotograf\u00edas Cortes\u00eda para Mv Fotograf\u00eda Profesional \/ Edici\u00f3n y retoque www.pueblaexpres.com\" href=\"https:\/\/www.flickr.com\/photos\/manitas\/30211850738\/in\/album-72157672389519018\/\" data-flickr-embed=\"true\"><img loading=\"lazy\" decoding=\"async\" class=\"aligncenter\" src=\"https:\/\/farm2.staticflickr.com\/1816\/30211850738_cbb75ecf7d.jpg\" alt=\"IMG_0001 [Espect\u00e1culos] 15 de Septiembre 20:00 horas | \u201cNoche Mexicana\u201d (cena, baile, show) \u201cPlatanito\u201d \/ \u201cOttmar de la Rosa\u201d | Centro de Convenciones | Fotograf\u00edas Cortes\u00eda para Mv Fotograf\u00eda Profesional \/ Edici\u00f3n y retoque www.pueblaexpres.com\" width=\"500\" height=\"339\" \/><\/a><script async src=\"\/\/embedr.flickr.com\/assets\/client-code.js\" charset=\"utf-8\"><\/script><\/p>\n<p style=\"text-align: center;\"><strong>LOCALIDADES:<\/strong><\/p>\n<p style=\"text-align: center;\"><strong>Mesa ORO (Por Persona) ADULTO $1,630 MX<\/strong><br \/>\n<strong> Mesa PLATA (Por Persona) ADULTO $1,230 MX<\/strong><br \/>\n<strong> Mesa BRONCE (Por Persona) ADULTO $ 880 MX<\/strong><\/p>\n<p>Evento sujeto a cargo x servicio por el sistema boletaje www.superboletos.com los cuales NO est\u00e1n incluidos en el precio listado.<\/p>\n<p><a title=\"DSC_8947 [Espect\u00e1culos] 15 de Septiembre 20:00 horas | \u201cNoche Mexicana\u201d (cena, baile, show) \u201cPlatanito\u201d \/ \u201cOttmar de la Rosa\u201d | Centro de Convenciones | Fotograf\u00edas Mara Gonz\u00e1lez para Mv Fotograf\u00eda Profesional \/ Edici\u00f3n y retoque www.pueblaexpres.com\" href=\"https:\/\/www.flickr.com\/photos\/manitas\/43361596734\/in\/album-72157672389519018\/\" data-flickr-embed=\"true\"><img loading=\"lazy\" decoding=\"async\" class=\"aligncenter\" src=\"https:\/\/farm2.staticflickr.com\/1799\/43361596734_a88336a755.jpg\" alt=\"DSC_8947 [Espect\u00e1culos] 15 de Septiembre 20:00 horas | \u201cNoche Mexicana\u201d (cena, baile, show) \u201cPlatanito\u201d \/ \u201cOttmar de la Rosa\u201d | Centro de Convenciones | Fotograf\u00edas Mara Gonz\u00e1lez para Mv Fotograf\u00eda Profesional \/ Edici\u00f3n y retoque www.pueblaexpres.com\" width=\"500\" height=\"333\" \/><\/a><script async src=\"\/\/embedr.flickr.com\/assets\/client-code.js\" charset=\"utf-8\"><\/script><\/p>\n<p>Amigo lector le pedimos contin\u00fae al pendiente de nuestras redes sociales y nuestro portal en la secci\u00f3n ESPECT\u00c1CULOS, ya que en el encontrar\u00e1 los mejor eventos\u2026<\/p>\n<p><strong>LA OPINI\u00d3N EXPRESADA EN ESTA COLUMNA ES RESPONSABILIDAD DE QUIEN LA ESCRIBE Y NO BUSCA GENERAR CONFLICTOS ENTRE LOS INVOLUCRADOS, SINO GENERAR CONCIENCIA EN CADA LECTOR.<\/strong><\/p>\n<p>[miniflickr photoset_id=72157672389519018&amp;sortby=date-posted-asc&amp;per_page=12]<\/p>\n","protected":false},"excerpt":{"rendered":"<p>Redacci\u00f3n LCC. Carlos Linares Mendoza | Fotograf\u00edas Mara Gonz\u00e1lez @MaraGlez_BTR #PueblaExpres @PueblaExpres Ser\u00e1 este 15 de septiembre cuando llegue a Puebla el comediante Platanito, como parte de la tradicional \u201cNoche Mexicana\u201d (cena, baile, show), que se realizar\u00e1 en Centro de convenciones. Sergio Alejandro Verduzco Rubiera, conocido art\u00edsticamente como \u201cPlatanito\u201d, naci\u00f3 el 19 de diciembre en [&hellip;]<\/p>\n","protected":false},"author":2,"featured_media":9394,"comment_status":"open","ping_status":"open","sticky":false,"template":"","format":"standard","meta":{"footnotes":""},"categories":[8,42,166,170,36,171,1,7],"tags":[],"_links":{"self":[{"href":"https:\/\/pueblaexpres.com\/portal\/index.php?rest_route=\/wp\/v2\/posts\/9393"}],"collection":[{"href":"https:\/\/pueblaexpres.com\/portal\/index.php?rest_route=\/wp\/v2\/posts"}],"about":[{"href":"https:\/\/pueblaexpres.com\/portal\/index.php?rest_route=\/wp\/v2\/types\/post"}],"author":[{"embeddable":true,"href":"https:\/\/pueblaexpres.com\/portal\/index.php?rest_route=\/wp\/v2\/users\/2"}],"replies":[{"embeddable":true,"href":"https:\/\/pueblaexpres.com\/portal\/index.php?rest_route=%2Fwp%2Fv2%2Fcomments&post=9393"}],"version-history":[{"count":1,"href":"https:\/\/pueblaexpres.com\/portal\/index.php?rest_route=\/wp\/v2\/posts\/9393\/revisions"}],"predecessor-version":[{"id":9395,"href":"https:\/\/pueblaexpres.com\/portal\/index.php?rest_route=\/wp\/v2\/posts\/9393\/revisions\/9395"}],"wp:featuredmedia":[{"embeddable":true,"href":"https:\/\/pueblaexpres.com\/portal\/index.php?rest_route=\/wp\/v2\/media\/9394"}],"wp:attachment":[{"href":"https:\/\/pueblaexpres.com\/portal\/index.php?rest_route=%2Fwp%2Fv2%2Fmedia&parent=9393"}],"wp:term":[{"taxonomy":"category","embeddable":true,"href":"https:\/\/pueblaexpres.com\/portal\/index.php?rest_route=%2Fwp%2Fv2%2Fcategories&post=9393"},{"taxonomy":"post_tag","embeddable":true,"href":"https:\/\/pueblaexpres.com\/portal\/index.php?rest_route=%2Fwp%2Fv2%2Ftags&post=9393"}],"curies":[{"name":"wp","href":"https:\/\/api.w.org\/{rel}","templated":true}]}}