{"id":9387,"date":"2018-08-13T17:28:26","date_gmt":"2018-08-13T23:28:26","guid":{"rendered":"https:\/\/pueblaexpres.com\/portal\/?p=9387"},"modified":"2018-08-15T17:32:56","modified_gmt":"2018-08-15T23:32:56","slug":"espectaculos-01-de-septiembre-1900-horas-adexe-nau-tu-yo-american-tour-auditorio-metropolitano","status":"publish","type":"post","link":"https:\/\/pueblaexpres.com\/portal\/?p=9387","title":{"rendered":"[Espect\u00e1culos] 01 de Septiembre 19:00 horas | Adexe &#038; Nau | Tu &#038; Yo American Tour | Auditorio Metropolitano"},"content":{"rendered":"<div name=\"googleone_share_1\" style=\"position:relative;z-index:5;float: right; margin-left: 10px;\"><g:plusone size=\"tall\" count=\"1\" href=\"https:\/\/pueblaexpres.com\/portal\/?p=9387\"><\/g:plusone><\/div><p><a href=\"https:\/\/pueblaexpres.com\/portal\/wp-content\/uploads\/2018\/08\/MVF_0649-2256x1504-800x533.jpg\"><img loading=\"lazy\" decoding=\"async\" class=\"wp-image-9388 aligncenter\" src=\"https:\/\/pueblaexpres.com\/portal\/wp-content\/uploads\/2018\/08\/MVF_0649-2256x1504-800x533.jpg\" alt=\"\" width=\"503\" height=\"335\" srcset=\"https:\/\/pueblaexpres.com\/portal\/wp-content\/uploads\/2018\/08\/MVF_0649-2256x1504-800x533.jpg 800w, https:\/\/pueblaexpres.com\/portal\/wp-content\/uploads\/2018\/08\/MVF_0649-2256x1504-800x533-300x200.jpg 300w, https:\/\/pueblaexpres.com\/portal\/wp-content\/uploads\/2018\/08\/MVF_0649-2256x1504-800x533-768x512.jpg 768w\" sizes=\"(max-width: 503px) 100vw, 503px\" \/><\/a><\/p>\n<p><strong>Redacci\u00f3n LCC. Carlos Linares Mendoza | Fotograf\u00edas Mara Gonz\u00e1lez @MaraGlez_BTR #PueblaExpres @PueblaExpres<\/strong><\/p>\n<p>En conferencia de prensa Millaray Cort\u00e9s y Carlos Linares de la empresa ProArt3, dieron a conocer todos los detalles sobre la presentaci\u00f3n del dueto de hermanos espa\u00f1oles que han arrasado en nuestro pa\u00eds, pues bien primero ofrecieron dos presentaciones el a\u00f1o pasado en Teatro Metrop\u00f3litan de la CDMX, posteriormente debido al \u00e9xito abrieron a principios de este a\u00f1o una presentaci\u00f3n en Auditorio Nacional, tras agotarla abrieron una segunda siendo SOLD OUT, ahora regresan a M\u00e9xico para presentarse en Palacio de los Deportes.<\/p>\n<p><a title=\"IMG_0001 [Espect\u00e1culos] 01 de Septiembre 19:00 horas | Adexe &amp; Nau | Tu &amp; Yo American Tour | Auditorio Metropolitano | Fotograf\u00edas Mara Gonz\u00e1lez \/ Manuel Vela para Mv Fotograf\u00eda Profesional \/ Edici\u00f3n y retoque www.pueblaexpres.com\" href=\"https:\/\/www.flickr.com\/photos\/manitas\/42250683510\/in\/dateposted-public\/\" data-flickr-embed=\"true\"><img loading=\"lazy\" decoding=\"async\" class=\"aligncenter\" src=\"https:\/\/farm2.staticflickr.com\/1819\/42250683510_b2e8dd6e0f.jpg\" alt=\"IMG_0001 [Espect\u00e1culos] 01 de Septiembre 19:00 horas | Adexe &amp; Nau | Tu &amp; Yo American Tour | Auditorio Metropolitano | Fotograf\u00edas Mara Gonz\u00e1lez \/ Manuel Vela para Mv Fotograf\u00eda Profesional \/ Edici\u00f3n y retoque www.pueblaexpres.com\" width=\"500\" height=\"214\" \/><\/a><script async src=\"\/\/embedr.flickr.com\/assets\/client-code.js\" charset=\"utf-8\"><\/script><\/p>\n<p>\u201cPor su parte en Puebla, se presentaron este a\u00f1o en Auditorio del Complejo Cultural Universitario, tras el lleno total ahora regresan para estar en el Auditorio Metropolitano este primero de septiembre\u201d, coment\u00f3 Carlos Linares.<\/p>\n<p>El dueto originario de las Islas Canarias estar\u00e1 acompa\u00f1ado de una gran producci\u00f3n \u201cContaremos con pantallas gigantes, cambios de vestuario, as\u00ed como bailarinas adolescentes y toda una gran producci\u00f3n, la misma que estar\u00e1n llevando en el Palacio de los Deportes de la Ciudad de M\u00e9xico, ser\u00e1 diferente show al anterior\u201d, agreg\u00f3 Millaray Cort\u00e9s.<!--more--><\/p>\n<p><a title=\"MVF_0570 [Espect\u00e1culos] 01 de Septiembre 19:00 horas | Adexe &amp; Nau | Tu &amp; Yo American Tour | Auditorio Metropolitano | Fotograf\u00edas Mara Gonz\u00e1lez \/ Manuel Vela para Mv Fotograf\u00eda Profesional \/ Edici\u00f3n y retoque www.pueblaexpres.com\" href=\"https:\/\/www.flickr.com\/photos\/manitas\/44059419041\/in\/dateposted-public\/\" data-flickr-embed=\"true\"><img loading=\"lazy\" decoding=\"async\" class=\"aligncenter\" src=\"https:\/\/farm2.staticflickr.com\/1831\/44059419041_0c4a681417.jpg\" alt=\"MVF_0570 [Espect\u00e1culos] 01 de Septiembre 19:00 horas | Adexe &amp; Nau | Tu &amp; Yo American Tour | Auditorio Metropolitano | Fotograf\u00edas Mara Gonz\u00e1lez \/ Manuel Vela para Mv Fotograf\u00eda Profesional \/ Edici\u00f3n y retoque www.pueblaexpres.com\" width=\"500\" height=\"334\" \/><\/a><script async src=\"\/\/embedr.flickr.com\/assets\/client-code.js\" charset=\"utf-8\"><\/script><\/p>\n<p>La presentaci\u00f3n de Adexe &amp; Nau, quienes llegar\u00e1n por segunda vez a Puebla este 1 de septiembre, a las 19:00 horas en Auditorio Metropolitano de la entidad poblana.<\/p>\n<p>Los boletos est\u00e1n a la venta a trav\u00e9s del sistema de boletaje www.superboletos.com , taquillas del Auditorio Metropolitano, Auditorio del Complejo Cultural Universitario, Palmas Plaza y sus diferentes puntos de venta de la boletera.<\/p>\n<p><a title=\"MVF_0537 [Espect\u00e1culos] 01 de Septiembre 19:00 horas | Adexe &amp; Nau | Tu &amp; Yo American Tour | Auditorio Metropolitano | Fotograf\u00edas Mara Gonz\u00e1lez \/ Manuel Vela para Mv Fotograf\u00eda Profesional \/ Edici\u00f3n y retoque www.pueblaexpres.com\" href=\"https:\/\/www.flickr.com\/photos\/manitas\/43153532825\/in\/dateposted-public\/\" data-flickr-embed=\"true\"><img loading=\"lazy\" decoding=\"async\" class=\"aligncenter\" src=\"https:\/\/farm2.staticflickr.com\/1819\/43153532825_ee7649a34c.jpg\" alt=\"MVF_0537 [Espect\u00e1culos] 01 de Septiembre 19:00 horas | Adexe &amp; Nau | Tu &amp; Yo American Tour | Auditorio Metropolitano | Fotograf\u00edas Mara Gonz\u00e1lez \/ Manuel Vela para Mv Fotograf\u00eda Profesional \/ Edici\u00f3n y retoque www.pueblaexpres.com\" width=\"500\" height=\"334\" \/><\/a><script async src=\"\/\/embedr.flickr.com\/assets\/client-code.js\" charset=\"utf-8\"><\/script><\/p>\n<p>https:\/\/web.superboletos.com\/SuperBoletos\/detalleEvento.do?elemento=WmSBDEVlADzrDEV2tGXplzyPgHwUg&#038;r=servicios<\/p>\n<p style=\"text-align: center;\"><strong>LOCALIDADES:<\/strong><\/p>\n<p style=\"text-align: center;\"><strong>Gran VIP ADULTO $1,210 MX<\/strong><br \/>\n<strong> VIP ADULTO $ 880 MX<\/strong><br \/>\n<strong> Preferente ADULTO $ 660 MX<\/strong><br \/>\n<strong> Luneta Central ADULTO $ 550 MX<\/strong><br \/>\n<strong> Zona Discapacitados ADULTO $ 495 MX<\/strong><br \/>\n<strong> Luneta Lateral ADULTO $ 440 MX<\/strong><\/p>\n<p><a title=\"IMG_0001 [Espect\u00e1culos] 01 de Septiembre 19:00 horas | Adexe &amp; Nau | Tu &amp; Yo American Tour | Auditorio Metropolitano | Fotograf\u00edas Mara Gonz\u00e1lez \/ Manuel Vela para Mv Fotograf\u00eda Profesional \/ Edici\u00f3n y retoque www.pueblaexpres.com\" href=\"https:\/\/www.flickr.com\/photos\/manitas\/43153537815\/in\/dateposted-public\/\" data-flickr-embed=\"true\"><img loading=\"lazy\" decoding=\"async\" class=\"aligncenter\" src=\"https:\/\/farm2.staticflickr.com\/1799\/43153537815_57f9b7afe8.jpg\" alt=\"IMG_0001 [Espect\u00e1culos] 01 de Septiembre 19:00 horas | Adexe &amp; Nau | Tu &amp; Yo American Tour | Auditorio Metropolitano | Fotograf\u00edas Mara Gonz\u00e1lez \/ Manuel Vela para Mv Fotograf\u00eda Profesional \/ Edici\u00f3n y retoque www.pueblaexpres.com\" width=\"250\" height=\"500\" \/><\/a><script async src=\"\/\/embedr.flickr.com\/assets\/client-code.js\" charset=\"utf-8\"><\/script><\/p>\n<p>Evento sujeto a cargo x servicio por el sistema boletaje www.superboletos.com los cuales NO est\u00e1n incluidos en el precio listado.<\/p>\n<p>Amigo lector le pedimos contin\u00fae al pendiente de nuestras redes sociales y nuestro portal en la secci\u00f3n ESPECT\u00c1CULOS, ya que en el encontrar\u00e1 los mejor eventos\u2026<\/p>\n<p><a title=\"MVF_0619 [Espect\u00e1culos] 01 de Septiembre 19:00 horas | Adexe &amp; Nau | Tu &amp; Yo American Tour | Auditorio Metropolitano | Fotograf\u00edas Mara Gonz\u00e1lez \/ Manuel Vela para Mv Fotograf\u00eda Profesional \/ Edici\u00f3n y retoque www.pueblaexpres.com\" href=\"https:\/\/www.flickr.com\/photos\/manitas\/43153532635\/in\/dateposted-public\/\" data-flickr-embed=\"true\"><img loading=\"lazy\" decoding=\"async\" class=\"aligncenter\" src=\"https:\/\/farm2.staticflickr.com\/1779\/43153532635_66164d3075.jpg\" alt=\"MVF_0619 [Espect\u00e1culos] 01 de Septiembre 19:00 horas | Adexe &amp; Nau | Tu &amp; Yo American Tour | Auditorio Metropolitano | Fotograf\u00edas Mara Gonz\u00e1lez \/ Manuel Vela para Mv Fotograf\u00eda Profesional \/ Edici\u00f3n y retoque www.pueblaexpres.com\" width=\"500\" height=\"334\" \/><\/a><script async src=\"\/\/embedr.flickr.com\/assets\/client-code.js\" charset=\"utf-8\"><\/script><\/p>\n<p><strong>LA OPINI\u00d3N EXPRESADA EN ESTA COLUMNA ES RESPONSABILIDAD DE QUIEN LA ESCRIBE Y NO BUSCA GENERAR CONFLICTOS ENTRE LOS INVOLUCRADOS, SINO GENERAR CONCIENCIA EN CADA LECTOR.<\/strong><\/p>\n<p>[miniflickr photoset_id=72157698630210651&amp;sortby=date-posted-asc&amp;per_page=11]<\/p>\n","protected":false},"excerpt":{"rendered":"<p>Redacci\u00f3n LCC. Carlos Linares Mendoza | Fotograf\u00edas Mara Gonz\u00e1lez @MaraGlez_BTR #PueblaExpres @PueblaExpres En conferencia de prensa Millaray Cort\u00e9s y Carlos Linares de la empresa ProArt3, dieron a conocer todos los detalles sobre la presentaci\u00f3n del dueto de hermanos espa\u00f1oles que han arrasado en nuestro pa\u00eds, pues bien primero ofrecieron dos presentaciones el a\u00f1o pasado en [&hellip;]<\/p>\n","protected":false},"author":2,"featured_media":9388,"comment_status":"open","ping_status":"open","sticky":false,"template":"","format":"standard","meta":{"footnotes":""},"categories":[8,42,166,170,36,171,1,7],"tags":[],"_links":{"self":[{"href":"https:\/\/pueblaexpres.com\/portal\/index.php?rest_route=\/wp\/v2\/posts\/9387"}],"collection":[{"href":"https:\/\/pueblaexpres.com\/portal\/index.php?rest_route=\/wp\/v2\/posts"}],"about":[{"href":"https:\/\/pueblaexpres.com\/portal\/index.php?rest_route=\/wp\/v2\/types\/post"}],"author":[{"embeddable":true,"href":"https:\/\/pueblaexpres.com\/portal\/index.php?rest_route=\/wp\/v2\/users\/2"}],"replies":[{"embeddable":true,"href":"https:\/\/pueblaexpres.com\/portal\/index.php?rest_route=%2Fwp%2Fv2%2Fcomments&post=9387"}],"version-history":[{"count":1,"href":"https:\/\/pueblaexpres.com\/portal\/index.php?rest_route=\/wp\/v2\/posts\/9387\/revisions"}],"predecessor-version":[{"id":9389,"href":"https:\/\/pueblaexpres.com\/portal\/index.php?rest_route=\/wp\/v2\/posts\/9387\/revisions\/9389"}],"wp:featuredmedia":[{"embeddable":true,"href":"https:\/\/pueblaexpres.com\/portal\/index.php?rest_route=\/wp\/v2\/media\/9388"}],"wp:attachment":[{"href":"https:\/\/pueblaexpres.com\/portal\/index.php?rest_route=%2Fwp%2Fv2%2Fmedia&parent=9387"}],"wp:term":[{"taxonomy":"category","embeddable":true,"href":"https:\/\/pueblaexpres.com\/portal\/index.php?rest_route=%2Fwp%2Fv2%2Fcategories&post=9387"},{"taxonomy":"post_tag","embeddable":true,"href":"https:\/\/pueblaexpres.com\/portal\/index.php?rest_route=%2Fwp%2Fv2%2Ftags&post=9387"}],"curies":[{"name":"wp","href":"https:\/\/api.w.org\/{rel}","templated":true}]}}