{"id":9346,"date":"2018-07-31T07:01:57","date_gmt":"2018-07-31T13:01:57","guid":{"rendered":"https:\/\/pueblaexpres.com\/portal\/?p=9346"},"modified":"2018-07-31T07:01:57","modified_gmt":"2018-07-31T13:01:57","slug":"espectaculos-agosto-25-a-las-2030-horas-daniel-boaventura-en-puebla-auditorio-metropolitano","status":"publish","type":"post","link":"https:\/\/pueblaexpres.com\/portal\/?p=9346","title":{"rendered":"[Espect\u00e1culos] Agosto 25 a las 20:30 horas | Daniel Boaventura en Puebla | Auditorio Metropolitano"},"content":{"rendered":"<div name=\"googleone_share_1\" style=\"position:relative;z-index:5;float: right; margin-left: 10px;\"><g:plusone size=\"tall\" count=\"1\" href=\"https:\/\/pueblaexpres.com\/portal\/?p=9346\"><\/g:plusone><\/div><p><a href=\"https:\/\/pueblaexpres.com\/portal\/wp-content\/uploads\/2018\/07\/WhatsApp-Image-2018-07-30-at-3.22.36-PM.jpeg\"><img loading=\"lazy\" decoding=\"async\" class=\"size-large wp-image-9347 aligncenter\" src=\"https:\/\/pueblaexpres.com\/portal\/wp-content\/uploads\/2018\/07\/WhatsApp-Image-2018-07-30-at-3.22.36-PM-1024x682.jpeg\" alt=\"\" width=\"500\" height=\"333\" srcset=\"https:\/\/pueblaexpres.com\/portal\/wp-content\/uploads\/2018\/07\/WhatsApp-Image-2018-07-30-at-3.22.36-PM-1024x682.jpeg 1024w, https:\/\/pueblaexpres.com\/portal\/wp-content\/uploads\/2018\/07\/WhatsApp-Image-2018-07-30-at-3.22.36-PM-300x200.jpeg 300w, https:\/\/pueblaexpres.com\/portal\/wp-content\/uploads\/2018\/07\/WhatsApp-Image-2018-07-30-at-3.22.36-PM-768x512.jpeg 768w, https:\/\/pueblaexpres.com\/portal\/wp-content\/uploads\/2018\/07\/WhatsApp-Image-2018-07-30-at-3.22.36-PM.jpeg 1280w\" sizes=\"(max-width: 500px) 100vw, 500px\" \/><\/a><\/p>\n<p><strong>Redacci\u00f3n LCC. Carlos Linares Mendoza | Fotograf\u00edas Cortes\u00eda #PueblaExpres @PueblaExpres<\/strong><\/p>\n<p>En conferencia se anunci\u00f3 de manera oficial la presentaci\u00f3n del cantante brasile\u00f1o Daniel Boaventura, quien ofrecer\u00e1 show este 25 de agosto en Auditorio Metropolitano de Puebla.<\/p>\n<p>Daniel Boaventura naci\u00f3 el 19 de mayo de 1970 (edad 47 a\u00f1os), es adem\u00e1s de un extraordinario cantante con una extensa carrera musical, un exitoso productor musical y actor de teatro, telenovelas y cine. Durante el 2015 grab\u00f3 el tema \u201cQuiz\u00e1s, quiz\u00e1s, quiz\u00e1s\u201d, a dueto con el cantante tlaxcalteca Carlos Rivera.<\/p>\n<p><a title=\"IMG_0001 [Espect\u00e1culos] Agosto 25 a las 20:30 horas | Daniel Boaventura en Puebla | Auditorio Metropolitano | Fotograf\u00edas Cortes\u00eda Puebla Expres para Mv Fotograf\u00eda Profesional \/ Edici\u00f3n y retoque www.pueblaexpres.com\" href=\"https:\/\/www.flickr.com\/photos\/manitas\/41952964340\/in\/album-72157671789491288\/\" data-flickr-embed=\"true\"><img loading=\"lazy\" decoding=\"async\" class=\"aligncenter\" src=\"https:\/\/farm1.staticflickr.com\/941\/41952964340_0f204f27c6.jpg\" alt=\"IMG_0001 [Espect\u00e1culos] Agosto 25 a las 20:30 horas | Daniel Boaventura en Puebla | Auditorio Metropolitano | Fotograf\u00edas Cortes\u00eda Puebla Expres para Mv Fotograf\u00eda Profesional \/ Edici\u00f3n y retoque www.pueblaexpres.com\" width=\"500\" height=\"282\" \/><\/a><script async src=\"\/\/embedr.flickr.com\/assets\/client-code.js\" charset=\"utf-8\"><\/script><\/p>\n<p>Recientemente present\u00f3 su disco \u201cDaniel Boaventura lanza DVD en Vivo en M\u00e9xico\u201d, material con canciones en ingl\u00e9s, portugu\u00e9s y espa\u00f1ol, disco bajo el sello discogr\u00e1fico de Sony Music M\u00e9xico.<\/p>\n<p>Dicho material fue grabado desde el Teatro Metrop\u00f3litan, en la Ciudad de M\u00e9xico, en octubre de 2017. El espect\u00e1culo dio origen a \u201cDaniel Boaventura Ao Vivo No M\u00e9xico\u201d, coloc\u00e1ndose en primeros lugares de ventas a nivel internacional. &#8220;Coraz\u00f3n Patio&#8221;, &#8220;La Barca&#8221; y &#8220;B\u00e9same Mucho&#8221;, temas que podemos escuchar en espa\u00f1ol.<\/p>\n<p>Los lazos de Daniel Boaventura con M\u00e9xico se firmaron algunos a\u00f1os atr\u00e1s, en 2015, cuando el cantante hizo sus primeras presentaciones en el pa\u00eds. En cada uno de los tres shows en la Ciudad de M\u00e9xico, Boaventura fue recibido con entusiasmo. El cantante eligi\u00f3 el pa\u00eds para registrar los momentos notables de sus \u00faltimos tres a\u00f1os de carrera, desde &#8220;Your Song&#8221;, su \u00faltimo DVD grabado en 2014.<!--more--><\/p>\n<p><a title=\"IMG_0001 [Espect\u00e1culos] Agosto 25 a las 20:30 horas | Daniel Boaventura en Puebla | Auditorio Metropolitano | Fotograf\u00edas Cortes\u00eda Puebla Expres para Mv Fotograf\u00eda Profesional \/ Edici\u00f3n y retoque www.pueblaexpres.com\" href=\"https:\/\/www.flickr.com\/photos\/manitas\/41952964280\/in\/album-72157671789491288\/\" data-flickr-embed=\"true\"><img loading=\"lazy\" decoding=\"async\" class=\"aligncenter\" src=\"https:\/\/farm2.staticflickr.com\/1839\/41952964280_ca1296a437.jpg\" alt=\"IMG_0001 [Espect\u00e1culos] Agosto 25 a las 20:30 horas | Daniel Boaventura en Puebla | Auditorio Metropolitano | Fotograf\u00edas Cortes\u00eda Puebla Expres para Mv Fotograf\u00eda Profesional \/ Edici\u00f3n y retoque www.pueblaexpres.com\" width=\"500\" height=\"333\" \/><\/a><script async src=\"\/\/embedr.flickr.com\/assets\/client-code.js\" charset=\"utf-8\"><\/script><\/p>\n<p>&#8220;Sent\u00ed que hab\u00eda llegado la hora de proyectar mi carrera internacionalmente con este nuevo proyecto. Nada m\u00e1s justo que la grabaci\u00f3n de este DVD fuese en M\u00e9xico, la meca discogr\u00e1fica latinoamericana, y m\u00e1s, ten\u00eda que ser en el Teatro Metrop\u00f3litan&#8221;, cuenta Daniel sobre la elecci\u00f3n de M\u00e9xico para la grabaci\u00f3n de su nuevo proyecto.<\/p>\n<p>Con la producci\u00f3n de Andr\u00e9 Vasconcellos y Fabricio Matos y direcci\u00f3n ejecutiva de Marcelo Maia, el material discogr\u00e1fico \u201cDaniel Boaventura Ao Vivo No M\u00e9xico\u201d, es otro cl\u00e1sico para coleccionar, deleitar y emocionarse. Embarque en una sofisticada noche de gala al sonido de grandes \u00e9xitos que rescatan buenas memorias y provocan agradables sensaciones.<\/p>\n<p>Estar\u00e1 acompa\u00f1ado de 15 m\u00fasicos y cantar\u00e1 sus m\u00e1s grandes \u00e9xitos que lo han llevado a la c\u00faspide coloc\u00e1ndolo como el cantante brasile\u00f1o del momento.<\/p>\n<p><a title=\"IMG_0001 [Espect\u00e1culos] Agosto 25 a las 20:30 horas | Daniel Boaventura en Puebla | Auditorio Metropolitano | Fotograf\u00edas Cortes\u00eda Puebla Expres para Mv Fotograf\u00eda Profesional \/ Edici\u00f3n y retoque www.pueblaexpres.com\" href=\"https:\/\/www.flickr.com\/photos\/manitas\/41952964190\/in\/album-72157671789491288\/\" data-flickr-embed=\"true\"><img loading=\"lazy\" decoding=\"async\" class=\"aligncenter\" src=\"https:\/\/farm1.staticflickr.com\/853\/41952964190_5ec7913715.jpg\" alt=\"IMG_0001 [Espect\u00e1culos] Agosto 25 a las 20:30 horas | Daniel Boaventura en Puebla | Auditorio Metropolitano | Fotograf\u00edas Cortes\u00eda Puebla Expres para Mv Fotograf\u00eda Profesional \/ Edici\u00f3n y retoque www.pueblaexpres.com\" width=\"500\" height=\"333\" \/><\/a><script async src=\"\/\/embedr.flickr.com\/assets\/client-code.js\" charset=\"utf-8\"><\/script><\/p>\n<p>El show durar\u00e1 90 minutos aproximadamente y se espera que el cantante brasile\u00f1o Daniel Boaventura, llegue un d\u00eda antes a Puebla.<\/p>\n<p>Este espectacular show podr\u00e1 disfrutar los poblanos el s\u00e1bado 25 de agosto a las 20:30 horas en Auditorio Metropolitano<\/p>\n<p>La venta de boletos para este concierto es a trav\u00e9s del sistema en l\u00ednea www.superboletos.com y puntos de venta autorizados. Taquillas del Auditorio Metropolitano, Auditorio del Complejo Cultural Universitario, Palmas Plaza.<\/p>\n<p><a title=\"IMG_0001 [Espect\u00e1culos] Agosto 25 a las 20:30 horas | Daniel Boaventura en Puebla | Auditorio Metropolitano | Fotograf\u00edas Cortes\u00eda Puebla Expres para Mv Fotograf\u00eda Profesional \/ Edici\u00f3n y retoque www.pueblaexpres.com\" href=\"https:\/\/www.flickr.com\/photos\/manitas\/28825245067\/in\/album-72157671789491288\/\" data-flickr-embed=\"true\"><img loading=\"lazy\" decoding=\"async\" class=\"aligncenter\" src=\"https:\/\/farm1.staticflickr.com\/857\/28825245067_4e6bf8a1c3.jpg\" alt=\"IMG_0001 [Espect\u00e1culos] Agosto 25 a las 20:30 horas | Daniel Boaventura en Puebla | Auditorio Metropolitano | Fotograf\u00edas Cortes\u00eda Puebla Expres para Mv Fotograf\u00eda Profesional \/ Edici\u00f3n y retoque www.pueblaexpres.com\" width=\"222\" height=\"500\" \/><\/a><script async src=\"\/\/embedr.flickr.com\/assets\/client-code.js\" charset=\"utf-8\"><\/script><\/p>\n<p>Para mayor facilidad esta es la liga directa de venta: <strong>https:\/\/web.superboletos.com\/SuperBoletos\/PUEBLA\/CONCIERTO\/DANIEL-BOAVENTURA-EN-VIVO\/q44zfUbjzDS1To4FpfC89w<\/strong><\/p>\n<p style=\"text-align: center;\"><strong>LOCALIDADES:<\/strong><\/p>\n<p style=\"text-align: center;\"><strong>Gran VIP ADULTO $$2,200 MX<\/strong><br \/>\n<strong> VIP ADULTO $1,750 MX<\/strong><br \/>\n<strong> Preferente ADULTO $1,550 MX<\/strong><br \/>\n<strong> Luneta ADULTO $1,100 MX<\/strong><br \/>\n<strong> Luneta Central ADULTO $1,300 MX<\/strong><\/p>\n<p>Evento sujeto a cargo x servicio por el sistema www.superboletos.com los cuales NO est\u00e1n incluidos en el precio listado.<\/p>\n<p><a title=\"IMG_0001 [Espect\u00e1culos] Agosto 25 a las 20:30 horas | Daniel Boaventura en Puebla | Auditorio Metropolitano | Fotograf\u00edas Cortes\u00eda Puebla Expres para Mv Fotograf\u00eda Profesional \/ Edici\u00f3n y retoque www.pueblaexpres.com\" href=\"https:\/\/www.flickr.com\/photos\/manitas\/41952964090\/in\/album-72157671789491288\/\" data-flickr-embed=\"true\"><img loading=\"lazy\" decoding=\"async\" class=\"aligncenter\" src=\"https:\/\/farm1.staticflickr.com\/860\/41952964090_e754eff3cb.jpg\" alt=\"IMG_0001 [Espect\u00e1culos] Agosto 25 a las 20:30 horas | Daniel Boaventura en Puebla | Auditorio Metropolitano | Fotograf\u00edas Cortes\u00eda Puebla Expres para Mv Fotograf\u00eda Profesional \/ Edici\u00f3n y retoque www.pueblaexpres.com\" width=\"333\" height=\"500\" \/><\/a><script async src=\"\/\/embedr.flickr.com\/assets\/client-code.js\" charset=\"utf-8\"><\/script><\/p>\n<p>Amigo lector le pedimos contin\u00fae al pendiente de nuestras redes sociales y nuestro portal en la secci\u00f3n ESPECT\u00c1CULOS, ya que en el encontrar\u00e1 los mejor eventos\u2026<\/p>\n<p><strong>LA OPINI\u00d3N EXPRESADA EN ESTA COLUMNA ES RESPONSABILIDAD DE QUIEN LA ESCRIBE Y NO BUSCA GENERAR CONFLICTOS ENTRE LOS INVOLUCRADOS, SINO GENERAR CONCIENCIA EN CADA LECTOR.<\/strong><\/p>\n<p>[miniflickr photoset_id=72157671789491288&amp;sortby=date-posted-asc&amp;per_page=9]<\/p>\n","protected":false},"excerpt":{"rendered":"<p>Redacci\u00f3n LCC. Carlos Linares Mendoza | Fotograf\u00edas Cortes\u00eda #PueblaExpres @PueblaExpres En conferencia se anunci\u00f3 de manera oficial la presentaci\u00f3n del cantante brasile\u00f1o Daniel Boaventura, quien ofrecer\u00e1 show este 25 de agosto en Auditorio Metropolitano de Puebla. Daniel Boaventura naci\u00f3 el 19 de mayo de 1970 (edad 47 a\u00f1os), es adem\u00e1s de un extraordinario cantante con [&hellip;]<\/p>\n","protected":false},"author":2,"featured_media":9347,"comment_status":"open","ping_status":"open","sticky":false,"template":"","format":"standard","meta":{"footnotes":""},"categories":[8,42,166,170,36,171,1,7],"tags":[],"_links":{"self":[{"href":"https:\/\/pueblaexpres.com\/portal\/index.php?rest_route=\/wp\/v2\/posts\/9346"}],"collection":[{"href":"https:\/\/pueblaexpres.com\/portal\/index.php?rest_route=\/wp\/v2\/posts"}],"about":[{"href":"https:\/\/pueblaexpres.com\/portal\/index.php?rest_route=\/wp\/v2\/types\/post"}],"author":[{"embeddable":true,"href":"https:\/\/pueblaexpres.com\/portal\/index.php?rest_route=\/wp\/v2\/users\/2"}],"replies":[{"embeddable":true,"href":"https:\/\/pueblaexpres.com\/portal\/index.php?rest_route=%2Fwp%2Fv2%2Fcomments&post=9346"}],"version-history":[{"count":1,"href":"https:\/\/pueblaexpres.com\/portal\/index.php?rest_route=\/wp\/v2\/posts\/9346\/revisions"}],"predecessor-version":[{"id":9348,"href":"https:\/\/pueblaexpres.com\/portal\/index.php?rest_route=\/wp\/v2\/posts\/9346\/revisions\/9348"}],"wp:featuredmedia":[{"embeddable":true,"href":"https:\/\/pueblaexpres.com\/portal\/index.php?rest_route=\/wp\/v2\/media\/9347"}],"wp:attachment":[{"href":"https:\/\/pueblaexpres.com\/portal\/index.php?rest_route=%2Fwp%2Fv2%2Fmedia&parent=9346"}],"wp:term":[{"taxonomy":"category","embeddable":true,"href":"https:\/\/pueblaexpres.com\/portal\/index.php?rest_route=%2Fwp%2Fv2%2Fcategories&post=9346"},{"taxonomy":"post_tag","embeddable":true,"href":"https:\/\/pueblaexpres.com\/portal\/index.php?rest_route=%2Fwp%2Fv2%2Ftags&post=9346"}],"curies":[{"name":"wp","href":"https:\/\/api.w.org\/{rel}","templated":true}]}}