{"id":8276,"date":"2017-10-04T17:40:42","date_gmt":"2017-10-04T23:40:42","guid":{"rendered":"https:\/\/pueblaexpres.com\/portal\/?p=8276"},"modified":"2017-10-04T17:40:42","modified_gmt":"2017-10-04T23:40:42","slug":"automovilismo-el-proximo-1314-y-15-de-octubre-autodromo-miguel-e-abed-nascar-peak-mexico-series-amozoc","status":"publish","type":"post","link":"https:\/\/pueblaexpres.com\/portal\/?p=8276","title":{"rendered":"[Automovilismo] El pr\u00f3ximo 13,14 y 15 de OCTUBRE Aut\u00f3dromo &#8220;Miguel E. Abed&#8221; NASCAR PEAK M\u00c9XICO SERIES | Amozoc"},"content":{"rendered":"<div name=\"googleone_share_1\" style=\"position:relative;z-index:5;float: right; margin-left: 10px;\"><g:plusone size=\"tall\" count=\"1\" href=\"https:\/\/pueblaexpres.com\/portal\/?p=8276\"><\/g:plusone><\/div><p><a href=\"https:\/\/pueblaexpres.com\/portal\/wp-content\/uploads\/2017\/10\/DSC_0329-2256x1270-800x450.jpg\"><img loading=\"lazy\" decoding=\"async\" class=\"wp-image-8277 aligncenter\" src=\"https:\/\/pueblaexpres.com\/portal\/wp-content\/uploads\/2017\/10\/DSC_0329-2256x1270-800x450.jpg\" alt=\"\" width=\"507\" height=\"285\" srcset=\"https:\/\/pueblaexpres.com\/portal\/wp-content\/uploads\/2017\/10\/DSC_0329-2256x1270-800x450.jpg 800w, https:\/\/pueblaexpres.com\/portal\/wp-content\/uploads\/2017\/10\/DSC_0329-2256x1270-800x450-300x169.jpg 300w, https:\/\/pueblaexpres.com\/portal\/wp-content\/uploads\/2017\/10\/DSC_0329-2256x1270-800x450-768x432.jpg 768w\" sizes=\"(max-width: 507px) 100vw, 507px\" \/><\/a><\/p>\n<p><strong>Redacci\u00f3n | Fotograf\u00edas Mara Gonz\u00e1lez @MaraGlez_BTR \/\/ Manuel Vela @Mv_ManuelVela #PueblaExpres<\/strong><\/p>\n<p>Puebla, sede de la decimoprimera fecha de \u201cNASCAR PEAK M\u00c9XICO SERIES\u201d<\/p>\n<p>&#8211; La carrera llevar\u00e1 por nombre \u201cCORRIENDO POR PUEBLA\u201d y se correr\u00e1 en el Aut\u00f3dromo Miguel E. Abed.<\/p>\n<p><a title=\"DSC_0017 [Automovilismo] El pr\u00f3ximo 13,14 y 15 de OCTUBRE Aut\u00f3dromo &quot;Miguel E. Abed&quot; NASCAR PEAK M\u00c9XICO SERIES | Amozoc Fotograf\u00eda Mara Gonz\u00e1lez @MaraGlez_BTR \/\/ Manuel Vela para Mv Fotograf\u00eda Profesional \/ Edici\u00f3n y retoque www.pueblaexpres.com\" href=\"https:\/\/www.flickr.com\/photos\/manitas\/23650154738\/in\/album-72157686681771881\/\" data-flickr-embed=\"true\"><img loading=\"lazy\" decoding=\"async\" class=\"aligncenter\" src=\"https:\/\/farm5.staticflickr.com\/4483\/23650154738_29437d5000.jpg\" alt=\"DSC_0017 [Automovilismo] El pr\u00f3ximo 13,14 y 15 de OCTUBRE Aut\u00f3dromo &quot;Miguel E. Abed&quot; NASCAR PEAK M\u00c9XICO SERIES | Amozoc Fotograf\u00eda Mara Gonz\u00e1lez @MaraGlez_BTR \/\/ Manuel Vela para Mv Fotograf\u00eda Profesional \/ Edici\u00f3n y retoque www.pueblaexpres.com\" width=\"500\" height=\"334\" \/><\/a><script async src=\"\/\/embedr.flickr.com\/assets\/client-code.js\" charset=\"utf-8\"><\/script><\/p>\n<p>NASCAR Peak MX llegar\u00e1 a Puebla del 13 al 15 de octubre al Aut\u00f3dromo Miguel E. Abed en Amozoc, donde se correr\u00e1 la pen\u00faltima fecha de la temporada la ENTRADA AL P\u00daBLICO SER\u00c1 GRATUITA pero con boleto.<\/p>\n<p>En rueda de prensa, Humberto Garc\u00eda, director operativo de NASCAR Peak MX, explic\u00f3 que a esta altura del campeonato, el t\u00edtulo est\u00e1 lejos de tener un virtual ganador, por lo que la pista poblana ser\u00e1 una oportunidad para acercarse a la punta para varios pilotos.nascar-puebla-2017<\/p>\n<p><a title=\"DSC_0032 [Automovilismo] El pr\u00f3ximo 13,14 y 15 de OCTUBRE Aut\u00f3dromo &quot;Miguel E. Abed&quot; NASCAR PEAK M\u00c9XICO SERIES | Amozoc Fotograf\u00eda Mara Gonz\u00e1lez @MaraGlez_BTR \/\/ Manuel Vela para Mv Fotograf\u00eda Profesional \/ Edici\u00f3n y retoque www.pueblaexpres.com\" href=\"https:\/\/www.flickr.com\/photos\/manitas\/37454698556\/in\/album-72157686681771881\/\" data-flickr-embed=\"true\"><img loading=\"lazy\" decoding=\"async\" class=\"aligncenter\" src=\"https:\/\/farm5.staticflickr.com\/4480\/37454698556_0697d66f7a.jpg\" alt=\"DSC_0032 [Automovilismo] El pr\u00f3ximo 13,14 y 15 de OCTUBRE Aut\u00f3dromo &quot;Miguel E. Abed&quot; NASCAR PEAK M\u00c9XICO SERIES | Amozoc Fotograf\u00eda Mara Gonz\u00e1lez @MaraGlez_BTR \/\/ Manuel Vela para Mv Fotograf\u00eda Profesional \/ Edici\u00f3n y retoque www.pueblaexpres.com\" width=\"500\" height=\"334\" \/><\/a><script async src=\"\/\/embedr.flickr.com\/assets\/client-code.js\" charset=\"utf-8\"><\/script><\/p>\n<p>Acompa\u00f1ado por la piloto poblana Mar\u00eda Jos\u00e9 Rodr\u00edguez, el director dijo que en apoyo a Puebla y los poblanos luego del sismo del 19 de septiembre, y en busca de darles un esparcimiento, los boletos para esta competencia NO TENDR\u00c1N COSTO.<!--more--><\/p>\n<p>Respecto a la asistencia que esperan para este fin de semana de velocidad, Garc\u00eda dijo que tomando en cuenta la asistencia de 35 mil personas de la fecha anterior en suelo poblano, esperan incluso superar esa marca.<\/p>\n<p><a title=\"DSC_0110 [Automovilismo] El pr\u00f3ximo 13,14 y 15 de OCTUBRE Aut\u00f3dromo &quot;Miguel E. Abed&quot; NASCAR PEAK M\u00c9XICO SERIES | Amozoc Fotograf\u00eda Mara Gonz\u00e1lez @MaraGlez_BTR \/\/ Manuel Vela para Mv Fotograf\u00eda Profesional \/ Edici\u00f3n y retoque www.pueblaexpres.com\" href=\"https:\/\/www.flickr.com\/photos\/manitas\/37454697806\/in\/album-72157686681771881\/\" data-flickr-embed=\"true\"><img loading=\"lazy\" decoding=\"async\" class=\"aligncenter\" src=\"https:\/\/farm5.staticflickr.com\/4454\/37454697806_88168f7b50.jpg\" alt=\"DSC_0110 [Automovilismo] El pr\u00f3ximo 13,14 y 15 de OCTUBRE Aut\u00f3dromo &quot;Miguel E. Abed&quot; NASCAR PEAK M\u00c9XICO SERIES | Amozoc Fotograf\u00eda Mara Gonz\u00e1lez @MaraGlez_BTR \/\/ Manuel Vela para Mv Fotograf\u00eda Profesional \/ Edici\u00f3n y retoque www.pueblaexpres.com\" width=\"500\" height=\"334\" \/><\/a><script async src=\"\/\/embedr.flickr.com\/assets\/client-code.js\" charset=\"utf-8\"><\/script><\/p>\n<p>Mar\u00eda Jos\u00e9 Rodr\u00edguez comento: \u201cLa verdad estoy muy contenta y motivada, ya quiero que sea la fecha. Yo creo que con las fechas anteriores me he podido preparar muy fuerte, ahorita en la fecha de Chiapas qued\u00e9 en sexta posici\u00f3n, justo acabo de terminar la carrera y estoy muy motivada y preparada pero todav\u00eda quedan quince d\u00edas para seguirnos preparando fuerte y a dar un buen espect\u00e1culo para toda la afici\u00f3n poblana y ojal\u00e1 mucha gente me pueda acompa\u00f1ar y sobre todo que me apoye&#8221;.<\/p>\n<p>Finalmente, Mar\u00eda Jos\u00e9 Rodr\u00edguez asegur\u00f3 que le llena de emoci\u00f3n correr en su estado, por lo que en su participaci\u00f3n con las Mikel\u2019s Trucks y los Tractocamiones, el objetivo es subirse al podio para dedic\u00e1rselo a sus coterr\u00e1neos.<\/p>\n<p><a title=\"DSC_0338 [Automovilismo] El pr\u00f3ximo 13,14 y 15 de OCTUBRE Aut\u00f3dromo &quot;Miguel E. Abed&quot; NASCAR PEAK M\u00c9XICO SERIES | Amozoc Fotograf\u00eda Mara Gonz\u00e1lez @MaraGlez_BTR \/\/ Manuel Vela para Mv Fotograf\u00eda Profesional \/ Edici\u00f3n y retoque www.pueblaexpres.com\" href=\"https:\/\/www.flickr.com\/photos\/manitas\/23650152448\/in\/album-72157686681771881\/\" data-flickr-embed=\"true\"><img loading=\"lazy\" decoding=\"async\" class=\"aligncenter\" src=\"https:\/\/farm5.staticflickr.com\/4453\/23650152448_aff5faa048.jpg\" alt=\"DSC_0338 [Automovilismo] El pr\u00f3ximo 13,14 y 15 de OCTUBRE Aut\u00f3dromo &quot;Miguel E. Abed&quot; NASCAR PEAK M\u00c9XICO SERIES | Amozoc Fotograf\u00eda Mara Gonz\u00e1lez @MaraGlez_BTR \/\/ Manuel Vela para Mv Fotograf\u00eda Profesional \/ Edici\u00f3n y retoque www.pueblaexpres.com\" width=\"333\" height=\"500\" \/><\/a><script async src=\"\/\/embedr.flickr.com\/assets\/client-code.js\" charset=\"utf-8\"><\/script><\/p>\n<p><strong>LA OPINI\u00d3N EXPRESADA EN ESTA COLUMNA ES RESPONSABILIDAD DE QUIEN LA ESCRIBE Y NO BUSCA GENERAR CONFLICTOS ENTRE LOS INVOLUCRADOS, SI NO GENERAR CONCIENCIA EN CADA LECTOR.<\/strong><\/p>\n<p>[miniflickr photoset_id=72157686681771881&amp;sortby=date-posted-asc&amp;per_page=9]<\/p>\n","protected":false},"excerpt":{"rendered":"<p>Redacci\u00f3n | Fotograf\u00edas Mara Gonz\u00e1lez @MaraGlez_BTR \/\/ Manuel Vela @Mv_ManuelVela #PueblaExpres Puebla, sede de la decimoprimera fecha de \u201cNASCAR PEAK M\u00c9XICO SERIES\u201d &#8211; La carrera llevar\u00e1 por nombre \u201cCORRIENDO POR PUEBLA\u201d y se correr\u00e1 en el Aut\u00f3dromo Miguel E. Abed. NASCAR Peak MX llegar\u00e1 a Puebla del 13 al 15 de octubre al Aut\u00f3dromo Miguel [&hellip;]<\/p>\n","protected":false},"author":2,"featured_media":8277,"comment_status":"open","ping_status":"open","sticky":false,"template":"","format":"standard","meta":{"footnotes":""},"categories":[8,116,42,6,36,171,1,7],"tags":[],"_links":{"self":[{"href":"https:\/\/pueblaexpres.com\/portal\/index.php?rest_route=\/wp\/v2\/posts\/8276"}],"collection":[{"href":"https:\/\/pueblaexpres.com\/portal\/index.php?rest_route=\/wp\/v2\/posts"}],"about":[{"href":"https:\/\/pueblaexpres.com\/portal\/index.php?rest_route=\/wp\/v2\/types\/post"}],"author":[{"embeddable":true,"href":"https:\/\/pueblaexpres.com\/portal\/index.php?rest_route=\/wp\/v2\/users\/2"}],"replies":[{"embeddable":true,"href":"https:\/\/pueblaexpres.com\/portal\/index.php?rest_route=%2Fwp%2Fv2%2Fcomments&post=8276"}],"version-history":[{"count":1,"href":"https:\/\/pueblaexpres.com\/portal\/index.php?rest_route=\/wp\/v2\/posts\/8276\/revisions"}],"predecessor-version":[{"id":8278,"href":"https:\/\/pueblaexpres.com\/portal\/index.php?rest_route=\/wp\/v2\/posts\/8276\/revisions\/8278"}],"wp:featuredmedia":[{"embeddable":true,"href":"https:\/\/pueblaexpres.com\/portal\/index.php?rest_route=\/wp\/v2\/media\/8277"}],"wp:attachment":[{"href":"https:\/\/pueblaexpres.com\/portal\/index.php?rest_route=%2Fwp%2Fv2%2Fmedia&parent=8276"}],"wp:term":[{"taxonomy":"category","embeddable":true,"href":"https:\/\/pueblaexpres.com\/portal\/index.php?rest_route=%2Fwp%2Fv2%2Fcategories&post=8276"},{"taxonomy":"post_tag","embeddable":true,"href":"https:\/\/pueblaexpres.com\/portal\/index.php?rest_route=%2Fwp%2Fv2%2Ftags&post=8276"}],"curies":[{"name":"wp","href":"https:\/\/api.w.org\/{rel}","templated":true}]}}