{"id":8270,"date":"2017-10-04T06:21:18","date_gmt":"2017-10-04T12:21:18","guid":{"rendered":"https:\/\/pueblaexpres.com\/portal\/?p=8270"},"modified":"2017-10-04T06:21:18","modified_gmt":"2017-10-04T12:21:18","slug":"espectaculos-27-sept-al-05-nov-5to-miedo-fest-festival-cultural-de-la-muerte-panteon-municipal-de-puebla","status":"publish","type":"post","link":"https:\/\/pueblaexpres.com\/portal\/?p=8270","title":{"rendered":"[Espect\u00e1culos] 27 SEPT al 05 NOV | 5to MIEDO FEST, FESTIVAL CULTURAL DE LA MUERTE | PANTE\u00d3N MUNICIPAL DE PUEBLA"},"content":{"rendered":"<div name=\"googleone_share_1\" style=\"position:relative;z-index:5;float: right; margin-left: 10px;\"><g:plusone size=\"tall\" count=\"1\" href=\"https:\/\/pueblaexpres.com\/portal\/?p=8270\"><\/g:plusone><\/div><p><a href=\"https:\/\/pueblaexpres.com\/portal\/wp-content\/uploads\/2017\/10\/DSC_0226-2256x1268-800x450.jpg\"><img loading=\"lazy\" decoding=\"async\" class=\"alignnone  wp-image-8271\" src=\"https:\/\/pueblaexpres.com\/portal\/wp-content\/uploads\/2017\/10\/DSC_0226-2256x1268-800x450.jpg\" alt=\"\" width=\"505\" height=\"284\" srcset=\"https:\/\/pueblaexpres.com\/portal\/wp-content\/uploads\/2017\/10\/DSC_0226-2256x1268-800x450.jpg 800w, https:\/\/pueblaexpres.com\/portal\/wp-content\/uploads\/2017\/10\/DSC_0226-2256x1268-800x450-300x169.jpg 300w, https:\/\/pueblaexpres.com\/portal\/wp-content\/uploads\/2017\/10\/DSC_0226-2256x1268-800x450-768x432.jpg 768w\" sizes=\"(max-width: 505px) 100vw, 505px\" \/><\/a><\/p>\n<p><strong>Redacci\u00f3n | Fotograf\u00edas Mara Gonz\u00e1lez @MaraGlez_BTR #PueblaExpres<\/strong><\/p>\n<p>\u00a15to ANIVERSARIO!<\/p>\n<p><strong>5to MIEDO FEST, FESTIVAL CULTURAL DE LA MUERTE<\/strong><\/p>\n<p>DEL 27 DE SEPTIEMBRE AL 05 DE NOVIEMBRE, <strong>PANTE\u00d3N MUNICIPAL DE PUEBLA.<\/strong><\/p>\n<p>Con gran emoci\u00f3n CADEE (Compa\u00f1\u00eda Art\u00edstica Desempleados En Escena) Celebra la Quinta edici\u00f3n del \u201cFestival Cultural de la Muerte\u201d MIEDO FEST 2017, en el Pante\u00f3n Municipal de Puebla.<\/p>\n<p><a title=\"DSC_0016 [Espect\u00e1culos] 27 SEPT al 05 NOV | 5to MIEDO FEST, FESTIVAL CULTURAL DE LA MUERTE | PANTE\u00d3N MUNICIPAL DE PUEBLA | Fotograf\u00edas Mara Gonz\u00e1lez \/ Manuel Vela para Mv Fotograf\u00eda Profesional \/ Edici\u00f3n y retoque www.pueblaexpres.com\" href=\"https:\/\/www.flickr.com\/photos\/manitas\/37460901792\/in\/album-72157686661349971\/\" data-flickr-embed=\"true\"><img loading=\"lazy\" decoding=\"async\" class=\"aligncenter\" src=\"https:\/\/farm5.staticflickr.com\/4514\/37460901792_b30f48ff75.jpg\" alt=\"DSC_0016 [Espect\u00e1culos] 27 SEPT al 05 NOV | 5to MIEDO FEST, FESTIVAL CULTURAL DE LA MUERTE | PANTE\u00d3N MUNICIPAL DE PUEBLA | Fotograf\u00edas Mara Gonz\u00e1lez \/ Manuel Vela para Mv Fotograf\u00eda Profesional \/ Edici\u00f3n y retoque www.pueblaexpres.com\" width=\"333\" height=\"500\" \/><\/a><script async src=\"\/\/embedr.flickr.com\/assets\/client-code.js\" charset=\"utf-8\"><\/script><\/p>\n<p>Desde el a\u00f1o 2009, CADEE logr\u00f3 el objetivo de mostrar al Pante\u00f3n Municipal de Puebla no solo como el \u00faltimo lugar de morada para quienes ya partieron a la siguiente vida, sino como un lugar de leyendas, mito urbano, historia, arte y cultura. Adem\u00e1s de recordar nuestras tradiciones mexicanas entorno a la Muerte, a trav\u00e9s de diferentes espect\u00e1culos, exposiciones de arte y danza aprendemos en familia en un ambiente \u00fanico, volvi\u00e9ndonos ya un referente \u00fanico en su tipo a nivel nacional e internacional.<!--more--><\/p>\n<p>Este a\u00f1o las actividades estar\u00e1n programadas los d\u00edas mi\u00e9rcoles, jueves, viernes, s\u00e1bado y domingo, del 27 de Septiembre al 05 de Noviembre de 2017, colocando a Puebla y a nuestro Pante\u00f3n Municipal como el primero en M\u00e9xico en realizar esta serie de actividades tur\u00edsticas y culturales pero dentro de un Pante\u00f3n.<\/p>\n<p>MIEDO FEST\u2026 es un Festival Cultural cuyo objetivo es recordar nuestra identidad mexicana celebrando nuestras tradiciones milenarias entorno a la Muerte, en un escenario \u00fanico \u201cEl Pante\u00f3n Municipal de Puebla\u201d, un lugar rico en Arte Funerario, monumentos y personajes hist\u00f3ricos, manteniendo el respeto de este importante lugar, ofrecemos a la ciudadan\u00eda en general, una oportunidad de entretenimiento original durante la temporada de D\u00eda de Muertos, una excelente opci\u00f3n que ofrece diversas actividades culturales, creadas para toda la familia en un espacio ideal.<\/p>\n<p><a title=\"DSC_0064 [Espect\u00e1culos] 27 SEPT al 05 NOV | 5to MIEDO FEST, FESTIVAL CULTURAL DE LA MUERTE | PANTE\u00d3N MUNICIPAL DE PUEBLA | Fotograf\u00edas Mara Gonz\u00e1lez \/ Manuel Vela para Mv Fotograf\u00eda Profesional \/ Edici\u00f3n y retoque www.pueblaexpres.com\" href=\"https:\/\/www.flickr.com\/photos\/manitas\/37492117831\/in\/album-72157686661349971\/\" data-flickr-embed=\"true\"><img loading=\"lazy\" decoding=\"async\" class=\"aligncenter\" src=\"https:\/\/farm5.staticflickr.com\/4481\/37492117831_49b650c0a9.jpg\" alt=\"DSC_0064 [Espect\u00e1culos] 27 SEPT al 05 NOV | 5to MIEDO FEST, FESTIVAL CULTURAL DE LA MUERTE | PANTE\u00d3N MUNICIPAL DE PUEBLA | Fotograf\u00edas Mara Gonz\u00e1lez \/ Manuel Vela para Mv Fotograf\u00eda Profesional \/ Edici\u00f3n y retoque www.pueblaexpres.com\" width=\"500\" height=\"334\" \/><\/a><script async src=\"\/\/embedr.flickr.com\/assets\/client-code.js\" charset=\"utf-8\"><\/script><\/p>\n<p><strong>Las Propuestas Esc\u00e9nicas:<\/strong><\/p>\n<p><strong>Mi\u00e9rcoles: \u201cBUTOH TZINACANTLI (VAMPIRO)\u201d<\/strong> (Danza de la Muerte, Itinerante \u201cpara toda la familia\u201d)<\/p>\n<p>El Butoh traspasa, trasgrede la voluntad de la raz\u00f3n para entrar en el Arte del mundo m\u00e1gico. El Butoh no adopta como m\u00e9todo de expresi\u00f3n art\u00edstica el cubrir el cuerpo con la forma. El cuerpo es de por s\u00ed forma y esencia; captar la forma, haciendo brillar tal como es la fuerza de la vida, su belleza y fealdad, es la base del Butoh. (Direcci\u00f3n ENRIQUE BEGGAR) 8:00 p.m. Cooperaci\u00f3n general: $100.00 Adolescentes y Adultos<\/p>\n<p><strong>Jueves: \u201cAY NANITA\u201d Leyendas de Puebla (Cuenta Cuentos Para toda la Familia)<\/strong> Espect\u00e1culo c\u00f3mico familiar donde de forma l\u00fadica y en un lenguaje 100% apto para ni\u00f1os, contamos historias de miedo y leyendas populares de esta ciudad: Los Nahuales, El Charro Negro, El Callej\u00f3n del Muerto, El Perro, Benjam\u00edn y el Sabino, La Encadenada de la Luz, La Descarnada, entre otras. 7:30 y 9:00 p.m. Cooperaci\u00f3n general: $100.00 Ni\u00f1os $70.00<\/p>\n<p><strong>Viernes y S\u00e1bado: \u201cY LA TUMBA DIJO\u2026\u201d Mitos y Leyendas del Pante\u00f3n Municipal<\/strong> Recorrido c\u00f3mico dramatizado para toda la familia, donde conocer\u00e1n algunos de los personajes que descansan en este bello pante\u00f3n, en esta emisi\u00f3n de temporada, se estrenan historias in\u00e9ditas las cuales har\u00e1n llorar, re\u00edr, admirar y sorprender al p\u00fablico asistente. 8:00, 9:30 y 11:00 p.m. Cooperaci\u00f3n: $100.00 Adultos Ni\u00f1os $70.00<\/p>\n<p><a title=\"DSC_0255 [Espect\u00e1culos] 27 SEPT al 05 NOV | 5to MIEDO FEST, FESTIVAL CULTURAL DE LA MUERTE | PANTE\u00d3N MUNICIPAL DE PUEBLA | Fotograf\u00edas Mara Gonz\u00e1lez \/ Manuel Vela para Mv Fotograf\u00eda Profesional \/ Edici\u00f3n y retoque www.pueblaexpres.com\" href=\"https:\/\/www.flickr.com\/photos\/manitas\/37460900112\/in\/album-72157686661349971\/\" data-flickr-embed=\"true\"><img loading=\"lazy\" decoding=\"async\" class=\"aligncenter\" src=\"https:\/\/farm5.staticflickr.com\/4514\/37460900112_5fd36e97c7.jpg\" alt=\"DSC_0255 [Espect\u00e1culos] 27 SEPT al 05 NOV | 5to MIEDO FEST, FESTIVAL CULTURAL DE LA MUERTE | PANTE\u00d3N MUNICIPAL DE PUEBLA | Fotograf\u00edas Mara Gonz\u00e1lez \/ Manuel Vela para Mv Fotograf\u00eda Profesional \/ Edici\u00f3n y retoque www.pueblaexpres.com\" width=\"500\" height=\"334\" \/><\/a><script async src=\"\/\/embedr.flickr.com\/assets\/client-code.js\" charset=\"utf-8\"><\/script><\/p>\n<p><strong>Domingo: \u201cY LA TUMBA DIJO\u2026\u201d Brujer\u00eda y Relatos del M\u00e1s All\u00e1<\/strong> Recorrido nocturno para toda la familia, personajes tra\u00eddos del m\u00e1s all\u00e1, quienes en este Quinto Aniversario nos engalanan con su presencia para ponernos los pelos de punta!, historias in\u00e9ditas, espeluznantes, tragic\u00f3micas y de mucho miedo!. 8:00, 9:30 y 11:00 p.m. Cooperaci\u00f3n: $100.00 Adultos Ni\u00f1os $70.00<\/p>\n<p>CADEE (Compa\u00f1\u00eda Art\u00edstica Desempleados En Escena) cuenta con la valiosa participaci\u00f3n de m\u00e1s de 20 actores profesionales que con su trabajo dar\u00e1n vida a este magno festival, adem\u00e1s de contar con el apoyo de distinguidas empresas e Instituciones comprometidas con la Cultura de nuestro Estado: Coraz\u00f3n de Brasil, Funeraria El Buen Samaritano, CUREZPANTOS, Foro 21.mx, Hotel Casa Abolengo, Hotel la Alh\u00f3ndiga, Instituto Empresarial Hispanoamericano IEH \u2013 Escuela De Artes, Universidad de Oriente, La Oveja Negra, Heart Line, Caldos Angelita, El Borrego Feliz, Sherwin Williams OLYN Xonaca, PROMEX, FRANCOS Cofee &amp; Beer, Limpieza Profunda Alejandra, PUBLIXA, Cuyo esfuerzo hacen posible la realizaci\u00f3n del 5to MIEDO FEST.<\/p>\n<p><a title=\"DSC_0106 [Espect\u00e1culos] 27 SEPT al 05 NOV | 5to MIEDO FEST, FESTIVAL CULTURAL DE LA MUERTE | PANTE\u00d3N MUNICIPAL DE PUEBLA | Fotograf\u00edas Mara Gonz\u00e1lez \/ Manuel Vela para Mv Fotograf\u00eda Profesional \/ Edici\u00f3n y retoque www.pueblaexpres.com\" href=\"https:\/\/www.flickr.com\/photos\/manitas\/37460900872\/in\/album-72157686661349971\/\" data-flickr-embed=\"true\"><img loading=\"lazy\" decoding=\"async\" class=\"aligncenter\" src=\"https:\/\/farm5.staticflickr.com\/4460\/37460900872_2ba07cfbc8.jpg\" alt=\"DSC_0106 [Espect\u00e1culos] 27 SEPT al 05 NOV | 5to MIEDO FEST, FESTIVAL CULTURAL DE LA MUERTE | PANTE\u00d3N MUNICIPAL DE PUEBLA | Fotograf\u00edas Mara Gonz\u00e1lez \/ Manuel Vela para Mv Fotograf\u00eda Profesional \/ Edici\u00f3n y retoque www.pueblaexpres.com\" width=\"500\" height=\"334\" \/><\/a><script async src=\"\/\/embedr.flickr.com\/assets\/client-code.js\" charset=\"utf-8\"><\/script><\/p>\n<p><strong>LOCALIDADES:<\/strong><\/p>\n<p>Mi\u00e9rcoles: \u201cBUTOH TZINACANTLI (VAMPIRO)\u201d (Danza de la Muerte, Itinerante \u201cpara toda la familia\u201d)<br \/>\n8:00 p.m. Cooperaci\u00f3n general: <strong>$100.00 Adolescentes y Adultos<\/strong><\/p>\n<p>Jueves: \u201cAY NANITA\u201d Leyendas de Puebla (Cuenta Cuentos Para toda la Familia)<br \/>\n7:30 y 9:00 p.m. Cooperaci\u00f3n <strong>general<\/strong>: <strong>$100.00 Ni\u00f1os $70.00<\/strong><\/p>\n<p>Viernes y S\u00e1bado: \u201cY LA TUMBA DIJO\u2026\u201d<br \/>\n8:00, 9:30 y 11:00 p.m. Cooperaci\u00f3n: <strong>$100.00 Adultos Ni\u00f1os $70.00<\/strong><\/p>\n<p>Domingo: \u201cY LA TUMBA DIJO\u2026\u201d Brujer\u00eda y Relatos del M\u00e1s All\u00e1<br \/>\n8:00, 9:30 y 11:00 p.m. Cooperaci\u00f3n:<strong>$100.00 Adultos Ni\u00f1os $70.00<\/strong><\/p>\n<p><a title=\"DSC_0217 [Espect\u00e1culos] 27 SEPT al 05 NOV | 5to MIEDO FEST, FESTIVAL CULTURAL DE LA MUERTE | PANTE\u00d3N MUNICIPAL DE PUEBLA | Fotograf\u00edas Mara Gonz\u00e1lez \/ Manuel Vela para Mv Fotograf\u00eda Profesional \/ Edici\u00f3n y retoque www.pueblaexpres.com\" href=\"https:\/\/www.flickr.com\/photos\/manitas\/37460900492\/in\/album-72157686661349971\/\" data-flickr-embed=\"true\"><img loading=\"lazy\" decoding=\"async\" class=\"aligncenter\" src=\"https:\/\/farm5.staticflickr.com\/4500\/37460900492_0dbf90fbfd.jpg\" alt=\"DSC_0217 [Espect\u00e1culos] 27 SEPT al 05 NOV | 5to MIEDO FEST, FESTIVAL CULTURAL DE LA MUERTE | PANTE\u00d3N MUNICIPAL DE PUEBLA | Fotograf\u00edas Mara Gonz\u00e1lez \/ Manuel Vela para Mv Fotograf\u00eda Profesional \/ Edici\u00f3n y retoque www.pueblaexpres.com\" width=\"500\" height=\"333\" \/><\/a><script async src=\"\/\/embedr.flickr.com\/assets\/client-code.js\" charset=\"utf-8\"><\/script><\/p>\n<p>Amigo lector le pedimos contin\u00fae al pendiente de nuestras redes sociales y nuestro portal en la secci\u00f3n ESPECT\u00c1CULOS, ya que en el encontrar\u00e1 los mejor eventos\u2026<\/p>\n<p><strong>LA OPINI\u00d3N EXPRESADA EN ESTA COLUMNA ES RESPONSABILIDAD DE QUIEN LA ESCRIBE Y NO BUSCA GENERAR CONFLICTOS ENTRE LOS INVOLUCRADOS, SINO GENERAR CONCIENCIA EN CADA LECTOR.<\/strong><\/p>\n<p>[miniflickr photoset_id=72157686661349971&amp;sortby=date-posted-asc&amp;per_page=9]<\/p>\n","protected":false},"excerpt":{"rendered":"<p>Redacci\u00f3n | Fotograf\u00edas Mara Gonz\u00e1lez @MaraGlez_BTR #PueblaExpres \u00a15to ANIVERSARIO! 5to MIEDO FEST, FESTIVAL CULTURAL DE LA MUERTE DEL 27 DE SEPTIEMBRE AL 05 DE NOVIEMBRE, PANTE\u00d3N MUNICIPAL DE PUEBLA. Con gran emoci\u00f3n CADEE (Compa\u00f1\u00eda Art\u00edstica Desempleados En Escena) Celebra la Quinta edici\u00f3n del \u201cFestival Cultural de la Muerte\u201d MIEDO FEST 2017, en el Pante\u00f3n Municipal [&hellip;]<\/p>\n","protected":false},"author":2,"featured_media":8271,"comment_status":"open","ping_status":"open","sticky":false,"template":"","format":"standard","meta":{"footnotes":""},"categories":[8,42,166,170,36,171,1,7],"tags":[],"_links":{"self":[{"href":"https:\/\/pueblaexpres.com\/portal\/index.php?rest_route=\/wp\/v2\/posts\/8270"}],"collection":[{"href":"https:\/\/pueblaexpres.com\/portal\/index.php?rest_route=\/wp\/v2\/posts"}],"about":[{"href":"https:\/\/pueblaexpres.com\/portal\/index.php?rest_route=\/wp\/v2\/types\/post"}],"author":[{"embeddable":true,"href":"https:\/\/pueblaexpres.com\/portal\/index.php?rest_route=\/wp\/v2\/users\/2"}],"replies":[{"embeddable":true,"href":"https:\/\/pueblaexpres.com\/portal\/index.php?rest_route=%2Fwp%2Fv2%2Fcomments&post=8270"}],"version-history":[{"count":1,"href":"https:\/\/pueblaexpres.com\/portal\/index.php?rest_route=\/wp\/v2\/posts\/8270\/revisions"}],"predecessor-version":[{"id":8272,"href":"https:\/\/pueblaexpres.com\/portal\/index.php?rest_route=\/wp\/v2\/posts\/8270\/revisions\/8272"}],"wp:featuredmedia":[{"embeddable":true,"href":"https:\/\/pueblaexpres.com\/portal\/index.php?rest_route=\/wp\/v2\/media\/8271"}],"wp:attachment":[{"href":"https:\/\/pueblaexpres.com\/portal\/index.php?rest_route=%2Fwp%2Fv2%2Fmedia&parent=8270"}],"wp:term":[{"taxonomy":"category","embeddable":true,"href":"https:\/\/pueblaexpres.com\/portal\/index.php?rest_route=%2Fwp%2Fv2%2Fcategories&post=8270"},{"taxonomy":"post_tag","embeddable":true,"href":"https:\/\/pueblaexpres.com\/portal\/index.php?rest_route=%2Fwp%2Fv2%2Ftags&post=8270"}],"curies":[{"name":"wp","href":"https:\/\/api.w.org\/{rel}","templated":true}]}}