{"id":8267,"date":"2017-10-02T08:00:41","date_gmt":"2017-10-02T14:00:41","guid":{"rendered":"https:\/\/pueblaexpres.com\/portal\/?p=8267"},"modified":"2017-10-02T08:00:41","modified_gmt":"2017-10-02T14:00:41","slug":"espectaculos-13-de-octubre-la-oreja-de-van-gogh-el-planeta-imaginario-tour-2017-acropolis-puebla","status":"publish","type":"post","link":"https:\/\/pueblaexpres.com\/portal\/?p=8267","title":{"rendered":"[Espect\u00e1culos] 13 de Octubre | La Oreja de Van Gogh &#8211; El planeta imaginario Tour 2017- | Acr\u00f3polis Puebla"},"content":{"rendered":"<div name=\"googleone_share_1\" style=\"position:relative;z-index:5;float: right; margin-left: 10px;\"><g:plusone size=\"tall\" count=\"1\" href=\"https:\/\/pueblaexpres.com\/portal\/?p=8267\"><\/g:plusone><\/div><p><a href=\"https:\/\/pueblaexpres.com\/portal\/wp-content\/uploads\/2017\/10\/DSC_0087-2256x1505-800x534.jpg\"><img loading=\"lazy\" decoding=\"async\" class=\"wp-image-8268 aligncenter\" src=\"https:\/\/pueblaexpres.com\/portal\/wp-content\/uploads\/2017\/10\/DSC_0087-2256x1505-800x534.jpg\" alt=\"\" width=\"502\" height=\"335\" srcset=\"https:\/\/pueblaexpres.com\/portal\/wp-content\/uploads\/2017\/10\/DSC_0087-2256x1505-800x534.jpg 800w, https:\/\/pueblaexpres.com\/portal\/wp-content\/uploads\/2017\/10\/DSC_0087-2256x1505-800x534-300x200.jpg 300w, https:\/\/pueblaexpres.com\/portal\/wp-content\/uploads\/2017\/10\/DSC_0087-2256x1505-800x534-768x513.jpg 768w\" sizes=\"(max-width: 502px) 100vw, 502px\" \/><\/a><\/p>\n<p><strong>Redacci\u00f3n | Fotograf\u00edas Mara Gonz\u00e1lez @MaraGlez_BTR #PueblaExpres<\/strong><\/p>\n<p>La Oreja de Van Gogh<\/p>\n<p>Puebla recibir\u00e1 al grupo espa\u00f1ol La Oreja de Van Gogh, el pr\u00f3ximo 13 de Octubre se presentar\u00e1n en la cumbre del espect\u00e1culo Acr\u00f3polis trayendo consigo su tour \u201cPlaneta Imaginario\u201d.<\/p>\n<p><a title=\"DSC_0028 [Espect\u00e1culos] 13 de Octubre | La Oreja de Van Gogh - El planeta imaginario Tour 2017- | Acr\u00f3polis Puebla | Fotograf\u00edas Mara Gonz\u00e1lez @MaraGlez_BTR #PueblaExpres para Mv Fotograf\u00eda Profesional \/ Edici\u00f3n y retoque www.pueblaexpres.com\" href=\"https:\/\/www.flickr.com\/photos\/manitas\/37195095580\/in\/album-72157686584321591\/\" data-flickr-embed=\"true\"><img loading=\"lazy\" decoding=\"async\" class=\"aligncenter\" src=\"https:\/\/farm5.staticflickr.com\/4510\/37195095580_e6b93c731c.jpg\" alt=\"DSC_0028 [Espect\u00e1culos] 13 de Octubre | La Oreja de Van Gogh - El planeta imaginario Tour 2017- | Acr\u00f3polis Puebla | Fotograf\u00edas Mara Gonz\u00e1lez @MaraGlez_BTR #PueblaExpres para Mv Fotograf\u00eda Profesional \/ Edici\u00f3n y retoque www.pueblaexpres.com\" width=\"500\" height=\"333\" \/><\/a><script async src=\"\/\/embedr.flickr.com\/assets\/client-code.js\" charset=\"utf-8\"><\/script><\/p>\n<p>La gira ha sido en enorme \u00e9xito, agotando las entradas en ciudades como Madrid, Barcelona, Donostia, Nueva York, Los \u00c1ngeles y Rosario. En algunas ciudades se abrieron segundas fechas las cuales se agotaron r\u00e1pidamente.<\/p>\n<p>Durante la Rueda de Prensa, el Director del Recinto. Jorge Rej\u00f3n aseguro que este concierto ser\u00e1 una experiencia \u00fanica, ya que este espect\u00e1culo estar\u00e1 acondicionado con audio e iluminaci\u00f3n de primer nivel.<!--more--><\/p>\n<p>El centro de espect\u00e1culos Acr\u00f3polis como un gesto de solidaridad y en apoyo a los damnificados por el sismo del pasado 19 de septiembre abri\u00f3 un centro de acopio para recolectar v\u00edveres y a su vez hacerlos llegar a las comunidades de Puebla que m\u00e1s lo necesitan.<\/p>\n<p><a title=\"DSC_0010 [Espect\u00e1culos] 13 de Octubre | La Oreja de Van Gogh - El planeta imaginario Tour 2017- | Acr\u00f3polis Puebla | Fotograf\u00edas Mara Gonz\u00e1lez @MaraGlez_BTR #PueblaExpres para Mv Fotograf\u00eda Profesional \/ Edici\u00f3n y retoque www.pueblaexpres.com\" href=\"https:\/\/www.flickr.com\/photos\/manitas\/37195096670\/in\/album-72157686584321591\/\" data-flickr-embed=\"true\"><img loading=\"lazy\" decoding=\"async\" class=\"aligncenter\" src=\"https:\/\/farm5.staticflickr.com\/4404\/37195096670_996c03aa2e.jpg\" alt=\"DSC_0010 [Espect\u00e1culos] 13 de Octubre | La Oreja de Van Gogh - El planeta imaginario Tour 2017- | Acr\u00f3polis Puebla | Fotograf\u00edas Mara Gonz\u00e1lez @MaraGlez_BTR #PueblaExpres para Mv Fotograf\u00eda Profesional \/ Edici\u00f3n y retoque www.pueblaexpres.com\" width=\"500\" height=\"282\" \/><\/a><script async src=\"\/\/embedr.flickr.com\/assets\/client-code.js\" charset=\"utf-8\"><\/script><\/p>\n<p>Para garantizar la seguridad de los asistentes al evento, el director del centro de espect\u00e1culos coment\u00f3 \u201ctenemos un dictamen estructural aprobatorio que establece que el inmueble es seguro, no tuvimos ning\u00fan problema, el lugar est\u00e1 listo para que se celebren todos los show que tenemos programados\u201d.<\/p>\n<p>La Oreja de Van Gogh promete un show m\u00e1gico a los poblanos, quienes cantar\u00e1n \u00e9xitos como Rosas, Dulce Locura, La playa, jueves, por mencionar a algunas.<\/p>\n<p style=\"text-align: center;\"><strong>LOCALIDADES:<\/strong><\/p>\n<p style=\"text-align: center;\"><strong>Ruedo VIP: ADULTO$2,300<\/strong><br \/>\n<strong> Ruedo Platino ADULTO$1,725<\/strong><br \/>\n<strong> 1er Nivel: ADULTO$1,150<\/strong><br \/>\n<strong> 1er Nivel lateral: ADULTO$865<\/strong><br \/>\n<strong> 2do Nivel: ADULTO$575<\/strong><br \/>\n<strong> 2do Nivel lateral: ADULTO$400<\/strong><\/p>\n<p><a title=\"DSC_0082 [Espect\u00e1culos] 13 de Octubre | La Oreja de Van Gogh - El planeta imaginario Tour 2017- | Acr\u00f3polis Puebla | Fotograf\u00edas Mara Gonz\u00e1lez @MaraGlez_BTR #PueblaExpres para Mv Fotograf\u00eda Profesional \/ Edici\u00f3n y retoque www.pueblaexpres.com\" href=\"https:\/\/www.flickr.com\/photos\/manitas\/36782723523\/in\/album-72157686584321591\/\" data-flickr-embed=\"true\"><img loading=\"lazy\" decoding=\"async\" class=\"aligncenter\" src=\"https:\/\/farm5.staticflickr.com\/4472\/36782723523_114b6f8c91.jpg\" alt=\"DSC_0082 [Espect\u00e1culos] 13 de Octubre | La Oreja de Van Gogh - El planeta imaginario Tour 2017- | Acr\u00f3polis Puebla | Fotograf\u00edas Mara Gonz\u00e1lez @MaraGlez_BTR #PueblaExpres para Mv Fotograf\u00eda Profesional \/ Edici\u00f3n y retoque www.pueblaexpres.com\" width=\"333\" height=\"500\" \/><\/a><script async src=\"\/\/embedr.flickr.com\/assets\/client-code.js\" charset=\"utf-8\"><\/script><\/p>\n<p>Evento sujeto a cargo x servicio por el sistema <a href=\"https:\/\/www.eticket.mx\/\" rel=\"nofollow\">www.eticket.mx\/<\/a> , los cuales est\u00e1n incluidos en el precio listado.<\/p>\n<p>Amigo lector le pedimos contin\u00fae al pendiente de nuestras redes sociales y nuestro portal en la secci\u00f3n ESPECT\u00c1CULOS, ya que en el encontrar\u00e1 los mejor eventos\u2026<\/p>\n<p><strong>LA OPINI\u00d3N EXPRESADA EN ESTA COLUMNA ES RESPONSABILIDAD DE QUIEN LA ESCRIBE Y NO BUSCA GENERAR CONFLICTOS ENTRE LOS INVOLUCRADOS, SINO GENERAR CONCIENCIA EN CADA LECTOR.<\/strong><\/p>\n<p>[miniflickr photoset_id=72157686584321591&amp;sortby=date-posted-asc&amp;per_page=7]<\/p>\n","protected":false},"excerpt":{"rendered":"<p>Redacci\u00f3n | Fotograf\u00edas Mara Gonz\u00e1lez @MaraGlez_BTR #PueblaExpres La Oreja de Van Gogh Puebla recibir\u00e1 al grupo espa\u00f1ol La Oreja de Van Gogh, el pr\u00f3ximo 13 de Octubre se presentar\u00e1n en la cumbre del espect\u00e1culo Acr\u00f3polis trayendo consigo su tour \u201cPlaneta Imaginario\u201d. La gira ha sido en enorme \u00e9xito, agotando las entradas en ciudades como Madrid, [&hellip;]<\/p>\n","protected":false},"author":2,"featured_media":8268,"comment_status":"open","ping_status":"open","sticky":false,"template":"","format":"standard","meta":{"footnotes":""},"categories":[8,42,166,170,36,171,1,7],"tags":[],"_links":{"self":[{"href":"https:\/\/pueblaexpres.com\/portal\/index.php?rest_route=\/wp\/v2\/posts\/8267"}],"collection":[{"href":"https:\/\/pueblaexpres.com\/portal\/index.php?rest_route=\/wp\/v2\/posts"}],"about":[{"href":"https:\/\/pueblaexpres.com\/portal\/index.php?rest_route=\/wp\/v2\/types\/post"}],"author":[{"embeddable":true,"href":"https:\/\/pueblaexpres.com\/portal\/index.php?rest_route=\/wp\/v2\/users\/2"}],"replies":[{"embeddable":true,"href":"https:\/\/pueblaexpres.com\/portal\/index.php?rest_route=%2Fwp%2Fv2%2Fcomments&post=8267"}],"version-history":[{"count":1,"href":"https:\/\/pueblaexpres.com\/portal\/index.php?rest_route=\/wp\/v2\/posts\/8267\/revisions"}],"predecessor-version":[{"id":8269,"href":"https:\/\/pueblaexpres.com\/portal\/index.php?rest_route=\/wp\/v2\/posts\/8267\/revisions\/8269"}],"wp:featuredmedia":[{"embeddable":true,"href":"https:\/\/pueblaexpres.com\/portal\/index.php?rest_route=\/wp\/v2\/media\/8268"}],"wp:attachment":[{"href":"https:\/\/pueblaexpres.com\/portal\/index.php?rest_route=%2Fwp%2Fv2%2Fmedia&parent=8267"}],"wp:term":[{"taxonomy":"category","embeddable":true,"href":"https:\/\/pueblaexpres.com\/portal\/index.php?rest_route=%2Fwp%2Fv2%2Fcategories&post=8267"},{"taxonomy":"post_tag","embeddable":true,"href":"https:\/\/pueblaexpres.com\/portal\/index.php?rest_route=%2Fwp%2Fv2%2Ftags&post=8267"}],"curies":[{"name":"wp","href":"https:\/\/api.w.org\/{rel}","templated":true}]}}