{"id":748,"date":"2011-08-19T20:58:48","date_gmt":"2011-08-20T02:58:48","guid":{"rendered":"https:\/\/pueblaexpres.com\/portal\/?p=748"},"modified":"2011-08-19T20:58:49","modified_gmt":"2011-08-20T02:58:49","slug":"puebla-fc-entreno-en-el-estadio-cuauhtemoc-previo-vs-pumas-unam","status":"publish","type":"post","link":"https:\/\/pueblaexpres.com\/portal\/?p=748","title":{"rendered":"Puebla FC entreno en el Estadio Cuauht\u00e9moc previo vs Pumas UNAM"},"content":{"rendered":"<div name=\"googleone_share_1\" style=\"position:relative;z-index:5;float: right; margin-left: 10px;\"><g:plusone size=\"tall\" count=\"1\" href=\"https:\/\/pueblaexpres.com\/portal\/?p=748\"><\/g:plusone><\/div><p><a title=\"SONY DSC Puebla FC entreno en el Estadio Cuauht\u00e9moc previo vs Pumas UNAM por LAE Manuel Vela 23 by Manuel Vela - MV Fotograf\u00eda Profesional, on Flickr\" href=\"http:\/\/www.flickr.com\/photos\/manitas\/6059581435\/\"><img loading=\"lazy\" decoding=\"async\" class=\"alignleft\" style=\"margin-left: 5px; margin-right: 5px;\" src=\"http:\/\/farm7.static.flickr.com\/6076\/6059581435_3ec7c32f8e_m.jpg\" alt=\"SONY DSC Puebla FC entreno en el Estadio Cuauht\u00e9moc previo vs Pumas UNAM por LAE Manuel Vela 23\" width=\"240\" height=\"161\" \/><\/a> Puebla, Puebla a 19 de Agosto 2011<\/p>\n<p>Con la confianza y entusiasmo renovados, el Puebla de La Franja trabaja de cara a su duelo de la sexta fecha del Torneo Apertura 2011, en el que enfrentar\u00e1 al actual campe\u00f3n del Futbol Mexicano, los Pumas de la UNAM, escuadra a la que buscan vencer demostrando un buen desempe\u00f1o a lo largo de los 90 minutos.<br \/>\nDisputar el duelo ante el l\u00edder de la competencia motiva al conjunto de la Angel\u00f3polis, raz\u00f3n por la que el estratega Sergio Bueno, se ha dado a la tarea de probar diferentes variantes que permitan sumar tres puntos en casa, entre esas modificaciones est\u00e1 la oportunidad para que Alexandro \u00c1lvarez regrese a la porter\u00eda Camotera.<br \/>\n\u201cLa inclusi\u00f3n del \u2018Mostro\u2019 (\u00c1lvarez) es pr\u00e1cticamente un hecho, es \u00e9l el que va a jugar el pr\u00f3ximo partido, es una decisi\u00f3n tomada por nosotros, se retras\u00f3 la alternancia, pero es buen momento para que vuelva al arco\u201d indic\u00f3 el t\u00e9cnico de la oncena poblana, quien sabe de la capacidad del experimentado cancerbero, del cual espera brinde una buena actuaci\u00f3n.<br \/>\n\u201cNos obliga a hacer un partido de 90 minutos para no pasar contratiempos\u201d indic\u00f3 el estratega que es consciente de que deber\u00e1n de estar concentrados de principio a fin, en estado de alerta para evitar que ocurran errores como los que se han presentado en compromisos pasados, en los que se han dejado ir unidades. Indico<br \/>\nGonzalo Pineda comento \u201cVamos a tratar de que pese el buen futbol y que podamos hacer un buen encuentro, estamos con mucha hambre, con muchas ganas de sacar esto delante, de obtener nuestra primera victoria en casa y mas all\u00e1 de los n\u00fameros (negativos ante Pumas), creo que el equipo se encuentra bien futbol\u00edsticamente para poder hacer un buen encuentro\u201d dijo Pineda quien declar\u00f3 que la presi\u00f3n por ganar siempre existe por lo que no les queda otra opci\u00f3n m\u00e1s que seguir esforz\u00e1ndose para enderezar el rumbo.<br \/>\n\u201cHay que hacer un poquito m\u00e1s para obtener mejores resultados, creo que son detalles los que hemos dejado pasar porque la gran mayor\u00eda de los goles que hemos recibido han sido errores nuestros y en ese sentido, mejorando esa parte, creo que el equipo puede tener un buen funcionamiento\u201d.<br \/>\n\u201cLa verdad que siempre enfrentar a Pumas para m\u00ed es muy especial, obviamente con la idea de ganar y bueno ojal\u00e1 que con el apoyo de la gente aqu\u00ed de locales nos permitan tener un estadio lleno que pese y podamos hacer un buen encuentro\u201d expres\u00f3 \u2018Gonzo\u2019 quien asegur\u00f3 que el puesto de capit\u00e1n no le hace tener mayor compromiso ya que siempre se entrega al cien por ciento.<br \/>\n[miniflickr photoset_id=72157627471505292&amp;sortby=date-posted-asc&amp;per_page=10]<\/p>\n<p><a href=\"http:\/\/www.flickr.com\/photos\/manitas\/sets\/72157627471505292\/\" target=\"_blank\"><strong>Puebla FC entreno en el Estadio Cuauht\u00e9moc previo vs Pumas UNAM<\/strong> <\/a><\/p>\n<p>&#8211;<\/p>\n","protected":false},"excerpt":{"rendered":"<p>Puebla, Puebla a 19 de Agosto 2011 Con la confianza y entusiasmo renovados, el Puebla de La Franja trabaja de cara a su duelo de la sexta fecha del Torneo Apertura 2011, en el que enfrentar\u00e1 al actual campe\u00f3n del Futbol Mexicano, los Pumas de la UNAM, escuadra a la que buscan vencer demostrando un [&hellip;]<\/p>\n","protected":false},"author":1,"featured_media":0,"comment_status":"open","ping_status":"open","sticky":false,"template":"","format":"standard","meta":{"footnotes":""},"categories":[79],"tags":[23],"_links":{"self":[{"href":"https:\/\/pueblaexpres.com\/portal\/index.php?rest_route=\/wp\/v2\/posts\/748"}],"collection":[{"href":"https:\/\/pueblaexpres.com\/portal\/index.php?rest_route=\/wp\/v2\/posts"}],"about":[{"href":"https:\/\/pueblaexpres.com\/portal\/index.php?rest_route=\/wp\/v2\/types\/post"}],"author":[{"embeddable":true,"href":"https:\/\/pueblaexpres.com\/portal\/index.php?rest_route=\/wp\/v2\/users\/1"}],"replies":[{"embeddable":true,"href":"https:\/\/pueblaexpres.com\/portal\/index.php?rest_route=%2Fwp%2Fv2%2Fcomments&post=748"}],"version-history":[{"count":1,"href":"https:\/\/pueblaexpres.com\/portal\/index.php?rest_route=\/wp\/v2\/posts\/748\/revisions"}],"predecessor-version":[{"id":749,"href":"https:\/\/pueblaexpres.com\/portal\/index.php?rest_route=\/wp\/v2\/posts\/748\/revisions\/749"}],"wp:attachment":[{"href":"https:\/\/pueblaexpres.com\/portal\/index.php?rest_route=%2Fwp%2Fv2%2Fmedia&parent=748"}],"wp:term":[{"taxonomy":"category","embeddable":true,"href":"https:\/\/pueblaexpres.com\/portal\/index.php?rest_route=%2Fwp%2Fv2%2Fcategories&post=748"},{"taxonomy":"post_tag","embeddable":true,"href":"https:\/\/pueblaexpres.com\/portal\/index.php?rest_route=%2Fwp%2Fv2%2Ftags&post=748"}],"curies":[{"name":"wp","href":"https:\/\/api.w.org\/{rel}","templated":true}]}}