{"id":5262,"date":"2015-10-28T20:01:53","date_gmt":"2015-10-29T02:01:53","guid":{"rendered":"https:\/\/pueblaexpres.com\/portal\/?p=5262"},"modified":"2015-10-28T20:01:53","modified_gmt":"2015-10-29T02:01:53","slug":"fotografia-oficial-de-chivas-los-angeles-soccer-tercera-division-profesional-puebla","status":"publish","type":"post","link":"https:\/\/pueblaexpres.com\/portal\/?p=5262","title":{"rendered":"Fotograf\u00eda Oficial de Chivas Los \u00c1ngeles Soccer | Tercera Divisi\u00f3n Profesional | Puebla"},"content":{"rendered":"<div name=\"googleone_share_1\" style=\"position:relative;z-index:5;float: right; margin-left: 10px;\"><g:plusone size=\"tall\" count=\"1\" href=\"https:\/\/pueblaexpres.com\/portal\/?p=5262\"><\/g:plusone><\/div><p><a href=\"https:\/\/pueblaexpres.com\/portal\/wp-content\/uploads\/2015\/10\/CHIVAS-LOS-\u00c1NGELES-SOCCER-01.jpg\"><img loading=\"lazy\" decoding=\"async\" class=\"  wp-image-5263 aligncenter\" src=\"https:\/\/pueblaexpres.com\/portal\/wp-content\/uploads\/2015\/10\/CHIVAS-LOS-\u00c1NGELES-SOCCER-01.jpg\" alt=\"CHIVAS LOS \u00c1NGELES SOCCER 01\" width=\"504\" height=\"341\" srcset=\"https:\/\/pueblaexpres.com\/portal\/wp-content\/uploads\/2015\/10\/CHIVAS-LOS-\u00c1NGELES-SOCCER-01.jpg 800w, https:\/\/pueblaexpres.com\/portal\/wp-content\/uploads\/2015\/10\/CHIVAS-LOS-\u00c1NGELES-SOCCER-01-300x203.jpg 300w\" sizes=\"(max-width: 504px) 100vw, 504px\" \/><\/a><\/p>\n<p><strong>Chivas Los \u00c1ngeles Soccer luce su estampa oficial<\/strong><\/p>\n<p><em>&#8211; El Reba\u00f1o poblano se tom\u00f3 la fotograf\u00eda que engalana la temporada 2015-2016 de la Tercera Divisi\u00f3n Profesional, en espera de seguir en ascenso dentro del Grupo III<\/em><\/p>\n<p>Como ya es tradici\u00f3n desde su primera participaci\u00f3n profesional en 2011, la escuadra de Chivas Los \u00c1ngeles Soccer se tom\u00f3 la estampa oficial de la temporada 2015-2016 en la Tercera Divisi\u00f3n Profesional, en sencillo evento que tuvo lugar en la cancha uno de las instalaciones de la Ex Hacienda San Jos\u00e9 Maravillas, sede de la filial rojiblanca en la Angel\u00f3polis.<\/p>\n<p><a title=\"IMG_0021 Fotograf\u00eda Oficial de Chivas Los \u00c1ngeles Soccer Tercera Divisi\u00f3n Profesional Puebla Fotograf\u00eda Lyz Vega \/ Mara Gonz\u00e1lez \/ Manuel Vela para Mv Fotograf\u00eda Profesional \/ Edici\u00f3n y retoque www.pueblaexpres.com\" href=\"https:\/\/www.flickr.com\/photos\/manitas\/21938350053\/in\/album-72157660441895902\/\" data-flickr-embed=\"true\"><img loading=\"lazy\" decoding=\"async\" class=\" aligncenter\" src=\"https:\/\/farm1.staticflickr.com\/627\/21938350053_310209a992.jpg\" alt=\"IMG_0021 Fotograf\u00eda Oficial de Chivas Los \u00c1ngeles Soccer Tercera Divisi\u00f3n Profesional Puebla Fotograf\u00eda Lyz Vega \/ Mara Gonz\u00e1lez \/ Manuel Vela para Mv Fotograf\u00eda Profesional \/ Edici\u00f3n y retoque www.pueblaexpres.com\" width=\"500\" height=\"333\" \/><\/a><script src=\"\/\/embedr.flickr.com\/assets\/client-code.js\" async=\"\" charset=\"utf-8\"><\/script><\/p>\n<p>Despu\u00e9s del entrenamiento matutino, el grueso del plantel que comanda el t\u00e9cnico Jaime Guevara luci\u00f3 sus mejores galas para posar frente a la lente, en espera de que sea un motivo m\u00e1s para seguir en ascenso despu\u00e9s de sumar su segundo \u00e9xito al hilo en su pasada visita al Puebla SAI de Santa Isabel Cholula, de donde salieron con un 2-0 favorable.<\/p>\n<p>\u201cYa vamos en la jornada n\u00famero diez, actualmente nos colocamos en el lugar n\u00famero siete, el equipo viene de menos a m\u00e1s, estamos trabajando de mejor manera y estamos buscando ir alcanzando los lugares que dan el pase a liguilla\u201d, destac\u00f3 el entrenador rojiblanco.<!--more--><\/p>\n<p><a title=\"IMG_0031 Fotograf\u00eda Oficial de Chivas Los \u00c1ngeles Soccer Tercera Divisi\u00f3n Profesional Puebla Fotograf\u00eda Lyz Vega \/ Mara Gonz\u00e1lez \/ Manuel Vela para Mv Fotograf\u00eda Profesional \/ Edici\u00f3n y retoque www.pueblaexpres.com\" href=\"https:\/\/www.flickr.com\/photos\/manitas\/22545964242\/in\/album-72157660441895902\/\" data-flickr-embed=\"true\"><img loading=\"lazy\" decoding=\"async\" class=\" aligncenter\" src=\"https:\/\/farm1.staticflickr.com\/603\/22545964242_6ef183e509.jpg\" alt=\"IMG_0031 Fotograf\u00eda Oficial de Chivas Los \u00c1ngeles Soccer Tercera Divisi\u00f3n Profesional Puebla Fotograf\u00eda Lyz Vega \/ Mara Gonz\u00e1lez \/ Manuel Vela para Mv Fotograf\u00eda Profesional \/ Edici\u00f3n y retoque www.pueblaexpres.com\" width=\"500\" height=\"333\" \/><\/a><script src=\"\/\/embedr.flickr.com\/assets\/client-code.js\" async=\"\" charset=\"utf-8\"><\/script><\/p>\n<p>En ese tenor, Guevara S\u00e1nchez resalt\u00f3 el serio trabajo que el conjunto est\u00e1 realizando desde la parte directiva hasta el aspecto deportivo, donde un gran n\u00famero de elementos extra\u00eddos de la cantera de la Escuela de Futbol conforman la escuadra a su cargo, con lo que se est\u00e1 cumpliendo el objetivo de dar proyecci\u00f3n a los j\u00f3venes poblanos al profesionalismo.<\/p>\n<p>\u201cEs un proyecto que se prepar\u00f3 con tiempo, tiene muchos jugadores que han sido formados aqu\u00ed en la instituci\u00f3n, entonces es un plus que se les est\u00e1 dando a todos los ni\u00f1os que se vienen a formar con nosotros, en la plantilla actual tenemos casi el sesenta por ciento de jugadores que han participado en nuestras inferiores y eso es importante porque le estamos dando salida a los muchachos que est\u00e1n con nosotros\u201d.<\/p>\n<p><a title=\"IMG_0001 Fotograf\u00eda Oficial de Chivas Los \u00c1ngeles Soccer Tercera Divisi\u00f3n Profesional Puebla Fotograf\u00eda Lyz Vega \/ Mara Gonz\u00e1lez \/ Manuel Vela para Mv Fotograf\u00eda Profesional \/ Edici\u00f3n y retoque www.pueblaexpres.com\" href=\"https:\/\/www.flickr.com\/photos\/manitas\/22570752401\/in\/album-72157660441895902\/\" data-flickr-embed=\"true\"><img loading=\"lazy\" decoding=\"async\" class=\" aligncenter\" src=\"https:\/\/farm6.staticflickr.com\/5778\/22570752401_b08b9c0d5b.jpg\" alt=\"IMG_0001 Fotograf\u00eda Oficial de Chivas Los \u00c1ngeles Soccer Tercera Divisi\u00f3n Profesional Puebla Fotograf\u00eda Lyz Vega \/ Mara Gonz\u00e1lez \/ Manuel Vela para Mv Fotograf\u00eda Profesional \/ Edici\u00f3n y retoque www.pueblaexpres.com\" width=\"500\" height=\"321\" \/><\/a><script src=\"\/\/embedr.flickr.com\/assets\/client-code.js\" async=\"\" charset=\"utf-8\"><\/script><\/p>\n<p>Para concluir, confi\u00f3 en que la escuadra siga con la racha positiva en el duelo de este s\u00e1bado en casa frente a los Reales de Puebla, donde tratar\u00e1n de ligar su tercer \u00e9xito que les permita seguir escalando posiciones dentro del Grupo III, que est\u00e1 a poco m\u00e1s de la mitad del calendario en su primera vuelta.<\/p>\n<p>\u201cEs una divisi\u00f3n profesional, hay equipos muy importantes, todos los partidos son complicados, nosotros cada partido lo vivimos al m\u00e1ximo, lo disfrutamos y tratamos de hacerlo lo mejor posible\u201d, remat\u00f3 el entrenador.<\/p>\n<p><a title=\"IMG_0011 Fotograf\u00eda Oficial de Chivas Los \u00c1ngeles Soccer Tercera Divisi\u00f3n Profesional Puebla Fotograf\u00eda Lyz Vega \/ Mara Gonz\u00e1lez \/ Manuel Vela para Mv Fotograf\u00eda Profesional \/ Edici\u00f3n y retoque www.pueblaexpres.com\" href=\"https:\/\/www.flickr.com\/photos\/manitas\/22570752751\/in\/album-72157660441895902\/\" data-flickr-embed=\"true\"><img loading=\"lazy\" decoding=\"async\" class=\" aligncenter\" src=\"https:\/\/farm1.staticflickr.com\/583\/22570752751_af693f4975.jpg\" alt=\"IMG_0011 Fotograf\u00eda Oficial de Chivas Los \u00c1ngeles Soccer Tercera Divisi\u00f3n Profesional Puebla Fotograf\u00eda Lyz Vega \/ Mara Gonz\u00e1lez \/ Manuel Vela para Mv Fotograf\u00eda Profesional \/ Edici\u00f3n y retoque www.pueblaexpres.com\" width=\"500\" height=\"333\" \/><\/a><script src=\"\/\/embedr.flickr.com\/assets\/client-code.js\" async=\"\" charset=\"utf-8\"><\/script><\/p>\n<p><strong>La opini\u00f3n expresada en esta columna es responsabilidad de quien la escribe y no busca generar conflictos entre los involucrados, si no generar conciencia en cada lector.<\/strong><\/p>\n<p>[miniflickr photoset_id=72157660441895902&amp;sortby=date-posted-asc&amp;per_page=5]<\/p>\n","protected":false},"excerpt":{"rendered":"<p>Chivas Los \u00c1ngeles Soccer luce su estampa oficial &#8211; El Reba\u00f1o poblano se tom\u00f3 la fotograf\u00eda que engalana la temporada 2015-2016 de la Tercera Divisi\u00f3n Profesional, en espera de seguir en ascenso dentro del Grupo III Como ya es tradici\u00f3n desde su primera participaci\u00f3n profesional en 2011, la escuadra de Chivas Los \u00c1ngeles Soccer se [&hellip;]<\/p>\n","protected":false},"author":2,"featured_media":0,"comment_status":"open","ping_status":"open","sticky":false,"template":"","format":"standard","meta":{"footnotes":""},"categories":[8,42,79,36,13,3,1,7],"tags":[],"_links":{"self":[{"href":"https:\/\/pueblaexpres.com\/portal\/index.php?rest_route=\/wp\/v2\/posts\/5262"}],"collection":[{"href":"https:\/\/pueblaexpres.com\/portal\/index.php?rest_route=\/wp\/v2\/posts"}],"about":[{"href":"https:\/\/pueblaexpres.com\/portal\/index.php?rest_route=\/wp\/v2\/types\/post"}],"author":[{"embeddable":true,"href":"https:\/\/pueblaexpres.com\/portal\/index.php?rest_route=\/wp\/v2\/users\/2"}],"replies":[{"embeddable":true,"href":"https:\/\/pueblaexpres.com\/portal\/index.php?rest_route=%2Fwp%2Fv2%2Fcomments&post=5262"}],"version-history":[{"count":1,"href":"https:\/\/pueblaexpres.com\/portal\/index.php?rest_route=\/wp\/v2\/posts\/5262\/revisions"}],"predecessor-version":[{"id":5264,"href":"https:\/\/pueblaexpres.com\/portal\/index.php?rest_route=\/wp\/v2\/posts\/5262\/revisions\/5264"}],"wp:attachment":[{"href":"https:\/\/pueblaexpres.com\/portal\/index.php?rest_route=%2Fwp%2Fv2%2Fmedia&parent=5262"}],"wp:term":[{"taxonomy":"category","embeddable":true,"href":"https:\/\/pueblaexpres.com\/portal\/index.php?rest_route=%2Fwp%2Fv2%2Fcategories&post=5262"},{"taxonomy":"post_tag","embeddable":true,"href":"https:\/\/pueblaexpres.com\/portal\/index.php?rest_route=%2Fwp%2Fv2%2Ftags&post=5262"}],"curies":[{"name":"wp","href":"https:\/\/api.w.org\/{rel}","templated":true}]}}