{"id":5259,"date":"2015-10-28T19:15:08","date_gmt":"2015-10-29T01:15:08","guid":{"rendered":"https:\/\/pueblaexpres.com\/portal\/?p=5259"},"modified":"2015-10-28T19:15:08","modified_gmt":"2015-10-29T01:15:08","slug":"entrenamiento-oscar-rojas-ilusionados-con-las-aspiraciones-que-tenemos-para-poder-calificar-puebla-fc-liga-bancomer-mx","status":"publish","type":"post","link":"https:\/\/pueblaexpres.com\/portal\/?p=5259","title":{"rendered":"(Entrenamiento) \u00d3scar Rojas: \u201c\u2026ilusionados con las aspiraciones que tenemos para poder calificar\u2026\u201d | Puebla FC Liga Bancomer MX"},"content":{"rendered":"<div name=\"googleone_share_1\" style=\"position:relative;z-index:5;float: right; margin-left: 10px;\"><g:plusone size=\"tall\" count=\"1\" href=\"https:\/\/pueblaexpres.com\/portal\/?p=5259\"><\/g:plusone><\/div><p><a href=\"https:\/\/pueblaexpres.com\/portal\/wp-content\/uploads\/2015\/10\/MVF_1476.jpg\"><img loading=\"lazy\" decoding=\"async\" class=\"  wp-image-5260 aligncenter\" src=\"https:\/\/pueblaexpres.com\/portal\/wp-content\/uploads\/2015\/10\/MVF_1476.jpg\" alt=\"MVF_1476\" width=\"502\" height=\"336\" srcset=\"https:\/\/pueblaexpres.com\/portal\/wp-content\/uploads\/2015\/10\/MVF_1476.jpg 800w, https:\/\/pueblaexpres.com\/portal\/wp-content\/uploads\/2015\/10\/MVF_1476-300x201.jpg 300w\" sizes=\"(max-width: 502px) 100vw, 502px\" \/><\/a><\/p>\n<p>De acuerdo con el defensor \u00d3scar Rojas, un Puebla de la Franja con los pies en la tierra y sabiendo que a\u00fan debe trabajar para alcanzar las metas se est\u00e1 preparando para enfrentar a Jaguares de Chiapas este s\u00e1bado en el Estadio \u2018Zoque\u2019 V\u00edctor Manuel Reyna:<\/p>\n<p>\u201cAhorita pensamos en alejarnos del descenso, conscientes de que tenemos la gran posibilidad de poder calificar, tenemos las puertas abiertas ah\u00ed y no hay que desaprovecharla porque los equipos est\u00e1n muy parejos\u201d.<\/p>\n<p><a title=\"MVF_1381 (Entrenamiento) Rojas: \u201c\u2026ilusionados con las aspiraciones que tenemos para poder calificar\u2026\u201d | Puebla FC Liga Bancomer MX Fotograf\u00eda Lyz Vega \/ Mara Gonz\u00e1lez \/ Manuel Vela para Mv Fotograf\u00eda Profesional \/ Edici\u00f3n y retoque www.pueblaexpres.com\" href=\"https:\/\/www.flickr.com\/photos\/manitas\/21937464733\/in\/album-72157658132417154\/\" data-flickr-embed=\"true\"><img loading=\"lazy\" decoding=\"async\" class=\" aligncenter\" src=\"https:\/\/farm6.staticflickr.com\/5798\/21937464733_6b40287963.jpg\" alt=\"MVF_1381 (Entrenamiento) Rojas: \u201c\u2026ilusionados con las aspiraciones que tenemos para poder calificar\u2026\u201d | Puebla FC Liga Bancomer MX Fotograf\u00eda Lyz Vega \/ Mara Gonz\u00e1lez \/ Manuel Vela para Mv Fotograf\u00eda Profesional \/ Edici\u00f3n y retoque www.pueblaexpres.com\" width=\"500\" height=\"334\" \/><\/a><script src=\"\/\/embedr.flickr.com\/assets\/client-code.js\" async=\"\" charset=\"utf-8\"><\/script><\/p>\n<p>Respecto al planteamiento del cotejo con los felinos, el carrilero por derecha de La Franja coment\u00f3 que se debe encarar como se ha hecho en los \u00faltimos cotejos de visita, privilegiando el orden, el control del bal\u00f3n: \u201cTenemos que jugar como lo hemos hecho de visita, teniendo mucha posesi\u00f3n de pelota.<\/p>\n<p>Las muchas o pocas ocasiones de gol que hemos generado se han podido concretar, entonces creo que tenemos que ir a jugar as\u00ed. En la parte defensiva estar bien atentos y habl\u00e1ndonos para no tener ning\u00fan error\u201d.<!--more--> <a title=\"MVF_2187 (Entrenamiento) Rojas: \u201c\u2026ilusionados con las aspiraciones que tenemos para poder calificar\u2026\u201d | Puebla FC Liga Bancomer MX Fotograf\u00eda Lyz Vega \/ Mara Gonz\u00e1lez \/ Manuel Vela para Mv Fotograf\u00eda Profesional \/ Edici\u00f3n y retoque www.pueblaexpres.com\" href=\"https:\/\/www.flickr.com\/photos\/manitas\/21935902634\/in\/album-72157658132417154\/\" data-flickr-embed=\"true\"><img loading=\"lazy\" decoding=\"async\" class=\" aligncenter\" src=\"https:\/\/farm1.staticflickr.com\/655\/21935902634_6a54b6731a.jpg\" alt=\"MVF_2187 (Entrenamiento) Rojas: \u201c\u2026ilusionados con las aspiraciones que tenemos para poder calificar\u2026\u201d | Puebla FC Liga Bancomer MX Fotograf\u00eda Lyz Vega \/ Mara Gonz\u00e1lez \/ Manuel Vela para Mv Fotograf\u00eda Profesional \/ Edici\u00f3n y retoque www.pueblaexpres.com\" width=\"500\" height=\"333\" \/><\/a><script src=\"\/\/embedr.flickr.com\/assets\/client-code.js\" async=\"\" charset=\"utf-8\"><\/script><\/p>\n<p>Finalmente, el carrilero por derecha de La Franja explic\u00f3 que los dirigidos por Pablo Marini est\u00e1n motivados para jugar un duelo contra Jaguares en el que ambos pelean por estar entre los primeros ocho del Apertura 2015:<\/p>\n<p>\u201cEstamos contentos por haber ganado el domingo e ilusionados con las aspiraciones que tenemos para poder calificar sabiendo que el s\u00e1bado tenemos un duro encuentro en el que Jaguares cuenta con las mismas posibilidades que nosotros, eso lo har\u00e1 m\u00e1s peligroso, pero estamos conscientes de lo que nos vamos a jugar y con las ganas de sacar un buen resultado all\u00e1\u201d.<\/p>\n<p><a title=\"MVF_1399 (Entrenamiento) Rojas: \u201c\u2026ilusionados con las aspiraciones que tenemos para poder calificar\u2026\u201d | Puebla FC Liga Bancomer MX Fotograf\u00eda Lyz Vega \/ Mara Gonz\u00e1lez \/ Manuel Vela para Mv Fotograf\u00eda Profesional \/ Edici\u00f3n y retoque www.pueblaexpres.com\" href=\"https:\/\/www.flickr.com\/photos\/manitas\/22558652155\/in\/album-72157658132417154\/\" data-flickr-embed=\"true\"><img loading=\"lazy\" decoding=\"async\" class=\" aligncenter\" src=\"https:\/\/farm1.staticflickr.com\/709\/22558652155_fde131d32b.jpg\" alt=\"MVF_1399 (Entrenamiento) Rojas: \u201c\u2026ilusionados con las aspiraciones que tenemos para poder calificar\u2026\u201d | Puebla FC Liga Bancomer MX Fotograf\u00eda Lyz Vega \/ Mara Gonz\u00e1lez \/ Manuel Vela para Mv Fotograf\u00eda Profesional \/ Edici\u00f3n y retoque www.pueblaexpres.com\" width=\"333\" height=\"500\" \/><\/a><script src=\"\/\/embedr.flickr.com\/assets\/client-code.js\" async=\"\" charset=\"utf-8\"><\/script><\/p>\n<p><strong>La opini\u00f3n expresada en esta columna es responsabilidad de quien la escribe y no busca generar conflictos entre los involucrados, si no generar conciencia en cada lector.<\/strong><\/p>\n<p>[miniflickr photoset_id=72157658132417154&amp;sortby=date-posted-asc&amp;per_page=7]<\/p>\n","protected":false},"excerpt":{"rendered":"<p>De acuerdo con el defensor \u00d3scar Rojas, un Puebla de la Franja con los pies en la tierra y sabiendo que a\u00fan debe trabajar para alcanzar las metas se est\u00e1 preparando para enfrentar a Jaguares de Chiapas este s\u00e1bado en el Estadio \u2018Zoque\u2019 V\u00edctor Manuel Reyna: \u201cAhorita pensamos en alejarnos del descenso, conscientes de que [&hellip;]<\/p>\n","protected":false},"author":2,"featured_media":0,"comment_status":"open","ping_status":"open","sticky":false,"template":"","format":"standard","meta":{"footnotes":""},"categories":[8,166,79,13,3,1,7],"tags":[],"_links":{"self":[{"href":"https:\/\/pueblaexpres.com\/portal\/index.php?rest_route=\/wp\/v2\/posts\/5259"}],"collection":[{"href":"https:\/\/pueblaexpres.com\/portal\/index.php?rest_route=\/wp\/v2\/posts"}],"about":[{"href":"https:\/\/pueblaexpres.com\/portal\/index.php?rest_route=\/wp\/v2\/types\/post"}],"author":[{"embeddable":true,"href":"https:\/\/pueblaexpres.com\/portal\/index.php?rest_route=\/wp\/v2\/users\/2"}],"replies":[{"embeddable":true,"href":"https:\/\/pueblaexpres.com\/portal\/index.php?rest_route=%2Fwp%2Fv2%2Fcomments&post=5259"}],"version-history":[{"count":1,"href":"https:\/\/pueblaexpres.com\/portal\/index.php?rest_route=\/wp\/v2\/posts\/5259\/revisions"}],"predecessor-version":[{"id":5261,"href":"https:\/\/pueblaexpres.com\/portal\/index.php?rest_route=\/wp\/v2\/posts\/5259\/revisions\/5261"}],"wp:attachment":[{"href":"https:\/\/pueblaexpres.com\/portal\/index.php?rest_route=%2Fwp%2Fv2%2Fmedia&parent=5259"}],"wp:term":[{"taxonomy":"category","embeddable":true,"href":"https:\/\/pueblaexpres.com\/portal\/index.php?rest_route=%2Fwp%2Fv2%2Fcategories&post=5259"},{"taxonomy":"post_tag","embeddable":true,"href":"https:\/\/pueblaexpres.com\/portal\/index.php?rest_route=%2Fwp%2Fv2%2Ftags&post=5259"}],"curies":[{"name":"wp","href":"https:\/\/api.w.org\/{rel}","templated":true}]}}