{"id":5256,"date":"2015-10-27T22:24:53","date_gmt":"2015-10-28T04:24:53","guid":{"rendered":"https:\/\/pueblaexpres.com\/portal\/?p=5256"},"modified":"2015-10-27T22:24:53","modified_gmt":"2015-10-28T04:24:53","slug":"presidente-puebla-fc-carlos-lopez-dominguez-vamos-a-pelear-con-todo-liga-bancomer-mx","status":"publish","type":"post","link":"https:\/\/pueblaexpres.com\/portal\/?p=5256","title":{"rendered":"(Presidente Puebla FC) Carlos L\u00f3pez Dom\u00ednguez: \u201c\u2026vamos a pelear con todo\u2026\u201d | Liga Bancomer MX"},"content":{"rendered":"<div name=\"googleone_share_1\" style=\"position:relative;z-index:5;float: right; margin-left: 10px;\"><g:plusone size=\"tall\" count=\"1\" href=\"https:\/\/pueblaexpres.com\/portal\/?p=5256\"><\/g:plusone><\/div><p><a href=\"https:\/\/pueblaexpres.com\/portal\/wp-content\/uploads\/2015\/10\/MVF_2525.jpg\"><img loading=\"lazy\" decoding=\"async\" class=\"  wp-image-5257 aligncenter\" src=\"https:\/\/pueblaexpres.com\/portal\/wp-content\/uploads\/2015\/10\/MVF_2525.jpg\" alt=\"MVF_2525\" width=\"503\" height=\"336\" srcset=\"https:\/\/pueblaexpres.com\/portal\/wp-content\/uploads\/2015\/10\/MVF_2525.jpg 800w, https:\/\/pueblaexpres.com\/portal\/wp-content\/uploads\/2015\/10\/MVF_2525-300x200.jpg 300w\" sizes=\"(max-width: 503px) 100vw, 503px\" \/><\/a><\/p>\n<p>El Puebla de la Franja contin\u00faa trabajando para alcanzar las metas establecidas desde el inicio del torneo, eso fue lo que coment\u00f3 el Presidente de la instituci\u00f3n, Carlos L\u00f3pez Dom\u00ednguez, quien adem\u00e1s se mostr\u00f3 alegre por el buen momento que atraviesa el equipo en el Apertura 2015.<\/p>\n<p>\u201cEstamos muy contentos, se est\u00e1 reflejando el esfuerzo de los muchachos desde el primer d\u00eda que llegaron a trabajar al Puebla. Tenemos 23 puntos pero no nos podemos confiar, hay que seguir trabajando tenemos tres finales m\u00e1s y las vamos a pelear con todo para tratar de sumar la mayor cantidad de puntos\u201d.<\/p>\n<p><a title=\"MVF_2348 (Presidente Puebla FC) Carlos L\u00f3pez Dom\u00ednguez: \u201c\u2026vamos a pelear con todo\u2026\u201d | Liga Bancomer MX Fotograf\u00eda Lyz Vega \/ Mara Gonz\u00e1lez \/ Sa\u00fal S\u00e1nchez \/ Manuel Vela para Mv Fotograf\u00eda Profesional \/ Edici\u00f3n y retoque www.pueblaexpres.com\" href=\"https:\/\/www.flickr.com\/photos\/manitas\/22535099595\/in\/album-72157660020900368\/\" data-flickr-embed=\"true\"><img loading=\"lazy\" decoding=\"async\" class=\" aligncenter\" src=\"https:\/\/farm6.staticflickr.com\/5807\/22535099595_33bda86bd7.jpg\" alt=\"MVF_2348 (Presidente Puebla FC) Carlos L\u00f3pez Dom\u00ednguez: \u201c\u2026vamos a pelear con todo\u2026\u201d | Liga Bancomer MX Fotograf\u00eda Lyz Vega \/ Mara Gonz\u00e1lez \/ Sa\u00fal S\u00e1nchez \/ Manuel Vela para Mv Fotograf\u00eda Profesional \/ Edici\u00f3n y retoque www.pueblaexpres.com\" width=\"500\" height=\"334\" \/><\/a><script src=\"\/\/embedr.flickr.com\/assets\/client-code.js\" async=\"\" charset=\"utf-8\"><\/script><\/p>\n<p>Asimismo, respecto al pr\u00f3ximo rival a vencer, Jaguares de Chiapas, el dirigente declar\u00f3 que los franjiazules deben mantener esa garra y hambre para salir con el triunfo: \u201cTenemos que salir a buscar los tres puntos, seguir con la misma m\u00edstica que traemos, que el Puebla salga a luchar los noventa minutos y a buscar el resultado, ojal\u00e1 que se nos sigan dando resultados favorables para alejarnos m\u00e1s del descenso y pensar en una posible liguilla\u201d.<\/p>\n<p>Por otro lado, Carlos L\u00f3pez mostr\u00f3 su postura respecto a los rumores de la semana pasada y asegur\u00f3: \u201cestamos muy tranquilos, me gust\u00f3 mucho la reacci\u00f3n que tuvo el grupo y la gente que trabaja en el Puebla. Desde el principio salieron a desmentir esas noticias de que quisieran hacer un paro o que tuvi\u00e9ramos atrasos. Afortunadamente eso no nos distrajo de nuestro objetivo que era en ese momento Le\u00f3n y ah\u00ed est\u00e1n tres puntos m\u00e1s en la bolsa, el siguiente partido hay que salir con la misma actitud para volver a sumar de a tres\u201d.<!--more--><\/p>\n<p><a title=\"MVF_2310 (Presidente Puebla FC) Carlos L\u00f3pez Dom\u00ednguez: \u201c\u2026vamos a pelear con todo\u2026\u201d | Liga Bancomer MX Fotograf\u00eda Lyz Vega \/ Mara Gonz\u00e1lez \/ Sa\u00fal S\u00e1nchez \/ Manuel Vela para Mv Fotograf\u00eda Profesional \/ Edici\u00f3n y retoque www.pueblaexpres.com\" href=\"https:\/\/www.flickr.com\/photos\/manitas\/22521593992\/in\/album-72157660020900368\/\" data-flickr-embed=\"true\"><img loading=\"lazy\" decoding=\"async\" class=\" aligncenter\" src=\"https:\/\/farm1.staticflickr.com\/725\/22521593992_ebe1cba570.jpg\" alt=\"MVF_2310 (Presidente Puebla FC) Carlos L\u00f3pez Dom\u00ednguez: \u201c\u2026vamos a pelear con todo\u2026\u201d | Liga Bancomer MX Fotograf\u00eda Lyz Vega \/ Mara Gonz\u00e1lez \/ Sa\u00fal S\u00e1nchez \/ Manuel Vela para Mv Fotograf\u00eda Profesional \/ Edici\u00f3n y retoque www.pueblaexpres.com\" width=\"500\" height=\"399\" \/><\/a><script src=\"\/\/embedr.flickr.com\/assets\/client-code.js\" async=\"\" charset=\"utf-8\"><\/script><\/p>\n<p><strong>REINAUGURACI\u00d3N DEL ESTADIO<\/strong><\/p>\n<p>Finalmente, L\u00f3pez Dom\u00ednguez coment\u00f3 que ya est\u00e1 definido el rival y d\u00eda en el que se reinaugurar\u00e1 el Estadio, sin embargo, esos datos se dar\u00e1n a conocer m\u00e1s adelante: \u201cya hay rival y fecha, haremos a la brevedad una conferencia de prensa en la que les daremos a conocer todos los detalles del partido inaugural y el regreso a casa del Puebla. Estamos muy agradecidos con el Gobierno del Estado por todo lo que hizo por el Estadio. Estamos muy ansiosos de regresar a casa y felices por tener estas instalaciones de primer nivel<\/p>\n<p><strong>La opini\u00f3n expresada en esta columna es responsabilidad de quien la escribe y no busca generar conflictos entre los involucrados, si no generar conciencia en cada lector.<\/strong><\/p>\n<p>[miniflickr photoset_id=72157660020900368&amp;sortby=date-posted-asc&amp;per_page=6]<\/p>\n","protected":false},"excerpt":{"rendered":"<p>El Puebla de la Franja contin\u00faa trabajando para alcanzar las metas establecidas desde el inicio del torneo, eso fue lo que coment\u00f3 el Presidente de la instituci\u00f3n, Carlos L\u00f3pez Dom\u00ednguez, quien adem\u00e1s se mostr\u00f3 alegre por el buen momento que atraviesa el equipo en el Apertura 2015. \u201cEstamos muy contentos, se est\u00e1 reflejando el esfuerzo [&hellip;]<\/p>\n","protected":false},"author":2,"featured_media":0,"comment_status":"open","ping_status":"open","sticky":false,"template":"","format":"standard","meta":{"footnotes":""},"categories":[8,166,79,13,3,1,7],"tags":[],"_links":{"self":[{"href":"https:\/\/pueblaexpres.com\/portal\/index.php?rest_route=\/wp\/v2\/posts\/5256"}],"collection":[{"href":"https:\/\/pueblaexpres.com\/portal\/index.php?rest_route=\/wp\/v2\/posts"}],"about":[{"href":"https:\/\/pueblaexpres.com\/portal\/index.php?rest_route=\/wp\/v2\/types\/post"}],"author":[{"embeddable":true,"href":"https:\/\/pueblaexpres.com\/portal\/index.php?rest_route=\/wp\/v2\/users\/2"}],"replies":[{"embeddable":true,"href":"https:\/\/pueblaexpres.com\/portal\/index.php?rest_route=%2Fwp%2Fv2%2Fcomments&post=5256"}],"version-history":[{"count":1,"href":"https:\/\/pueblaexpres.com\/portal\/index.php?rest_route=\/wp\/v2\/posts\/5256\/revisions"}],"predecessor-version":[{"id":5258,"href":"https:\/\/pueblaexpres.com\/portal\/index.php?rest_route=\/wp\/v2\/posts\/5256\/revisions\/5258"}],"wp:attachment":[{"href":"https:\/\/pueblaexpres.com\/portal\/index.php?rest_route=%2Fwp%2Fv2%2Fmedia&parent=5256"}],"wp:term":[{"taxonomy":"category","embeddable":true,"href":"https:\/\/pueblaexpres.com\/portal\/index.php?rest_route=%2Fwp%2Fv2%2Fcategories&post=5256"},{"taxonomy":"post_tag","embeddable":true,"href":"https:\/\/pueblaexpres.com\/portal\/index.php?rest_route=%2Fwp%2Fv2%2Ftags&post=5256"}],"curies":[{"name":"wp","href":"https:\/\/api.w.org\/{rel}","templated":true}]}}