{"id":5244,"date":"2015-10-24T15:08:18","date_gmt":"2015-10-24T21:08:18","guid":{"rendered":"https:\/\/pueblaexpres.com\/portal\/?p=5244"},"modified":"2015-10-24T15:08:18","modified_gmt":"2015-10-24T21:08:18","slug":"la-cronica-j11-grupo-3-puebla-fc-vs-inter-playa-del-carmen-liga-premier-de-la-segunda-division-profesional","status":"publish","type":"post","link":"https:\/\/pueblaexpres.com\/portal\/?p=5244","title":{"rendered":"[La Cr\u00f3nica] J11 Grupo 3 Puebla FC vs Inter Playa del Carmen Liga Premier de la Segunda Divisi\u00f3n Profesional"},"content":{"rendered":"<div name=\"googleone_share_1\" style=\"position:relative;z-index:5;float: right; margin-left: 10px;\"><g:plusone size=\"tall\" count=\"1\" href=\"https:\/\/pueblaexpres.com\/portal\/?p=5244\"><\/g:plusone><\/div><p><a href=\"https:\/\/pueblaexpres.com\/portal\/wp-content\/uploads\/2015\/10\/MVF_0064.jpg\"><img loading=\"lazy\" decoding=\"async\" class=\"  wp-image-5245 aligncenter\" src=\"https:\/\/pueblaexpres.com\/portal\/wp-content\/uploads\/2015\/10\/MVF_0064.jpg\" alt=\"MVF_0064\" width=\"503\" height=\"336\" srcset=\"https:\/\/pueblaexpres.com\/portal\/wp-content\/uploads\/2015\/10\/MVF_0064.jpg 800w, https:\/\/pueblaexpres.com\/portal\/wp-content\/uploads\/2015\/10\/MVF_0064-300x200.jpg 300w\" sizes=\"(max-width: 503px) 100vw, 503px\" \/><\/a><\/p>\n<p><strong>[La Cr\u00f3nica] Juan Carlos Hern\u00e1ndez @soyjuancah<\/strong><\/p>\n<p><em>J11 Grupo 3 Puebla FC vs Inter Playa del Carmen Liga Premier de la Segunda Divisi\u00f3n Profesional TA2015<\/em><\/p>\n<p>Con solitaria diana de Brandon \u00c1vila en los \u00faltimos minutos del partido, el Puebla FC Premier volvi\u00f3 a la senda del triunfo en la Segunda Divisi\u00f3n Premier, al dar cuenta del Inter Playa del Carmen por la m\u00ednima diferencia de 1-0, en duelo correspondiente a la fecha once del Apertura 2015 disputado en medio de las obras de remodelaci\u00f3n del estadio Cuauht\u00e9moc en la Angel\u00f3polis.<\/p>\n<p>Aduana en la que los poblanos, obligados a sumar de a tres despu\u00e9s de tercia de duelos de no hacerlo y tras la dolorosa derrota con la que cargaron la semana anterior en su visita a los Coyotes de Tlaxcala, se vieron obligados a ir con todo al ataque para hacer da\u00f1o lo antes posible a la defensiva quintanarroense.<\/p>\n<p><a title=\"MVF_0265 J11 Grupo 3 | Puebla FC vs Inter Playa del Carmen | Liga Premier de la Segunda Divisi\u00f3n Profesional TA2015 | Fotograf\u00eda Lyz Vega \/ Mara Gonz\u00e1lez \/ Sa\u00fal S\u00e1nchez \/ Manuel Vela para Mv Fotograf\u00eda Profesional \/ Edici\u00f3n y retoque www.pueblaexpres.com\" href=\"https:\/\/www.flickr.com\/photos\/manitas\/22256496438\/in\/album-72157659870092690\/\" data-flickr-embed=\"true\"><img loading=\"lazy\" decoding=\"async\" class=\" aligncenter\" src=\"https:\/\/farm1.staticflickr.com\/677\/22256496438_5054ce3966.jpg\" alt=\"MVF_0265 J11 Grupo 3 | Puebla FC vs Inter Playa del Carmen | Liga Premier de la Segunda Divisi\u00f3n Profesional TA2015 | Fotograf\u00eda Lyz Vega \/ Mara Gonz\u00e1lez \/ Sa\u00fal S\u00e1nchez \/ Manuel Vela para Mv Fotograf\u00eda Profesional \/ Edici\u00f3n y retoque www.pueblaexpres.com\" width=\"500\" height=\"334\" \/><\/a><script src=\"\/\/embedr.flickr.com\/assets\/client-code.js\" async=\"\" charset=\"utf-8\"><\/script><\/p>\n<p>Los visitantes, despu\u00e9s de un extenuante viaje desde la punta sureste del pa\u00eds, respondieron de buena manera a los mandatos del t\u00e9cnico H\u00e9ctor Real, al plantarse de buena forma sobre la grama del estadio mundialista, situaci\u00f3n que gener\u00f3, de alguna manera, desesperaci\u00f3n a los Camoteros al no ver la oportunidad de acercarse siquiera al marco con peligro.<!--more--><\/p>\n<p>Poco a poco los comandados por Fernando Palomeque se hicieron del esf\u00e9rico y basados en la pelota parada por poco consiguen su cometido. Y es que en par de ocasiones, David Vizcarra cobr\u00f3 sendos tiros libres y puso la pelota en los postes, los que le negaron la ventaja a los blanquiazules tras los primeros cuarenta y cinco minutos de juego.<\/p>\n<p>Tras el descanso, la afrenta se concentr\u00f3 en medio campo y poco se dej\u00f3 ver en las porter\u00edas. Inter Playa del Carmen reforz\u00f3 su zona media mientras que Puebla, debido a su urgencia por sumar, agreg\u00f3 a elementos de ataque que al pasar los minutos no pesaron en su accionar, situaci\u00f3n que hizo pensar en la repartici\u00f3n de unidades en el marcador.<\/p>\n<p><a title=\"MVF_0358 J11 Grupo 3 | Puebla FC vs Inter Playa del Carmen | Liga Premier de la Segunda Divisi\u00f3n Profesional TA2015 | Fotograf\u00eda Lyz Vega \/ Mara Gonz\u00e1lez \/ Sa\u00fal S\u00e1nchez \/ Manuel Vela para Mv Fotograf\u00eda Profesional \/ Edici\u00f3n y retoque www.pueblaexpres.com\" href=\"https:\/\/www.flickr.com\/photos\/manitas\/22430921302\/in\/album-72157659870092690\/\" data-flickr-embed=\"true\"><img loading=\"lazy\" decoding=\"async\" class=\" aligncenter\" src=\"https:\/\/farm6.staticflickr.com\/5695\/22430921302_0f39621615.jpg\" alt=\"MVF_0358 J11 Grupo 3 | Puebla FC vs Inter Playa del Carmen | Liga Premier de la Segunda Divisi\u00f3n Profesional TA2015 | Fotograf\u00eda Lyz Vega \/ Mara Gonz\u00e1lez \/ Sa\u00fal S\u00e1nchez \/ Manuel Vela para Mv Fotograf\u00eda Profesional \/ Edici\u00f3n y retoque www.pueblaexpres.com\" width=\"500\" height=\"333\" \/><\/a><script src=\"\/\/embedr.flickr.com\/assets\/client-code.js\" async=\"\" charset=\"utf-8\"><\/script><\/p>\n<p>No obstante, cuando corr\u00eda el minuto 86\u2019 La Franja Premier cambi\u00f3 la historia del partido y la inclin\u00f3 a su favor. Una falta a las afueras del \u00e1rea fue marcada por el silbante, Brandon \u00c1vila tom\u00f3 el esf\u00e9rico y con tiro raso, mand\u00f3 a guardar la bola en el fondo de las redes con el 1-0, suficiente para consumar la tan anhelada victoria poblana sobre los sure\u00f1os.<\/p>\n<p>Con este resultado, Puebla FC Premier dej\u00f3 atr\u00e1s tres partidos sin conocer el triunfo y lleg\u00f3 a 18 unidades, mismas que le colocan en la pelea por la liguilla. Por su parte, Inter Playa del Carmen se qued\u00f3 con nueve unidades y aunque matem\u00e1ticamente tiene posibilidades, se ve lejos el que alcancen el boleto a la fiesta grande.<\/p>\n<p>La pr\u00f3xima semana, La Franja visitar\u00e1 al sotanero Petroleros de Veracruz, mientras que los caribe\u00f1os volver\u00e1n a casa para hacer frente al Universidad Nacional Premier.<\/p>\n<p><a title=\"MVF_0387 J11 Grupo 3 | Puebla FC vs Inter Playa del Carmen | Liga Premier de la Segunda Divisi\u00f3n Profesional TA2015 | Fotograf\u00eda Lyz Vega \/ Mara Gonz\u00e1lez \/ Sa\u00fal S\u00e1nchez \/ Manuel Vela para Mv Fotograf\u00eda Profesional \/ Edici\u00f3n y retoque www.pueblaexpres.com\" href=\"https:\/\/www.flickr.com\/photos\/manitas\/22257386099\/in\/album-72157659870092690\/\" data-flickr-embed=\"true\"><img loading=\"lazy\" decoding=\"async\" class=\" aligncenter\" src=\"https:\/\/farm6.staticflickr.com\/5680\/22257386099_c145ac8b9f.jpg\" alt=\"MVF_0387 J11 Grupo 3 | Puebla FC vs Inter Playa del Carmen | Liga Premier de la Segunda Divisi\u00f3n Profesional TA2015 | Fotograf\u00eda Lyz Vega \/ Mara Gonz\u00e1lez \/ Sa\u00fal S\u00e1nchez \/ Manuel Vela para Mv Fotograf\u00eda Profesional \/ Edici\u00f3n y retoque www.pueblaexpres.com\" width=\"500\" height=\"334\" \/><\/a><script src=\"\/\/embedr.flickr.com\/assets\/client-code.js\" async=\"\" charset=\"utf-8\"><\/script><\/p>\n<p><strong>La opini\u00f3n expresada en esta columna es responsabilidad de quien la escribe y no busca generar conflictos entre los involucrados, si no generar conciencia en cada lector.<\/strong><\/p>\n<p>[miniflickr photoset_id=72157659870092690&amp;sortby=date-posted-asc&amp;per_page=6]<\/p>\n","protected":false},"excerpt":{"rendered":"<p>[La Cr\u00f3nica] Juan Carlos Hern\u00e1ndez @soyjuancah J11 Grupo 3 Puebla FC vs Inter Playa del Carmen Liga Premier de la Segunda Divisi\u00f3n Profesional TA2015 Con solitaria diana de Brandon \u00c1vila en los \u00faltimos minutos del partido, el Puebla FC Premier volvi\u00f3 a la senda del triunfo en la Segunda Divisi\u00f3n Premier, al dar cuenta del [&hellip;]<\/p>\n","protected":false},"author":2,"featured_media":0,"comment_status":"open","ping_status":"open","sticky":false,"template":"","format":"standard","meta":{"footnotes":""},"categories":[8,42,166,79,13,3,1,7],"tags":[],"_links":{"self":[{"href":"https:\/\/pueblaexpres.com\/portal\/index.php?rest_route=\/wp\/v2\/posts\/5244"}],"collection":[{"href":"https:\/\/pueblaexpres.com\/portal\/index.php?rest_route=\/wp\/v2\/posts"}],"about":[{"href":"https:\/\/pueblaexpres.com\/portal\/index.php?rest_route=\/wp\/v2\/types\/post"}],"author":[{"embeddable":true,"href":"https:\/\/pueblaexpres.com\/portal\/index.php?rest_route=\/wp\/v2\/users\/2"}],"replies":[{"embeddable":true,"href":"https:\/\/pueblaexpres.com\/portal\/index.php?rest_route=%2Fwp%2Fv2%2Fcomments&post=5244"}],"version-history":[{"count":1,"href":"https:\/\/pueblaexpres.com\/portal\/index.php?rest_route=\/wp\/v2\/posts\/5244\/revisions"}],"predecessor-version":[{"id":5246,"href":"https:\/\/pueblaexpres.com\/portal\/index.php?rest_route=\/wp\/v2\/posts\/5244\/revisions\/5246"}],"wp:attachment":[{"href":"https:\/\/pueblaexpres.com\/portal\/index.php?rest_route=%2Fwp%2Fv2%2Fmedia&parent=5244"}],"wp:term":[{"taxonomy":"category","embeddable":true,"href":"https:\/\/pueblaexpres.com\/portal\/index.php?rest_route=%2Fwp%2Fv2%2Fcategories&post=5244"},{"taxonomy":"post_tag","embeddable":true,"href":"https:\/\/pueblaexpres.com\/portal\/index.php?rest_route=%2Fwp%2Fv2%2Ftags&post=5244"}],"curies":[{"name":"wp","href":"https:\/\/api.w.org\/{rel}","templated":true}]}}