{"id":5238,"date":"2015-10-11T08:02:15","date_gmt":"2015-10-11T14:02:15","guid":{"rendered":"https:\/\/pueblaexpres.com\/portal\/?p=5238"},"modified":"2015-10-11T08:02:15","modified_gmt":"2015-10-11T14:02:15","slug":"la-cronica-j9-grupo-3-puebla-fc-vs-club-america-liga-premier-de-la-segunda-division-profesional-ta2015","status":"publish","type":"post","link":"https:\/\/pueblaexpres.com\/portal\/?p=5238","title":{"rendered":"[La Cr\u00f3nica] J9 Grupo 3 Puebla FC vs Club Am\u00e9rica Liga Premier de la Segunda Divisi\u00f3n Profesional TA2015"},"content":{"rendered":"<div name=\"googleone_share_1\" style=\"position:relative;z-index:5;float: right; margin-left: 10px;\"><g:plusone size=\"tall\" count=\"1\" href=\"https:\/\/pueblaexpres.com\/portal\/?p=5238\"><\/g:plusone><\/div><p><a href=\"https:\/\/pueblaexpres.com\/portal\/wp-content\/uploads\/2015\/10\/MVF_8228.jpg\"><img loading=\"lazy\" decoding=\"async\" class=\"  wp-image-5239 aligncenter\" src=\"https:\/\/pueblaexpres.com\/portal\/wp-content\/uploads\/2015\/10\/MVF_8228.jpg\" alt=\"MVF_8228\" width=\"501\" height=\"334\" srcset=\"https:\/\/pueblaexpres.com\/portal\/wp-content\/uploads\/2015\/10\/MVF_8228.jpg 800w, https:\/\/pueblaexpres.com\/portal\/wp-content\/uploads\/2015\/10\/MVF_8228-300x200.jpg 300w\" sizes=\"(max-width: 501px) 100vw, 501px\" \/><\/a><\/p>\n<p><strong>[La Cr\u00f3nica] Juan Carlos Hern\u00e1ndez @soyjuancah<\/strong><\/p>\n<p><em>J9 Grupo 3 Puebla FC vs Club Am\u00e9rica Liga Premier de la Segunda Divisi\u00f3n Profesional TA2015<\/em><\/p>\n<p>Puebla FC Premier y Am\u00e9rica Premier empataron a un gol, en duelo correspondiente a la fecha nueve del Apertura 2015 en la Liga Premier de la Segunda Divisi\u00f3n Profesional que tuvo verificativo en la cancha de la Unidad Deportiva \u201cMario V\u00e1zquez Ra\u00f1a\u201d de la Angel\u00f3polis.<\/p>\n<p>Por La Franja, Felipe G\u00e1lvez al 14\u2019, mientras que Alfonso S\u00e1nchez al 76\u2019 por las \u00c1guilas, escribieron la historia del encuentro, que permite a los poblanos llegar a 15 unidades y a los capitalinos a 19, ambos en la parte alta dentro del Grupo 3.<\/p>\n<p><a title=\"MVF_8112 J9 Grupo 3 | Puebla FC vs Club Am\u00e9rica | Liga Premier de la Segunda Divisi\u00f3n Profesional TA2015 | Fotograf\u00eda Lyz Vega \/ Mara Gonz\u00e1lez \/ Sa\u00fal S\u00e1nchez \/ Manuel Vela para Mv Fotograf\u00eda Profesional \/ Edici\u00f3n y retoque www.pueblaexpres.com\" href=\"https:\/\/www.flickr.com\/photos\/manitas\/22064805606\/in\/album-72157659302592370\/\" data-flickr-embed=\"true\"><img loading=\"lazy\" decoding=\"async\" class=\" aligncenter\" src=\"https:\/\/farm6.staticflickr.com\/5713\/22064805606_b88d48d2e0.jpg\" alt=\"MVF_8112 J9 Grupo 3 | Puebla FC vs Club Am\u00e9rica | Liga Premier de la Segunda Divisi\u00f3n Profesional TA2015 | Fotograf\u00eda Lyz Vega \/ Mara Gonz\u00e1lez \/ Sa\u00fal S\u00e1nchez \/ Manuel Vela para Mv Fotograf\u00eda Profesional \/ Edici\u00f3n y retoque www.pueblaexpres.com\" width=\"500\" height=\"334\" \/><\/a><script src=\"\/\/embedr.flickr.com\/assets\/client-code.js\" async=\"\" charset=\"utf-8\"><\/script><\/p>\n<p>La pr\u00f3xima jornada, Puebla visitar\u00e1 a sus vecinos Coyotes de Tlaxcala, mientras que Am\u00e9rica vuelve a Coapa para ser anfitri\u00f3n de los Pumas.<\/p>\n<p>Puebla domin\u00f3 y perdon\u00f3 Despu\u00e9s de sufrir una dolorosa ca\u00edda por 3-1 en su visita al l\u00edder Tampico Madero, los Camoteros regresaban a su campo con la obligaci\u00f3n de sacar un buen resultado que les hiciera olvidar el trago amargo que dej\u00f3 el duelo en casa de la Jaiba Brava.<\/p>\n<p>Los azulcremas, despu\u00e9s aplastar a los Albinegros de Orizaba por 5-2 en Coapa, buscaban regresar a la senda del triunfo en suelo visitante en una de las aduanas m\u00e1s complicadas que podr\u00edan tener en estos instantes en la temporada.<!--more--> <a title=\"MVF_8988 J9 Grupo 3 | Puebla FC vs Club Am\u00e9rica | Liga Premier de la Segunda Divisi\u00f3n Profesional TA2015 | Fotograf\u00eda Lyz Vega \/ Mara Gonz\u00e1lez \/ Sa\u00fal S\u00e1nchez \/ Manuel Vela para Mv Fotograf\u00eda Profesional \/ Edici\u00f3n y retoque www.pueblaexpres.com\" href=\"https:\/\/www.flickr.com\/photos\/manitas\/22101007241\/in\/album-72157659302592370\/\" data-flickr-embed=\"true\"><img loading=\"lazy\" decoding=\"async\" class=\" aligncenter\" src=\"https:\/\/farm6.staticflickr.com\/5783\/22101007241_7f9efc6dce.jpg\" alt=\"MVF_8988 J9 Grupo 3 | Puebla FC vs Club Am\u00e9rica | Liga Premier de la Segunda Divisi\u00f3n Profesional TA2015 | Fotograf\u00eda Lyz Vega \/ Mara Gonz\u00e1lez \/ Sa\u00fal S\u00e1nchez \/ Manuel Vela para Mv Fotograf\u00eda Profesional \/ Edici\u00f3n y retoque www.pueblaexpres.com\" width=\"500\" height=\"334\" \/><\/a><script src=\"\/\/embedr.flickr.com\/assets\/client-code.js\" async=\"\" charset=\"utf-8\"><\/script><\/p>\n<p>As\u00ed, los poblanos al mando de Fernando Palomeque se adue\u00f1aron del partido y mantuvieron a raya a los dirigidos por Pablo Luna, que teniendo como figura al arquero Luis Pineda, pudieron soportar los embates en los primeros minutos.<\/p>\n<p>Sin embargo, al 14\u2019 la muralla americanista finalmente cay\u00f3 y Puebla se fue al frente. Un tiro de Abimael Estrada que fue rechazado por el meta Pineda cay\u00f3 a los pies de Felipe G\u00e1lvez, que con disparo cruzado puso n\u00famero a la casa y la ventaja blanquiazul.<\/p>\n<p>A\u00fan con la desventaja, Am\u00e9rica segu\u00eda sin encontrar el rumbo y Puebla continu\u00f3 sus embates, pero adem\u00e1s de la excelente actuaci\u00f3n de Luis Pineda bajo los tres postes, los Camoteros perdonaron a la hora buena.<\/p>\n<p>Ello les hizo pagar una cara factura desde los \u00faltimos minutos del primer tiempo, pues de tener una mejor diferencia en el marcador, los poblanos pasaron a tener un hombre menos luego de que el portero Aldo Paredes interrumpi\u00f3 con la mano afuera del \u00e1rea una opci\u00f3n del experimentado Adri\u00e1n Mar\u00edn que bien pudo terminar con el empate al descanso.<\/p>\n<p><a title=\"MVF_8772 J9 Grupo 3 | Puebla FC vs Club Am\u00e9rica | Liga Premier de la Segunda Divisi\u00f3n Profesional TA2015 | Fotograf\u00eda Lyz Vega \/ Mara Gonz\u00e1lez \/ Sa\u00fal S\u00e1nchez \/ Manuel Vela para Mv Fotograf\u00eda Profesional \/ Edici\u00f3n y retoque www.pueblaexpres.com\" href=\"https:\/\/www.flickr.com\/photos\/manitas\/22064805186\/in\/album-72157659302592370\/\" data-flickr-embed=\"true\"><img loading=\"lazy\" decoding=\"async\" class=\" aligncenter\" src=\"https:\/\/farm6.staticflickr.com\/5759\/22064805186_46abd69a80.jpg\" alt=\"MVF_8772 J9 Grupo 3 | Puebla FC vs Club Am\u00e9rica | Liga Premier de la Segunda Divisi\u00f3n Profesional TA2015 | Fotograf\u00eda Lyz Vega \/ Mara Gonz\u00e1lez \/ Sa\u00fal S\u00e1nchez \/ Manuel Vela para Mv Fotograf\u00eda Profesional \/ Edici\u00f3n y retoque www.pueblaexpres.com\" width=\"500\" height=\"334\" \/><\/a><script src=\"\/\/embedr.flickr.com\/assets\/client-code.js\" async=\"\" charset=\"utf-8\"><\/script><\/p>\n<p>Paredes Cabrera vio el cart\u00f3n rojo y ello oblig\u00f3 a Palomeque D\u00edaz a realizar ajustes, al sacar a un elemento de medio campo para cubrir la baja en la porter\u00eda, lo que dej\u00f3 vulnerable la media cancha que durante gran parte del partido hab\u00eda sido del local.<\/p>\n<p>Segundo tiempo azulcrema Con un rival menos, la balanza ahora se fue del lado azulcrema. Aunque el t\u00e9cnico Luna cambi\u00f3 su estrategia, al 48\u2019 una tarjeta roja a Luis Amador habr\u00eda de emparejar a ambos cuadros con diez hombres, lo que quiz\u00e1 benefici\u00f3 m\u00e1s a los visitantes.<\/p>\n<p>Y es que en igualdad de fuerzas, Am\u00e9rica fue mejor durante gran parte de la segunda parte, pero fue hasta el 76\u2019 cuando finalmente pudieron hacer el del empate por cortes\u00eda de Alfonso S\u00e1nchez, que de palomita remat\u00f3 cruzado e hizo el 1-1.<\/p>\n<p>No obstante, las emociones no habr\u00edan de parar ah\u00ed pues tanto Puebla como Am\u00e9rica tuvieron sus oportunidades. La Franja con un remate a la base del poste y las \u00c1guilas con una anotaci\u00f3n invalidada por fuera de lugar, pudieron dar a cualquier equipo los tres puntos.<\/p>\n<p><a title=\"MVF_8688 J9 Grupo 3 | Puebla FC vs Club Am\u00e9rica | Liga Premier de la Segunda Divisi\u00f3n Profesional TA2015 | Fotograf\u00eda Lyz Vega \/ Mara Gonz\u00e1lez \/ Sa\u00fal S\u00e1nchez \/ Manuel Vela para Mv Fotograf\u00eda Profesional \/ Edici\u00f3n y retoque www.pueblaexpres.com\" href=\"https:\/\/www.flickr.com\/photos\/manitas\/21902799410\/in\/album-72157659302592370\/\" data-flickr-embed=\"true\"><img loading=\"lazy\" decoding=\"async\" class=\" aligncenter\" src=\"https:\/\/farm1.staticflickr.com\/690\/21902799410_6962b35db3.jpg\" alt=\"MVF_8688 J9 Grupo 3 | Puebla FC vs Club Am\u00e9rica | Liga Premier de la Segunda Divisi\u00f3n Profesional TA2015 | Fotograf\u00eda Lyz Vega \/ Mara Gonz\u00e1lez \/ Sa\u00fal S\u00e1nchez \/ Manuel Vela para Mv Fotograf\u00eda Profesional \/ Edici\u00f3n y retoque www.pueblaexpres.com\" width=\"500\" height=\"334\" \/><\/a><script src=\"\/\/embedr.flickr.com\/assets\/client-code.js\" async=\"\" charset=\"utf-8\"><\/script><\/p>\n<p>Al final, la repartici\u00f3n de unidades dej\u00f3 satisfechos a los dos conjuntos, que bajo un sol extenuante en la capital poblana, se dieron la mano en esta jornada nueve.<\/p>\n<p><strong>La opini\u00f3n expresada en esta columna es responsabilidad de quien la escribe y no busca generar conflictos entre los involucrados, si no generar conciencia en cada lector.<\/strong><\/p>\n<p>[miniflickr photoset_id=72157659302592370&amp;sortby=date-posted-asc&amp;per_page=7]<\/p>\n","protected":false},"excerpt":{"rendered":"<p>[La Cr\u00f3nica] Juan Carlos Hern\u00e1ndez @soyjuancah J9 Grupo 3 Puebla FC vs Club Am\u00e9rica Liga Premier de la Segunda Divisi\u00f3n Profesional TA2015 Puebla FC Premier y Am\u00e9rica Premier empataron a un gol, en duelo correspondiente a la fecha nueve del Apertura 2015 en la Liga Premier de la Segunda Divisi\u00f3n Profesional que tuvo verificativo en [&hellip;]<\/p>\n","protected":false},"author":2,"featured_media":0,"comment_status":"open","ping_status":"open","sticky":false,"template":"","format":"standard","meta":{"footnotes":""},"categories":[8,79,36,13,3,1,7],"tags":[],"_links":{"self":[{"href":"https:\/\/pueblaexpres.com\/portal\/index.php?rest_route=\/wp\/v2\/posts\/5238"}],"collection":[{"href":"https:\/\/pueblaexpres.com\/portal\/index.php?rest_route=\/wp\/v2\/posts"}],"about":[{"href":"https:\/\/pueblaexpres.com\/portal\/index.php?rest_route=\/wp\/v2\/types\/post"}],"author":[{"embeddable":true,"href":"https:\/\/pueblaexpres.com\/portal\/index.php?rest_route=\/wp\/v2\/users\/2"}],"replies":[{"embeddable":true,"href":"https:\/\/pueblaexpres.com\/portal\/index.php?rest_route=%2Fwp%2Fv2%2Fcomments&post=5238"}],"version-history":[{"count":1,"href":"https:\/\/pueblaexpres.com\/portal\/index.php?rest_route=\/wp\/v2\/posts\/5238\/revisions"}],"predecessor-version":[{"id":5240,"href":"https:\/\/pueblaexpres.com\/portal\/index.php?rest_route=\/wp\/v2\/posts\/5238\/revisions\/5240"}],"wp:attachment":[{"href":"https:\/\/pueblaexpres.com\/portal\/index.php?rest_route=%2Fwp%2Fv2%2Fmedia&parent=5238"}],"wp:term":[{"taxonomy":"category","embeddable":true,"href":"https:\/\/pueblaexpres.com\/portal\/index.php?rest_route=%2Fwp%2Fv2%2Fcategories&post=5238"},{"taxonomy":"post_tag","embeddable":true,"href":"https:\/\/pueblaexpres.com\/portal\/index.php?rest_route=%2Fwp%2Fv2%2Ftags&post=5238"}],"curies":[{"name":"wp","href":"https:\/\/api.w.org\/{rel}","templated":true}]}}