{"id":518,"date":"2011-06-03T13:06:52","date_gmt":"2011-06-03T19:06:52","guid":{"rendered":"https:\/\/pueblaexpres.com\/portal\/?p=518"},"modified":"2011-06-03T13:06:52","modified_gmt":"2011-06-03T19:06:52","slug":"puebla-fc-presenta-de-manera-oficial-a-sergio-bueno-y-su-cuerpo-tecnico","status":"publish","type":"post","link":"https:\/\/pueblaexpres.com\/portal\/?p=518","title":{"rendered":"Puebla FC presenta de manera oficial a Sergio Bueno y su cuerpo t\u00e9cnico."},"content":{"rendered":"<div name=\"googleone_share_1\" style=\"position:relative;z-index:5;float: right; margin-left: 10px;\"><g:plusone size=\"tall\" count=\"1\" href=\"https:\/\/pueblaexpres.com\/portal\/?p=518\"><\/g:plusone><\/div><p><a title=\"DSC_0334 Puebla FC presenta de manera oficial de Sergio Bueno Rodr\u00edguez (DT),como Auxiliar T\u00e9cnico a Francisco Rotllan y como Preparador F\u00edsico a Alberto Pedraza por LAE Manuel Vela by Manuel Vela - MV Fotograf\u00eda Profesional, on Flickr\" href=\"http:\/\/www.flickr.com\/photos\/manitas\/5790396944\/\"><img loading=\"lazy\" decoding=\"async\" class=\"alignleft\" style=\"margin-left: 5px; margin-right: 5px;\" src=\"http:\/\/farm3.static.flickr.com\/2387\/5790396944_0932c5f07a_m.jpg\" alt=\"DSC_0334 Puebla FC presenta de manera oficial de Sergio Bueno Rodr\u00edguez (DT),como Auxiliar T\u00e9cnico a Francisco Rotllan y como Preparador F\u00edsico a Alberto Pedraza por LAE Manuel Vela\" width=\"240\" height=\"160\" \/><\/a> Puebla., Puebla a 01 de Junio 2011<br \/>\nEste d\u00eda el Puebla de la Franja llev\u00f3 a cabo la presentaci\u00f3n oficial de Sergio Bueno como su nuevo entrenador que apartir de hoy, tendr\u00e1 la responsabilidad de regresar al equipo a los primeros planos del futbol mexicano.<br \/>\nEl Vicepresidente del conjunto franjiazul, Ing. Jes\u00fas L\u00f3pez Chargoy, present\u00f3 de manera oficial al cuerpo t\u00e9cnico que iniciar\u00e1 esta nueva etapa para el Futbol Profesional en Puebla; D.T. Sergio Bueno Rodr\u00edguez ser\u00e1 el timonel de La Franja, quien tendr\u00e1 como Auxiliar T\u00e9cnico a Francisco Rotllan y como Preparador F\u00edsico a Alberto Pedraza.<br \/>\nEl directivo asegur\u00f3 que fueron varios motivos que los llevaron a optar por Sergio Bueno para que se convirtiera en el responsable del equipo, pero destac\u00f3 que Bueno les prometi\u00f3 \u201calta competitividad, exigencia al m\u00e1ximo y sobre todo objetivos bien definidos y bien plateados a corto a mediano y largo plazo\u201d.<br \/>\nPor su parte el ahora entrenador de La Franja mencion\u00f3 \u201cverdaderamente vengo con una gran ilusi\u00f3n, una gran motivaci\u00f3n por esta invitaci\u00f3n que me ha hecho la dirigencia de venir a asumir la responsabilidad de este club, un club muy importante del futbol mexicano, un club que tiene historia muy rica en la cuales esta presentes algunos t\u00edtulos\u201d.<br \/>\nBueno dijo que espera dar resultados positivos, pero sobre todo hizo \u00e9nfasis en la forma que desea que juegue el equipo dentro del terreno de juego para lograr este objetivo.<br \/>\n\u201cEstamos total y absolutamente de acuerdo en que vamos a buscar que la forma en la que el equipo gane sea del total agrado de la afici\u00f3n, de los medios, que seamos valorados por ello\u201d, sentenci\u00f3.<br \/>\n\u201cPretendemos hacerle sentir y hacerle llegar a la afici\u00f3n, a trav\u00e9s de lo que nosotros manifestemos dentro del terreno de juego, el respeto que sentimos por ellos, y eso implica que este equipo pretender\u00e1 sacar resultados positivos, pero que tambi\u00e9n es fundamental la manera en la que los vamos a conseguir y en eso estamos en una total comuni\u00f3n con la dirigencia\u201d, abund\u00f3.<br \/>\n\u201cQueremos tener un equipo acorde y tan grande e importante como su afici\u00f3n, me parece que el respeto que nosotros vamos a provocar en nuestro plantel va a ser totalmente absoluto\u201d, dijo en alusi\u00f3n a los aficionados que no vieron de buena forma su llegada al plantel.<\/p>\n<p>[miniflickr photoset_id=72157626868379132&amp;sortby=date-posted-asc&amp;per_page=10]<\/p>\n<p><a href=\"http:\/\/www.flickr.com\/photos\/manitas\/sets\/72157626868379132\/\" target=\"_blank\">Puebla FC presenta de manera oficial a Sergio Bueno y su cuerpo t\u00e9cnico.<\/a><\/p>\n<p>&#8211;<\/p>\n","protected":false},"excerpt":{"rendered":"<p>Puebla., Puebla a 01 de Junio 2011 Este d\u00eda el Puebla de la Franja llev\u00f3 a cabo la presentaci\u00f3n oficial de Sergio Bueno como su nuevo entrenador que apartir de hoy, tendr\u00e1 la responsabilidad de regresar al equipo a los primeros planos del futbol mexicano. El Vicepresidente del conjunto franjiazul, Ing. Jes\u00fas L\u00f3pez Chargoy, present\u00f3 [&hellip;]<\/p>\n","protected":false},"author":1,"featured_media":0,"comment_status":"open","ping_status":"open","sticky":false,"template":"","format":"standard","meta":{"footnotes":""},"categories":[42,3],"tags":[23],"_links":{"self":[{"href":"https:\/\/pueblaexpres.com\/portal\/index.php?rest_route=\/wp\/v2\/posts\/518"}],"collection":[{"href":"https:\/\/pueblaexpres.com\/portal\/index.php?rest_route=\/wp\/v2\/posts"}],"about":[{"href":"https:\/\/pueblaexpres.com\/portal\/index.php?rest_route=\/wp\/v2\/types\/post"}],"author":[{"embeddable":true,"href":"https:\/\/pueblaexpres.com\/portal\/index.php?rest_route=\/wp\/v2\/users\/1"}],"replies":[{"embeddable":true,"href":"https:\/\/pueblaexpres.com\/portal\/index.php?rest_route=%2Fwp%2Fv2%2Fcomments&post=518"}],"version-history":[{"count":2,"href":"https:\/\/pueblaexpres.com\/portal\/index.php?rest_route=\/wp\/v2\/posts\/518\/revisions"}],"predecessor-version":[{"id":520,"href":"https:\/\/pueblaexpres.com\/portal\/index.php?rest_route=\/wp\/v2\/posts\/518\/revisions\/520"}],"wp:attachment":[{"href":"https:\/\/pueblaexpres.com\/portal\/index.php?rest_route=%2Fwp%2Fv2%2Fmedia&parent=518"}],"wp:term":[{"taxonomy":"category","embeddable":true,"href":"https:\/\/pueblaexpres.com\/portal\/index.php?rest_route=%2Fwp%2Fv2%2Fcategories&post=518"},{"taxonomy":"post_tag","embeddable":true,"href":"https:\/\/pueblaexpres.com\/portal\/index.php?rest_route=%2Fwp%2Fv2%2Ftags&post=518"}],"curies":[{"name":"wp","href":"https:\/\/api.w.org\/{rel}","templated":true}]}}