{"id":516,"date":"2011-06-03T13:04:45","date_gmt":"2011-06-03T19:04:45","guid":{"rendered":"https:\/\/pueblaexpres.com\/portal\/?p=516"},"modified":"2011-06-03T13:04:45","modified_gmt":"2011-06-03T19:04:45","slug":"puebla-fc-regresa-a-entrenamientos-de-cara-al-torneo-apertura-2011","status":"publish","type":"post","link":"https:\/\/pueblaexpres.com\/portal\/?p=516","title":{"rendered":"Puebla FC regresa a entrenamientos de cara al Torneo Apertura 2011"},"content":{"rendered":"<div name=\"googleone_share_1\" style=\"position:relative;z-index:5;float: right; margin-left: 10px;\"><g:plusone size=\"tall\" count=\"1\" href=\"https:\/\/pueblaexpres.com\/portal\/?p=516\"><\/g:plusone><\/div><p><a title=\"DSC_0126 Puebla FC regresa a entrenamientos de cara al Torneo Apertura 2011 por LAE Manuel Vela by Manuel Vela - MV Fotograf\u00eda Profesional, on Flickr\" href=\"http:\/\/www.flickr.com\/photos\/manitas\/5789837813\/\"><img loading=\"lazy\" decoding=\"async\" class=\"alignleft\" style=\"margin-left: 5px; margin-right: 5px;\" src=\"http:\/\/farm3.static.flickr.com\/2344\/5789837813_7b4bb39329_m.jpg\" alt=\"DSC_0126 Puebla FC regresa a entrenamientos de cara al Torneo Apertura 2011 por LAE Manuel Vela\" width=\"240\" height=\"160\" \/><\/a> Puebla., Puebla a 01 de Junio 2011<\/p>\n<p>Con un plantel reducido, el Puebla FC hico acto de presencia en las instalaciones del Estadio Cuauht\u00e9moc para dar inicio a los trabajos de pretemporada rumbo al inicio del pr\u00f3ximo torneo Apertura 2011.<br \/>\nS\u00f3lo se les pudo ver a Gabriel Pereyra, Rodrigo Salinas, Roberto Ju\u00e1rez, Orlando Rinc\u00f3n, F\u00e9lix Borja, Felipe Ayala y Jos\u00e9 Joel Gonz\u00e1lez.<br \/>\nPor cierto la llegada de \u2018Ch\u00edcharo\u2019 Gonz\u00e1lez tom\u00f3 por sorpresa al club, ya que su presencia no estaba considera puesto que su pr\u00e9stamo concluy\u00f3 por lo que debi\u00f3 presentarse con Atlante, as\u00ed lo declar\u00f3 Jes\u00fas L\u00f3pez Chargoy, durante la presentaci\u00f3n oficial de Sergio Bueno como entrenador de la franja.<br \/>\n\u201cEl caso de Chicharito, estoy muy contento que se haya presentado, pero bueno ahorita voy a platicar con \u00e9l para comentarle que primero tenemos que llegar a un acuerdo con Atlante. Me agrad\u00f3 que se presentara, pero ahorita vamos a platicar\u201d.<br \/>\nOtros de los jugadores que reportaron fueron los que estaban prestados a otros clubes, tal es el caso de Sergio Rosas, Gustavo Anzaldo e I\u00f1igo Rey, as\u00ed como tambi\u00e9n algunos elementos de fuerzas b\u00e1sicas.<br \/>\nDe tal forma que pr\u00e1cticamente los jugadores que reportaron este d\u00eda al campamento camotero, son con los \u00fanicos que hasta el momento cuenta el club y que actualmente es due\u00f1o de su carta.<\/p>\n<p>[miniflickr photoset_id=72157626868373046&amp;sortby=date-posted-asc&amp;per_page=10]<\/p>\n<p><a href=\"http:\/\/www.flickr.com\/photos\/manitas\/sets\/72157626868373046\/\" target=\"_blank\">Puebla FC regresa a entrenamientos de cara al Torneo Apertura 2011<\/a><\/p>\n<p>&#8211;<\/p>\n","protected":false},"excerpt":{"rendered":"<p>Puebla., Puebla a 01 de Junio 2011 Con un plantel reducido, el Puebla FC hico acto de presencia en las instalaciones del Estadio Cuauht\u00e9moc para dar inicio a los trabajos de pretemporada rumbo al inicio del pr\u00f3ximo torneo Apertura 2011. S\u00f3lo se les pudo ver a Gabriel Pereyra, Rodrigo Salinas, Roberto Ju\u00e1rez, Orlando Rinc\u00f3n, F\u00e9lix [&hellip;]<\/p>\n","protected":false},"author":1,"featured_media":0,"comment_status":"open","ping_status":"open","sticky":false,"template":"","format":"standard","meta":{"footnotes":""},"categories":[79,3],"tags":[28,23],"_links":{"self":[{"href":"https:\/\/pueblaexpres.com\/portal\/index.php?rest_route=\/wp\/v2\/posts\/516"}],"collection":[{"href":"https:\/\/pueblaexpres.com\/portal\/index.php?rest_route=\/wp\/v2\/posts"}],"about":[{"href":"https:\/\/pueblaexpres.com\/portal\/index.php?rest_route=\/wp\/v2\/types\/post"}],"author":[{"embeddable":true,"href":"https:\/\/pueblaexpres.com\/portal\/index.php?rest_route=\/wp\/v2\/users\/1"}],"replies":[{"embeddable":true,"href":"https:\/\/pueblaexpres.com\/portal\/index.php?rest_route=%2Fwp%2Fv2%2Fcomments&post=516"}],"version-history":[{"count":1,"href":"https:\/\/pueblaexpres.com\/portal\/index.php?rest_route=\/wp\/v2\/posts\/516\/revisions"}],"predecessor-version":[{"id":517,"href":"https:\/\/pueblaexpres.com\/portal\/index.php?rest_route=\/wp\/v2\/posts\/516\/revisions\/517"}],"wp:attachment":[{"href":"https:\/\/pueblaexpres.com\/portal\/index.php?rest_route=%2Fwp%2Fv2%2Fmedia&parent=516"}],"wp:term":[{"taxonomy":"category","embeddable":true,"href":"https:\/\/pueblaexpres.com\/portal\/index.php?rest_route=%2Fwp%2Fv2%2Fcategories&post=516"},{"taxonomy":"post_tag","embeddable":true,"href":"https:\/\/pueblaexpres.com\/portal\/index.php?rest_route=%2Fwp%2Fv2%2Ftags&post=516"}],"curies":[{"name":"wp","href":"https:\/\/api.w.org\/{rel}","templated":true}]}}