{"id":4958,"date":"2015-07-31T06:12:43","date_gmt":"2015-07-31T12:12:43","guid":{"rendered":"https:\/\/pueblaexpres.com\/portal\/?p=4958"},"modified":"2015-07-31T06:12:43","modified_gmt":"2015-07-31T12:12:43","slug":"nota-de-opinion-la-franja-empata-en-copa-puebla-fc-liga-bancomer-mx","status":"publish","type":"post","link":"https:\/\/pueblaexpres.com\/portal\/?p=4958","title":{"rendered":"[Nota de Opini\u00f3n] LA FRANJA EMPATA EN COPA | Puebla FC Liga Bancomer MX"},"content":{"rendered":"<div name=\"googleone_share_1\" style=\"position:relative;z-index:5;float: right; margin-left: 10px;\"><g:plusone size=\"tall\" count=\"1\" href=\"https:\/\/pueblaexpres.com\/portal\/?p=4958\"><\/g:plusone><\/div><p><a href=\"https:\/\/pueblaexpres.com\/portal\/wp-content\/uploads\/2015\/07\/13.jpg\"><img loading=\"lazy\" decoding=\"async\" class=\"  wp-image-4959 aligncenter\" src=\"https:\/\/pueblaexpres.com\/portal\/wp-content\/uploads\/2015\/07\/13.jpg\" alt=\"13\" width=\"506\" height=\"338\" srcset=\"https:\/\/pueblaexpres.com\/portal\/wp-content\/uploads\/2015\/07\/13.jpg 800w, https:\/\/pueblaexpres.com\/portal\/wp-content\/uploads\/2015\/07\/13-300x200.jpg 300w\" sizes=\"(max-width: 506px) 100vw, 506px\" \/><\/a><\/p>\n<p><strong>(Nota de Opini\u00f3n) Carlos Caballero @crakcin<\/strong><\/p>\n<p><em>LA FRANJA EMPATA EN COPA<\/em><\/p>\n<p>Regreso la acci\u00f3n de Copa MX para el Puebla FC, buscando refrendar el t\u00edtulo que obtuvo a manos de las Chivas, y esta ocasi\u00f3n la franja se ubica en el sector 7 con Celaya, Lobos BUAP y Veracruz, en la primera llave del grupo enfrento a los Cajeteros en el reci\u00e9n remodelado Miguel Alem\u00e1n Vald\u00e9s, esper\u00e1bamos ver en acci\u00f3n a los enfranjados para saber qui\u00e9n tiene condiciones de pelear un puesto titular en el once que utiliza Marini en la Liga.<\/p>\n<p>La franja alineo con Villase\u00f1or en la porter\u00eda, la defensa la conformaron Adri\u00e1n Cortes, Mario de Luna, Ram\u00f3n Arias, Roberto Ju\u00e1rez, y Emanuel Gil, la media cancha Juan Pablo Fassi, Alberto Acosta, y Alfredo Juraidini, mientras que en el ataque estuvieron Isaac D\u00edaz y Ezequiel Rescaldani.<\/p>\n<p>Pensaba que el Puebla buscar\u00eda el mando del partido desde el primer tiempo sin embargo se plant\u00f3 un poco retrasado en su campo y esperando al rival para contraatacarlo por las bandas con el \u201cmimoso\u201d Gil y Juraidini fue en los primeros minutos quienes crearon cierto peligro por la banda derecha, Celaya hizo su partido y en car\u00e1cter de local se hizo ligeramente del dominio de la pelota y comenz\u00f3 a acercarse al marco de Villase\u00f1or, quien trataba de acomodar a sus defensores para alejar el peligro, el local se insinu\u00f3 m\u00e1s en busca del gol pero por fortuna la zaga poblana en especial Ram\u00f3n Arias estuvo atento para alejar cualquier llegada del contrario, sin duda el Uruguayo fue de lo mejor que pudimos ver del cuadro camotero mostrando la garra que caracteriza a los nacidos en ese pa\u00eds.<!--more--><\/p>\n<p>En la parte ofensiva la franja tuvo poco y nada que mostrar, D\u00edaz con mucho \u00edmpetu y ganas pero poco acertado en sus decisiones, Rescaldani un remate de cabeza y me parece que nada m\u00e1s que contar, sin duda el Argentino tiene mucho que mejorar, tanto f\u00edsica como t\u00e9cnicamente para mostrarse, de entrada no tuvo una buena presentaci\u00f3n y se espera que pronto entre en ritmo de juego, sin duda el estar en banca mucho tiempo le ha afectado y si no se pone las pilas as\u00ed se la pasara este torneo, vamos a ver si reacciona o de plano pasara a ser uno m\u00e1s de la lista de refuerzos que no rindieron en el Puebla.<\/p>\n<p><a title=\"12 IMG_0001 [Nota de Opini\u00f3n] LA FRANJA EMPATA EN COPA | Puebla FC Liga Bancomer MX Fotograf\u00eda Cortes\u00eda Imago 7 y http:\/\/www.ligamx.net\/ para Mv Fotograf\u00eda Profesional \/ Edici\u00f3n y retoque www.pueblaexpres.com\" href=\"https:\/\/www.flickr.com\/photos\/manitas\/20169348315\/in\/album-72157656573788542\/\" data-flickr-embed=\"true\"><img loading=\"lazy\" decoding=\"async\" class=\" aligncenter\" src=\"https:\/\/farm1.staticflickr.com\/453\/20169348315_c8ebd8eb35.jpg\" alt=\"12 IMG_0001 [Nota de Opini\u00f3n] LA FRANJA EMPATA EN COPA | Puebla FC Liga Bancomer MX Fotograf\u00eda Cortes\u00eda Imago 7 y http:\/\/www.ligamx.net\/ para Mv Fotograf\u00eda Profesional \/ Edici\u00f3n y retoque www.pueblaexpres.com\" width=\"500\" height=\"333\" \/><\/a><script src=\"\/\/embedr.flickr.com\/assets\/client-code.js\" async=\"\" charset=\"utf-8\"><\/script><\/p>\n<p>Destaca que el entrenador est\u00e1 confiando de buena manera en los j\u00f3venes del Puebla al menos para esta Copa, ojala y los chavos tomen el compromiso y vayan aportando en la cancha ya que rara vez se ve esto, la banca poblana estuvo conformada por jugadores de la sub 20 y de la segunda divisi\u00f3n del Puebla ingresaron Diego Cruz, Daniel Rodr\u00edguez y Omar Marrufo.<\/p>\n<p>Sera complicado que el Puebla FC se cuele a las instancias finales de la Copa ya que cada vez los equipos est\u00e1n optando por combinar sus planteles, tienen un gran reto los jugadores camoteros para mostrarse y buscar colarse a la plantilla del equipo que compite en la liga.<\/p>\n<p>Mientras tanto la llave 1 se cierra la pr\u00f3xima semana cuando los Toros del Celaya visiten el martes la cancha de la BUAP a la Franja quien ira en busca de darle otra alegr\u00eda a su afici\u00f3n, el juego ser\u00e1 a las 19:00 horas y ah\u00ed estaremos apoyando al Puebla.<\/p>\n<p>Les envi\u00f3 un gran saludo y los invito a que no se pierdan toda la informaci\u00f3n del Puebla FC a trav\u00e9s de www.pueblaexpres.com nos leemos la pr\u00f3xima.<\/p>\n<p><strong>LA OPINI\u00d3N EXPRESADA EN ESTA COLUMNA ES RESPONSABILIDAD DE QUIEN LA ESCRIBE Y NO BUSCA GENERAR CONFLICTOS ENTRE LOS INVOLUCRADOS, SI NO GENERAR CONCIENCIA EN CADA LECTOR.<\/strong><\/p>\n<p><em>Fotograf\u00eda Cortes\u00eda Imago 7 y http:\/\/www.ligamx.net\/\u00a0<\/em><\/p>\n<p>[miniflickr photoset_id=72157656573788542&amp;sortby=date-posted-asc&amp;per_page=2]<\/p>\n","protected":false},"excerpt":{"rendered":"<p>(Nota de Opini\u00f3n) Carlos Caballero @crakcin LA FRANJA EMPATA EN COPA Regreso la acci\u00f3n de Copa MX para el Puebla FC, buscando refrendar el t\u00edtulo que obtuvo a manos de las Chivas, y esta ocasi\u00f3n la franja se ubica en el sector 7 con Celaya, Lobos BUAP y Veracruz, en la primera llave del grupo [&hellip;]<\/p>\n","protected":false},"author":2,"featured_media":0,"comment_status":"open","ping_status":"open","sticky":false,"template":"","format":"standard","meta":{"footnotes":""},"categories":[8,79,13,3,1,7],"tags":[],"_links":{"self":[{"href":"https:\/\/pueblaexpres.com\/portal\/index.php?rest_route=\/wp\/v2\/posts\/4958"}],"collection":[{"href":"https:\/\/pueblaexpres.com\/portal\/index.php?rest_route=\/wp\/v2\/posts"}],"about":[{"href":"https:\/\/pueblaexpres.com\/portal\/index.php?rest_route=\/wp\/v2\/types\/post"}],"author":[{"embeddable":true,"href":"https:\/\/pueblaexpres.com\/portal\/index.php?rest_route=\/wp\/v2\/users\/2"}],"replies":[{"embeddable":true,"href":"https:\/\/pueblaexpres.com\/portal\/index.php?rest_route=%2Fwp%2Fv2%2Fcomments&post=4958"}],"version-history":[{"count":1,"href":"https:\/\/pueblaexpres.com\/portal\/index.php?rest_route=\/wp\/v2\/posts\/4958\/revisions"}],"predecessor-version":[{"id":4960,"href":"https:\/\/pueblaexpres.com\/portal\/index.php?rest_route=\/wp\/v2\/posts\/4958\/revisions\/4960"}],"wp:attachment":[{"href":"https:\/\/pueblaexpres.com\/portal\/index.php?rest_route=%2Fwp%2Fv2%2Fmedia&parent=4958"}],"wp:term":[{"taxonomy":"category","embeddable":true,"href":"https:\/\/pueblaexpres.com\/portal\/index.php?rest_route=%2Fwp%2Fv2%2Fcategories&post=4958"},{"taxonomy":"post_tag","embeddable":true,"href":"https:\/\/pueblaexpres.com\/portal\/index.php?rest_route=%2Fwp%2Fv2%2Ftags&post=4958"}],"curies":[{"name":"wp","href":"https:\/\/api.w.org\/{rel}","templated":true}]}}