{"id":491,"date":"2011-05-23T20:03:37","date_gmt":"2011-05-24T02:03:37","guid":{"rendered":"https:\/\/pueblaexpres.com\/portal\/?p=491"},"modified":"2011-05-23T20:03:37","modified_gmt":"2011-05-24T02:03:37","slug":"nuevo-dt-en-lobos-buap-silvio-gabriel-rudman","status":"publish","type":"post","link":"https:\/\/pueblaexpres.com\/portal\/?p=491","title":{"rendered":"Nuevo DT en Lobos BUAP Silvio Gabriel Rudman"},"content":{"rendered":"<div name=\"googleone_share_1\" style=\"position:relative;z-index:5;float: right; margin-left: 10px;\"><g:plusone size=\"tall\" count=\"1\" href=\"https:\/\/pueblaexpres.com\/portal\/?p=491\"><\/g:plusone><\/div><p><a title=\"DSC_0367 Nuevo DT en Lobos BUAP Silvio Gabriel Rudman de cara al Torneo Apertura 2011 Liga de Ascenso por LAE Manuel Vela by Manuel Vela - MV Fotograf\u00eda Profesional, on Flickr\" href=\"http:\/\/www.flickr.com\/photos\/manitas\/5751480621\/\"><img loading=\"lazy\" decoding=\"async\" class=\"alignleft\" style=\"margin-left: 5px; margin-right: 5px;\" src=\"http:\/\/farm4.static.flickr.com\/3323\/5751480621_52ca777edb_m.jpg\" alt=\"DSC_0367 Nuevo DT en Lobos BUAP Silvio Gabriel Rudman de cara al Torneo Apertura 2011 Liga de Ascenso por LAE Manuel Vela\" width=\"240\" height=\"159\" \/><\/a> Puebla., Puebla a 23 de Mayo 2011<br \/>\nEn evento que tuvo como sede la sala rectores del Edificio Carolino, el sudamericano indic\u00f3 que la tarea inmediata ser\u00e1 la de conformar un equipo competitivo que tenga posibilidades de lograr el ascenso al m\u00e1ximo circuito.<br \/>\n\u201cVenimos con muchas ganas y deseos de darle oportunidad a los j\u00f3venes y tratar de revertir el torneo pasado que tuvo Lobos, con mucho trabajo, honestidad para que Lobos est\u00e9 donde merece\u201d expres\u00f3 Silvio Rudman.<br \/>\nEn cuanto al armado del equipo, el argentino indic\u00f3 que la pr\u00f3xima semana a m\u00e1s tardar dar\u00e1 conocer la lista de transferibles y por lo que ha analizado del equipo est\u00e1 interesado en hacerse de un defensa central, y elementos que vengan dispuestos a sudar la camiseta. De la misma forma, ser\u00e1 la pr\u00f3xima semana cuando se d\u00e9 a conocer la planeaci\u00f3n de la pretemporada.<br \/>\n\u201cLo importante de un plantel es tener jugadores con entrega y se identifiquen con la instituciones, nosotros queremos un equipo competitivo con jugadores de experiencia y j\u00f3venes para trabajar al m\u00e1ximo para competir en la Liga de Ascenso y creo todos tenemos esa ilusi\u00f3n\u201d, a\u00f1adi\u00f3 el t\u00e9cnico.<br \/>\nSilvio Rudman estar\u00e1 acompa\u00f1ado por Marcelo Adri\u00e1n Girbin; y como preparador f\u00edsico, Pablo Adri\u00e1n Dolce.<br \/>\nRespecto a la conformaci\u00f3n de la directiva, se dio a conocer que Jos\u00e9 Hanan, ser\u00e1 el presidente del patronato, en tanto como vicepresidente fungir\u00e1, Roberto Ruiz Esparza, quienes tratar\u00e1n de que el equipo se reencuentre con la afici\u00f3n. Para ello buscar\u00e1n regresar a jugar en Ciudad Universitaria, los viernes por la tarde, a partir del Clausura 2012.<\/p>\n<p>[miniflickr photoset_id=72157626789197614&amp;sortby=date-posted-asc&amp;per_page=14]<\/p>\n<p>&#8211;<\/p>\n","protected":false},"excerpt":{"rendered":"<p>Puebla., Puebla a 23 de Mayo 2011 En evento que tuvo como sede la sala rectores del Edificio Carolino, el sudamericano indic\u00f3 que la tarea inmediata ser\u00e1 la de conformar un equipo competitivo que tenga posibilidades de lograr el ascenso al m\u00e1ximo circuito. \u201cVenimos con muchas ganas y deseos de darle oportunidad a los j\u00f3venes [&hellip;]<\/p>\n","protected":false},"author":1,"featured_media":0,"comment_status":"open","ping_status":"open","sticky":false,"template":"","format":"standard","meta":{"footnotes":""},"categories":[42,13],"tags":[64],"_links":{"self":[{"href":"https:\/\/pueblaexpres.com\/portal\/index.php?rest_route=\/wp\/v2\/posts\/491"}],"collection":[{"href":"https:\/\/pueblaexpres.com\/portal\/index.php?rest_route=\/wp\/v2\/posts"}],"about":[{"href":"https:\/\/pueblaexpres.com\/portal\/index.php?rest_route=\/wp\/v2\/types\/post"}],"author":[{"embeddable":true,"href":"https:\/\/pueblaexpres.com\/portal\/index.php?rest_route=\/wp\/v2\/users\/1"}],"replies":[{"embeddable":true,"href":"https:\/\/pueblaexpres.com\/portal\/index.php?rest_route=%2Fwp%2Fv2%2Fcomments&post=491"}],"version-history":[{"count":1,"href":"https:\/\/pueblaexpres.com\/portal\/index.php?rest_route=\/wp\/v2\/posts\/491\/revisions"}],"predecessor-version":[{"id":492,"href":"https:\/\/pueblaexpres.com\/portal\/index.php?rest_route=\/wp\/v2\/posts\/491\/revisions\/492"}],"wp:attachment":[{"href":"https:\/\/pueblaexpres.com\/portal\/index.php?rest_route=%2Fwp%2Fv2%2Fmedia&parent=491"}],"wp:term":[{"taxonomy":"category","embeddable":true,"href":"https:\/\/pueblaexpres.com\/portal\/index.php?rest_route=%2Fwp%2Fv2%2Fcategories&post=491"},{"taxonomy":"post_tag","embeddable":true,"href":"https:\/\/pueblaexpres.com\/portal\/index.php?rest_route=%2Fwp%2Fv2%2Ftags&post=491"}],"curies":[{"name":"wp","href":"https:\/\/api.w.org\/{rel}","templated":true}]}}