{"id":4011,"date":"2014-12-29T07:18:07","date_gmt":"2014-12-29T13:18:07","guid":{"rendered":"https:\/\/pueblaexpres.com\/portal\/?p=4011"},"modified":"2014-12-29T07:37:20","modified_gmt":"2014-12-29T13:37:20","slug":"el-marcaje-rey-me-siento-contento-de-estar-en-puebla-fc","status":"publish","type":"post","link":"https:\/\/pueblaexpres.com\/portal\/?p=4011","title":{"rendered":"[El Marcaje] Rey: me siento contento de estar en Puebla FC"},"content":{"rendered":"<div name=\"googleone_share_1\" style=\"position:relative;z-index:5;float: right; margin-left: 10px;\"><g:plusone size=\"tall\" count=\"1\" href=\"https:\/\/pueblaexpres.com\/portal\/?p=4011\"><\/g:plusone><\/div><p><a href=\"https:\/\/pueblaexpres.com\/portal\/wp-content\/uploads\/2014\/12\/DSC_0167.jpg\"><img loading=\"lazy\" decoding=\"async\" class=\"wp-image-4012 aligncenter\" src=\"https:\/\/pueblaexpres.com\/portal\/wp-content\/uploads\/2014\/12\/DSC_0167.jpg\" alt=\"DSC_0167\" width=\"474\" height=\"316\" srcset=\"https:\/\/pueblaexpres.com\/portal\/wp-content\/uploads\/2014\/12\/DSC_0167.jpg 800w, https:\/\/pueblaexpres.com\/portal\/wp-content\/uploads\/2014\/12\/DSC_0167-300x200.jpg 300w\" sizes=\"(max-width: 474px) 100vw, 474px\" \/><\/a><\/p>\n<p><strong>(El Marcaje) Marco Antonio L\u00f3pez @markloperez<\/strong><\/p>\n<p><strong>Rey: me siento contento de estar en Puebla<\/strong><\/p>\n<p>El delantero poblano anot\u00f3 un tanto durante el partido amistoso entre Puebla y M\u00e9xico sub 20.<\/p>\n<p><a title=\"DSC_0004 [El Marcaje] Rey: me siento contento de estar en Puebla FC | Liga Bancomer MX | Fotograf\u00eda Lyz Vega \/ Mara Gonz\u00e1lez \/ Manuel Vela para Mv Fotograf\u00eda Profesional \/ Edici\u00f3n y retoque www.pueblaexpres.com by MANUEL VELA, on Flickr\" href=\"https:\/\/www.flickr.com\/photos\/manitas\/15949978578\"><img loading=\"lazy\" decoding=\"async\" class=\"aligncenter\" src=\"https:\/\/farm8.staticflickr.com\/7489\/15949978578_e5f158c7e1.jpg\" alt=\"DSC_0004 [El Marcaje] Rey: me siento contento de estar en Puebla FC | Liga Bancomer MX | Fotograf\u00eda Lyz Vega \/ Mara Gonz\u00e1lez \/ Manuel Vela para Mv Fotograf\u00eda Profesional \/ Edici\u00f3n y retoque www.pueblaexpres.com\" width=\"500\" height=\"334\" \/><\/a><\/p>\n<p>Luego de que el equipo de Puebla se impusiera cuatro goles a dos a la selecci\u00f3n nacional de M\u00e9xico sub 20, el delantero Luis Gabriel Rey, dijo sentirse bien con el plantel y contento de estar en el equipo de la angel\u00f3polis; por otro lado sabe que hay que trabajar para conseguir los objetivos que tiene el plantel \u201ccamotero\u201d.<\/p>\n<p>\u201cMe siento bien, tranquilo, vamos conociendo al equipo y tambi\u00e9n estoy conociendo lo que quiere el profe; estoy contento de estar aqu\u00ed (Puebla), tenemos que enfocarnos en la problem\u00e1tica del descenso y hay que trabajar en eso\u201d, coment\u00f3 el delantero \u201ccamotero\u201d.<!--more--><\/p>\n<p><a title=\"DSC_0115 [El Marcaje] Rey: me siento contento de estar en Puebla FC | Liga Bancomer MX | Fotograf\u00eda Lyz Vega \/ Mara Gonz\u00e1lez \/ Manuel Vela para Mv Fotograf\u00eda Profesional \/ Edici\u00f3n y retoque www.pueblaexpres.com by MANUEL VELA, on Flickr\" href=\"https:\/\/www.flickr.com\/photos\/manitas\/16137432805\"><img loading=\"lazy\" decoding=\"async\" class=\"aligncenter\" src=\"https:\/\/farm9.staticflickr.com\/8644\/16137432805_e61324b0e5.jpg\" alt=\"DSC_0115 [El Marcaje] Rey: me siento contento de estar en Puebla FC | Liga Bancomer MX | Fotograf\u00eda Lyz Vega \/ Mara Gonz\u00e1lez \/ Manuel Vela para Mv Fotograf\u00eda Profesional \/ Edici\u00f3n y retoque www.pueblaexpres.com\" width=\"500\" height=\"334\" \/><\/a><\/p>\n<p>Por otro lado, el atacante sudamericano, coment\u00f3 que con la llegada de delanteros como Alustiza y H\u00e9rculez espera que pongan todo de su parte para conseguir en alto al Puebla; sobre su anotaci\u00f3n durante el partido, Rey mencion\u00f3 que lo m\u00e1s importante es conseguir los resultados con el equipo y trabajara para mejorar.<\/p>\n<p>\u201cTodos son grandes jugadores, esperemos que cada uno ponga su granito de arena para poner en lo m\u00e1s alto al equipo de Puebla, hay que trabajar, el gol no significa nada, lo m\u00e1s importante es ponernos en ritmo y aqu\u00ed lo que importa es conseguir los resultados para el Puebla\u201d, finaliz\u00f3 Luis Gabriel Rey.<\/p>\n<p><a title=\"DSC_0233 [El Marcaje] Rey: me siento contento de estar en Puebla FC | Liga Bancomer MX | Fotograf\u00eda Lyz Vega \/ Mara Gonz\u00e1lez \/ Manuel Vela para Mv Fotograf\u00eda Profesional \/ Edici\u00f3n y retoque www.pueblaexpres.com by MANUEL VELA, on Flickr\" href=\"https:\/\/www.flickr.com\/photos\/manitas\/16136671932\"><img loading=\"lazy\" decoding=\"async\" class=\"alignright\" src=\"https:\/\/farm9.staticflickr.com\/8615\/16136671932_a928b3a65b.jpg\" alt=\"DSC_0233 [El Marcaje] Rey: me siento contento de estar en Puebla FC | Liga Bancomer MX | Fotograf\u00eda Lyz Vega \/ Mara Gonz\u00e1lez \/ Manuel Vela para Mv Fotograf\u00eda Profesional \/ Edici\u00f3n y retoque www.pueblaexpres.com\" width=\"500\" height=\"334\" \/><\/a><\/p>\n<p><strong>La opini\u00f3n expresada en esta columna es responsabilidad de quien la escribe y no busca generar conflictos entre los involucrados, si no generar conciencia en cada lector.<\/strong><\/p>\n<p>[miniflickr photoset_id=72157649931577126&amp;sortby=date-posted-asc&amp;per_page=5]<\/p>\n","protected":false},"excerpt":{"rendered":"<p>(El Marcaje) Marco Antonio L\u00f3pez @markloperez Rey: me siento contento de estar en Puebla El delantero poblano anot\u00f3 un tanto durante el partido amistoso entre Puebla y M\u00e9xico sub 20. Luego de que el equipo de Puebla se impusiera cuatro goles a dos a la selecci\u00f3n nacional de M\u00e9xico sub 20, el delantero Luis Gabriel [&hellip;]<\/p>\n","protected":false},"author":2,"featured_media":0,"comment_status":"open","ping_status":"open","sticky":false,"template":"","format":"standard","meta":{"footnotes":""},"categories":[8,42,166,79,36,13,3,1,7],"tags":[],"_links":{"self":[{"href":"https:\/\/pueblaexpres.com\/portal\/index.php?rest_route=\/wp\/v2\/posts\/4011"}],"collection":[{"href":"https:\/\/pueblaexpres.com\/portal\/index.php?rest_route=\/wp\/v2\/posts"}],"about":[{"href":"https:\/\/pueblaexpres.com\/portal\/index.php?rest_route=\/wp\/v2\/types\/post"}],"author":[{"embeddable":true,"href":"https:\/\/pueblaexpres.com\/portal\/index.php?rest_route=\/wp\/v2\/users\/2"}],"replies":[{"embeddable":true,"href":"https:\/\/pueblaexpres.com\/portal\/index.php?rest_route=%2Fwp%2Fv2%2Fcomments&post=4011"}],"version-history":[{"count":3,"href":"https:\/\/pueblaexpres.com\/portal\/index.php?rest_route=\/wp\/v2\/posts\/4011\/revisions"}],"predecessor-version":[{"id":4015,"href":"https:\/\/pueblaexpres.com\/portal\/index.php?rest_route=\/wp\/v2\/posts\/4011\/revisions\/4015"}],"wp:attachment":[{"href":"https:\/\/pueblaexpres.com\/portal\/index.php?rest_route=%2Fwp%2Fv2%2Fmedia&parent=4011"}],"wp:term":[{"taxonomy":"category","embeddable":true,"href":"https:\/\/pueblaexpres.com\/portal\/index.php?rest_route=%2Fwp%2Fv2%2Fcategories&post=4011"},{"taxonomy":"post_tag","embeddable":true,"href":"https:\/\/pueblaexpres.com\/portal\/index.php?rest_route=%2Fwp%2Fv2%2Ftags&post=4011"}],"curies":[{"name":"wp","href":"https:\/\/api.w.org\/{rel}","templated":true}]}}