{"id":3940,"date":"2014-12-12T08:00:14","date_gmt":"2014-12-12T14:00:14","guid":{"rendered":"https:\/\/pueblaexpres.com\/portal\/?p=3940"},"modified":"2014-12-12T08:00:14","modified_gmt":"2014-12-12T14:00:14","slug":"nota-de-opinion-rumbo-al-primer-ano-de-morteros-del-cuauhtemoc-parte-2","status":"publish","type":"post","link":"https:\/\/pueblaexpres.com\/portal\/?p=3940","title":{"rendered":"[Nota de Opini\u00f3n] Rumbo al Primer A\u00f1o de Morteros del Cuauht\u00e9moc !! (Parte 2)"},"content":{"rendered":"<div name=\"googleone_share_1\" style=\"position:relative;z-index:5;float: right; margin-left: 10px;\"><g:plusone size=\"tall\" count=\"1\" href=\"https:\/\/pueblaexpres.com\/portal\/?p=3940\"><\/g:plusone><\/div><p><a href=\"https:\/\/pueblaexpres.com\/portal\/wp-content\/uploads\/2014\/12\/Chelis_2daT_2.jpg\"><img loading=\"lazy\" decoding=\"async\" class=\"wp-image-3941 aligncenter\" src=\"https:\/\/pueblaexpres.com\/portal\/wp-content\/uploads\/2014\/12\/Chelis_2daT_2.jpg\" alt=\"Chelis_2daT_2\" width=\"505\" height=\"276\" srcset=\"https:\/\/pueblaexpres.com\/portal\/wp-content\/uploads\/2014\/12\/Chelis_2daT_2.jpg 635w, https:\/\/pueblaexpres.com\/portal\/wp-content\/uploads\/2014\/12\/Chelis_2daT_2-300x163.jpg 300w\" sizes=\"(max-width: 505px) 100vw, 505px\" \/><\/a><\/p>\n<p><strong>(Nota de Opini\u00f3n) F\u00e9nix Azul @fenixazul44<\/strong><br \/>\n<strong> Rumbo al Primer Aniversario de Morteros!! (Parte 2)<\/strong><\/p>\n<p>Cuando terminamos la primera temporada, nos qued\u00f3 mucha experiencia para mejorar en caso de hacer una segunda temporada del programa. Fue muy desgastante la primera etapa porque en esa temporada del Puebla con Romano simplemente nada funcionaba, entre que lo desped\u00edan y lo ratificaban, entre derrotas y juegos ap\u00e1ticos, era dif\u00edcil estar hablando mal del equipo que uno ama, pero esa era la realidad, tan evidente como que a\u00fan de noche el sol sigue brillando.<\/p>\n<p><a title=\"IMG_0021 [Nota de Opini\u00f3n] Rumbo al Primer A\u00f1o de Morteros del Cuauht\u00e9moc (Parte 2) Fotograf\u00eda Lyz Vega \/ Mara Gonz\u00e1lez \/ Manuel Vela para Mv Fotograf\u00eda Profesional \/ Edici\u00f3n y retoque www.pueblaexpres.com by MANUEL VELA, on Flickr\" href=\"https:\/\/www.flickr.com\/photos\/manitas\/15978636306\"><img loading=\"lazy\" decoding=\"async\" class=\"aligncenter\" src=\"https:\/\/farm8.staticflickr.com\/7544\/15978636306_b28bd034c7.jpg\" alt=\"IMG_0021 [Nota de Opini\u00f3n] Rumbo al Primer A\u00f1o de Morteros del Cuauht\u00e9moc (Parte 2) Fotograf\u00eda Lyz Vega \/ Mara Gonz\u00e1lez \/ Manuel Vela para Mv Fotograf\u00eda Profesional \/ Edici\u00f3n y retoque www.pueblaexpres.com\" width=\"500\" height=\"272\" \/><\/a><\/p>\n<p>Para m\u00ed (en lo personal), ya hab\u00eda hecho casi todo lo que deseaba, pero me faltaba mi extra, conocer a Chel\u00eds!! Y el destino fue c\u00f3mplice. Reci\u00e9n desempacado del Mundial Brasil 2014 me contacte con \u00e9l, y lo incre\u00edble, lo que no me esperaba, ACEPTABA VENIR A MORTEROS DEL CUAUHT\u00c9MOC!! Un personaje de tal envergadura que hab\u00eda estado en sets con Jos\u00e9 Ram\u00f3n Fern\u00e1ndez, llegar\u00eda a la humilde morada de Morteros para ser el padrino de la segunda temporada, donde ha sido uno de los programas que m\u00e1s he gozado, m\u00e1s por ese comentario que dijo Chel\u00eds ya al final de esa emisi\u00f3n: \u201c26 semanas sigui\u00e9ndote mano y dec\u00eda bueno porque estos cana\u00edmas no me llevan cabr\u00f3n, y tal semana tenemos a tal y bueno estos weyes que cabr\u00f3n, les tienen prohibido hablar de m\u00ed, y no, no les tienen prohibido, QUE NO TE PROHIBAN NADA, T\u00da HAZ LO QUE TU CREAS, EN ESE MOMENTO VAS A SEGUIR SIENDO T\u00da\u201d. (Y para m\u00ed) F\u00e9nix, es la ESENCIA de hacer las cosas, sobre todo con respeto y responsabilidad.<!--more--><\/p>\n<p><a title=\"IMG_0041 [Nota de Opini\u00f3n] Rumbo al Primer A\u00f1o de Morteros del Cuauht\u00e9moc (Parte 2) Fotograf\u00eda Lyz Vega \/ Mara Gonz\u00e1lez \/ Manuel Vela para Mv Fotograf\u00eda Profesional \/ Edici\u00f3n y retoque www.pueblaexpres.com by MANUEL VELA, on Flickr\" href=\"https:\/\/www.flickr.com\/photos\/manitas\/16003723782\"><img loading=\"lazy\" decoding=\"async\" class=\"aligncenter\" src=\"https:\/\/farm9.staticflickr.com\/8634\/16003723782_d7ca50b968.jpg\" alt=\"IMG_0041 [Nota de Opini\u00f3n] Rumbo al Primer A\u00f1o de Morteros del Cuauht\u00e9moc (Parte 2) Fotograf\u00eda Lyz Vega \/ Mara Gonz\u00e1lez \/ Manuel Vela para Mv Fotograf\u00eda Profesional \/ Edici\u00f3n y retoque www.pueblaexpres.com\" width=\"500\" height=\"277\" \/><\/a><\/p>\n<p>Ya iniciada la temporada del Puebla FC, se vislumbraban mejores resultados con el triunfo en Tijuana frente a Xolos, sin embargo comenzar\u00eda la resbaladilla en los siguientes 5 cotejos con 2 empates y 3 derrotas, lo que dar\u00eda la pauta de la salida de Romano y empezar a buscar un nuevo timonel para La Franja. Nunca he negado ser Chelista, as\u00ed que Morteros junto con m\u00e1s aficionados poblanos nos lanzamos a las redes sociales manifest\u00e1ndonos que quer\u00edamos EL REGRESO DE CHEL\u00cdS, a pesar que ya estaban apalabrados primero Paco Ayestar\u00e1n y El Capit\u00e1n Furia Alfredo Tena, pero no contaban con ello de PELONA QUE ALCANZA GANA!! Una an\u00e9cdota personal que comparto con ustedes aficionados, es que ese lunes un poco antes de grabar El Programa 32 de Morteros, el reconocido periodista nacional Jos\u00e9 C\u00e1rdenas hab\u00eda anunciado que oficialmente Alfredo Tena era el nuevo estratega del Puebla, pero a media y en plena grabaci\u00f3n se nos dio la noticia que Jos\u00e9 Luis S\u00e1nchez Sol\u00e1 era el nuevo DT del Puebla anunciado por Jes\u00fas L\u00f3pez Chargoy, y nosotros con cara de anonadados y sorprendidos, cuando momentos antes era tristeza en lo personal. Para m\u00ed fue el programa m\u00e1s raro que haya hecho y sin embargo fue uno de los con m\u00e1s reproducciones de la segunda temporada.<\/p>\n<p><a title=\"IMG_0061 [Nota de Opini\u00f3n] Rumbo al Primer A\u00f1o de Morteros del Cuauht\u00e9moc (Parte 2) Fotograf\u00eda Lyz Vega \/ Mara Gonz\u00e1lez \/ Manuel Vela para Mv Fotograf\u00eda Profesional \/ Edici\u00f3n y retoque www.pueblaexpres.com by MANUEL VELA, on Flickr\" href=\"https:\/\/www.flickr.com\/photos\/manitas\/16003723812\"><img loading=\"lazy\" decoding=\"async\" class=\"aligncenter\" src=\"https:\/\/farm8.staticflickr.com\/7553\/16003723812_72b1fc5b67.jpg\" alt=\"IMG_0061 [Nota de Opini\u00f3n] Rumbo al Primer A\u00f1o de Morteros del Cuauht\u00e9moc (Parte 2) Fotograf\u00eda Lyz Vega \/ Mara Gonz\u00e1lez \/ Manuel Vela para Mv Fotograf\u00eda Profesional \/ Edici\u00f3n y retoque www.pueblaexpres.com\" width=\"500\" height=\"275\" \/><\/a><\/p>\n<p>Antes de la llegada de Chel\u00eds como DT del Puebla, en Morteros tuvimos la visita de Oscar \u201cEl Kev\u00edn\u201d Rojas, una persona muy carism\u00e1tica y de gran calidad humana; Tambi\u00e9n El Portero Alfredo Frausto quien nos coment\u00f3 sus andanzas por la liga de ascenso y el c\u00f3mo fue el h\u00e9roe del juego de Copa entre Correcaminos y Dorados. Tambi\u00e9n poco tiempo despu\u00e9s, contamos con la presencia por segunda ocasi\u00f3n de Chel\u00eds y de qui\u00e9n viste la botarga oficial Max Camote y Pancho Perico en la persona de Antonio Coca. La visita del juvenil Eduardo P\u00e9rez \u201cEd\u00fa\u201d qui\u00e9n ve\u00eda cada vez m\u00e1s cerca el logro de debutar en primera divisi\u00f3n, hecho que se cristalizo en la \u00faltima jornada 17 frente a Santos al entrar de cambio en el segundo tiempo por Freddie Pajoy. Aficionados invitados como El Profesor en Educaci\u00f3n F\u00edsica Carlos Caballero y El Cantante Trovador Fernando Herrera. Ya al final como aficionadas invitadas a Luc\u00eda Pancoatl y Mar\u00eda Rox quienes protagonizaron las \u00faltimas 2 emisiones, 44 y 45, de Morteros del Cuauht\u00e9moc en su segunda temporada.<\/p>\n<p><a title=\"IMG_0081 [Nota de Opini\u00f3n] Rumbo al Primer A\u00f1o de Morteros del Cuauht\u00e9moc (Parte 2) Fotograf\u00eda Lyz Vega \/ Mara Gonz\u00e1lez \/ Manuel Vela para Mv Fotograf\u00eda Profesional \/ Edici\u00f3n y retoque www.pueblaexpres.com by MANUEL VELA, on Flickr\" href=\"https:\/\/www.flickr.com\/photos\/manitas\/16002455001\"><img loading=\"lazy\" decoding=\"async\" class=\"aligncenter\" src=\"https:\/\/farm8.staticflickr.com\/7537\/16002455001_cd0e00d833.jpg\" alt=\"IMG_0081 [Nota de Opini\u00f3n] Rumbo al Primer A\u00f1o de Morteros del Cuauht\u00e9moc (Parte 2) Fotograf\u00eda Lyz Vega \/ Mara Gonz\u00e1lez \/ Manuel Vela para Mv Fotograf\u00eda Profesional \/ Edici\u00f3n y retoque www.pueblaexpres.com\" width=\"500\" height=\"273\" \/><\/a><\/p>\n<p>Las experiencias cosechadas en esta segunda serie son invaluables a pesar de haber tenido menos invitados jugadores, se consolidaron las razones por las cuales se continu\u00f3 y se sigue haciendo con pasi\u00f3n Morteros del Cuauht\u00e9moc, con la ilusi\u00f3n de integrar a m\u00e1s AFICIONAD@S que desean expresar su punto de vista, ser coherentes con lo que decimos y hacemos. Se puede ser objetivo expres\u00e1ndolo con subjetivismos, pero siendo siempre congruentes con nuestra integridad y no a conveniencia para no ser criticado y se le quiera dar la raz\u00f3n al de junto o la mayor\u00eda que piensa diferente a uno.<\/p>\n<p><a title=\"IMG_0091 [Nota de Opini\u00f3n] Rumbo al Primer A\u00f1o de Morteros del Cuauht\u00e9moc (Parte 2) Fotograf\u00eda Lyz Vega \/ Mara Gonz\u00e1lez \/ Manuel Vela para Mv Fotograf\u00eda Profesional \/ Edici\u00f3n y retoque www.pueblaexpres.com by MANUEL VELA, on Flickr\" href=\"https:\/\/www.flickr.com\/photos\/manitas\/16002454831\"><img loading=\"lazy\" decoding=\"async\" class=\"aligncenter\" src=\"https:\/\/farm9.staticflickr.com\/8626\/16002454831_1166587b61.jpg\" alt=\"IMG_0091 [Nota de Opini\u00f3n] Rumbo al Primer A\u00f1o de Morteros del Cuauht\u00e9moc (Parte 2) Fotograf\u00eda Lyz Vega \/ Mara Gonz\u00e1lez \/ Manuel Vela para Mv Fotograf\u00eda Profesional \/ Edici\u00f3n y retoque www.pueblaexpres.com\" width=\"500\" height=\"272\" \/><\/a><\/p>\n<p><strong>La opini\u00f3n expresada en esta columna es responsabilidad de quien la escribe y no busca generar conflictos entre los involucrados, si no generar conciencia en cada lector.<\/strong><\/p>\n<p>[miniflickr photoset_id=72157649314566550&amp;sortby=date-posted-asc&amp;per_page=10]<\/p>\n","protected":false},"excerpt":{"rendered":"<p>(Nota de Opini\u00f3n) F\u00e9nix Azul @fenixazul44 Rumbo al Primer Aniversario de Morteros!! (Parte 2) Cuando terminamos la primera temporada, nos qued\u00f3 mucha experiencia para mejorar en caso de hacer una segunda temporada del programa. Fue muy desgastante la primera etapa porque en esa temporada del Puebla con Romano simplemente nada funcionaba, entre que lo desped\u00edan [&hellip;]<\/p>\n","protected":false},"author":2,"featured_media":0,"comment_status":"open","ping_status":"open","sticky":false,"template":"","format":"standard","meta":{"footnotes":""},"categories":[8,166,79,36,13,3,1,7],"tags":[],"_links":{"self":[{"href":"https:\/\/pueblaexpres.com\/portal\/index.php?rest_route=\/wp\/v2\/posts\/3940"}],"collection":[{"href":"https:\/\/pueblaexpres.com\/portal\/index.php?rest_route=\/wp\/v2\/posts"}],"about":[{"href":"https:\/\/pueblaexpres.com\/portal\/index.php?rest_route=\/wp\/v2\/types\/post"}],"author":[{"embeddable":true,"href":"https:\/\/pueblaexpres.com\/portal\/index.php?rest_route=\/wp\/v2\/users\/2"}],"replies":[{"embeddable":true,"href":"https:\/\/pueblaexpres.com\/portal\/index.php?rest_route=%2Fwp%2Fv2%2Fcomments&post=3940"}],"version-history":[{"count":1,"href":"https:\/\/pueblaexpres.com\/portal\/index.php?rest_route=\/wp\/v2\/posts\/3940\/revisions"}],"predecessor-version":[{"id":3942,"href":"https:\/\/pueblaexpres.com\/portal\/index.php?rest_route=\/wp\/v2\/posts\/3940\/revisions\/3942"}],"wp:attachment":[{"href":"https:\/\/pueblaexpres.com\/portal\/index.php?rest_route=%2Fwp%2Fv2%2Fmedia&parent=3940"}],"wp:term":[{"taxonomy":"category","embeddable":true,"href":"https:\/\/pueblaexpres.com\/portal\/index.php?rest_route=%2Fwp%2Fv2%2Fcategories&post=3940"},{"taxonomy":"post_tag","embeddable":true,"href":"https:\/\/pueblaexpres.com\/portal\/index.php?rest_route=%2Fwp%2Fv2%2Ftags&post=3940"}],"curies":[{"name":"wp","href":"https:\/\/api.w.org\/{rel}","templated":true}]}}