{"id":3928,"date":"2014-12-10T08:31:54","date_gmt":"2014-12-10T14:31:54","guid":{"rendered":"https:\/\/pueblaexpres.com\/portal\/?p=3928"},"modified":"2014-12-10T08:31:54","modified_gmt":"2014-12-10T14:31:54","slug":"nota-de-opinion-por-la-salvacion-puebla-fc-liga-bancomer-mx","status":"publish","type":"post","link":"https:\/\/pueblaexpres.com\/portal\/?p=3928","title":{"rendered":"[Nota de Opini\u00f3n] POR LA SALVACI\u00d3N: Puebla FC Liga Bancomer MX"},"content":{"rendered":"<div name=\"googleone_share_1\" style=\"position:relative;z-index:5;float: right; margin-left: 10px;\"><g:plusone size=\"tall\" count=\"1\" href=\"https:\/\/pueblaexpres.com\/portal\/?p=3928\"><\/g:plusone><\/div><p><a href=\"https:\/\/pueblaexpres.com\/portal\/wp-content\/uploads\/2014\/12\/MVF_2787.jpg\"><img loading=\"lazy\" decoding=\"async\" class=\"wp-image-3929 aligncenter\" src=\"https:\/\/pueblaexpres.com\/portal\/wp-content\/uploads\/2014\/12\/MVF_2787.jpg\" alt=\"MVF_2787\" width=\"486\" height=\"325\" srcset=\"https:\/\/pueblaexpres.com\/portal\/wp-content\/uploads\/2014\/12\/MVF_2787.jpg 800w, https:\/\/pueblaexpres.com\/portal\/wp-content\/uploads\/2014\/12\/MVF_2787-300x200.jpg 300w\" sizes=\"(max-width: 486px) 100vw, 486px\" \/><\/a><\/p>\n<p><strong>(Nota de Opini\u00f3n) Raymundo Valencia @RayValenciaT<\/strong><\/p>\n<p><strong>POR LA SALVACI\u00d3N<\/strong><\/p>\n<p>Sorpresa fue la que nos llevamos la afici\u00f3n camotera al enterarnos que Jos\u00e9 Luis S\u00e1nchez Sola hab\u00eda sido cesado de la direcci\u00f3n t\u00e9cnica del puebla de la franja y m\u00e1s cuando un par de d\u00edas antes el presidente del equipo Jes\u00fas L\u00f3pez Chargoy lo ratificara en una entrevista que brindo a un canal local, mucho se ha hablado de los motivos por los cuales se decidi\u00f3 rechazar el proyecto de Chelis, lo \u00fanico cierto es que se perdieron d\u00edas de trabajo claves y espero que no afecten en cuanto a la formaci\u00f3n y preparaci\u00f3n del equipo de cara al torneo Clausura 2012, en donde la franja se juega su permanencia en el m\u00e1ximo circuito del futbol mexicano.<\/p>\n<p><a title=\"IMG_0001 [Nota de Opini\u00f3n] POR LA SALVACI\u00d3N: Puebla FC Liga Bancomer MX Fotograf\u00eda Lyz Vega \/ Mara Gonz\u00e1lez \/ Manuel Vela para Mv Fotograf\u00eda Profesional \/ Edici\u00f3n y retoque www.pueblaexpres.com by MANUEL VELA, on Flickr\" href=\"https:\/\/www.flickr.com\/photos\/manitas\/15803239198\"><img loading=\"lazy\" decoding=\"async\" class=\"aligncenter\" src=\"https:\/\/farm9.staticflickr.com\/8610\/15803239198_bd05e2aca0.jpg\" alt=\"IMG_0001 [Nota de Opini\u00f3n] POR LA SALVACI\u00d3N: Puebla FC Liga Bancomer MX Fotograf\u00eda Lyz Vega \/ Mara Gonz\u00e1lez \/ Manuel Vela para Mv Fotograf\u00eda Profesional \/ Edici\u00f3n y retoque www.pueblaexpres.com\" width=\"500\" height=\"412\" \/><\/a><\/p>\n<p>Si Chelis ya hab\u00eda entregado una lista de jugadores al terminar el partido en contra de Santos Laguna y si a la directiva no le agradaron los jugadores solicitados por Chelis, \u00bfpor qu\u00e9 esperar semana y media para tomar la decisi\u00f3n? Despu\u00e9s entre el cese de Chelis y la b\u00fasqueda del nuevo t\u00e9cnico se volvieron a perder d\u00edas en donde otros equipos involucrados en el tema porcentual presentaron a nuevas incorporaciones, tal es el caso de Veracruz que firmo a H\u00e9ctor Mancilla.<\/p>\n<p>Finalmente entre una amplia baraja de opciones de t\u00e9cnicos en la que se rumoraba hasta el regreso de Chelis, se decidi\u00f3 que Jos\u00e9 Guadalupe \u201cEl Profe&#8221; Cruz tomara la direcci\u00f3n t\u00e9cnica del equipo camotero. Un t\u00e9cnico con grandes momentos en el futbol mexicano, llevando a un Atlante al campeonato y calificando con sus equipos a torneos internacionales, Copa de campeones de Concacaf con Atlante, Mundial de Clubs con Atlante, Copa Libertadores con Jaguares entre otras.<!--more--><\/p>\n<p><a title=\"DSC_0447 [Nota de Opini\u00f3n] POR LA SALVACI\u00d3N: Puebla FC Liga Bancomer MX Fotograf\u00eda Lyz Vega \/ Mara Gonz\u00e1lez \/ Manuel Vela para Mv Fotograf\u00eda Profesional \/ Edici\u00f3n y retoque www.pueblaexpres.com by MANUEL VELA, on Flickr\" href=\"https:\/\/www.flickr.com\/photos\/manitas\/15988640201\"><img loading=\"lazy\" decoding=\"async\" class=\"aligncenter\" src=\"https:\/\/farm8.staticflickr.com\/7538\/15988640201_a765c56475.jpg\" alt=\"DSC_0447 [Nota de Opini\u00f3n] POR LA SALVACI\u00d3N: Puebla FC Liga Bancomer MX Fotograf\u00eda Lyz Vega \/ Mara Gonz\u00e1lez \/ Manuel Vela para Mv Fotograf\u00eda Profesional \/ Edici\u00f3n y retoque www.pueblaexpres.com\" width=\"500\" height=\"334\" \/><\/a><\/p>\n<p>Si bien cuenta con un amplia trayectoria, tambi\u00e9n hay que hacer menci\u00f3n que cruza por su peor crisis profesional ya que ha fracasado en sus dos m\u00e1s recientes equipos, en Monterrey que paso de noche y en Monarcas que no pudo sacar al equipo del \u00faltimo lugar de la tabla general.<\/p>\n<p>Sin embargo esta puede ser la gran oportunidad para El Profe de demostrar su capacidad en la direcci\u00f3n t\u00e9cnica, pero el reto no es nada f\u00e1cil. Primero debe de revisar con que cuenta y despu\u00e9s ver que es lo que necesita para reforzar verdaderamente este plantel.<br \/>\nMucho se ha mencionado de las posiciones que busca la DIRECTIVA para reforzar al club, un portero, un defensa central, un medio creativo y dos delanteros que la aporten lo que le falt\u00f3 a la franja el torneo pasado, el GOL. Si bien esas son las posiciones que se buscan dadas las necesidades obvias del equipo, tambi\u00e9n hay que esperar que sea lo que necesita el t\u00e9cnico, un lateral, un medio de recuperaci\u00f3n, entre otras posiciones que el t\u00e9cnico crea necesita para que el equipo logre desarrollar el estilo de juego que busca el Profe.<\/p>\n<p><a title=\"DSC_0149 [Nota de Opini\u00f3n] POR LA SALVACI\u00d3N: Puebla FC Liga Bancomer MX Fotograf\u00eda Lyz Vega \/ Mara Gonz\u00e1lez \/ Manuel Vela para Mv Fotograf\u00eda Profesional \/ Edici\u00f3n y retoque www.pueblaexpres.com by MANUEL VELA, on Flickr\" href=\"https:\/\/www.flickr.com\/photos\/manitas\/15368375654\"><img loading=\"lazy\" decoding=\"async\" class=\"aligncenter\" src=\"https:\/\/farm8.staticflickr.com\/7500\/15368375654_d40455dab5.jpg\" alt=\"DSC_0149 [Nota de Opini\u00f3n] POR LA SALVACI\u00d3N: Puebla FC Liga Bancomer MX Fotograf\u00eda Lyz Vega \/ Mara Gonz\u00e1lez \/ Manuel Vela para Mv Fotograf\u00eda Profesional \/ Edici\u00f3n y retoque www.pueblaexpres.com\" width=\"400\" height=\"500\" \/><\/a><\/p>\n<p>Se tendr\u00e1n que seleccionar sin margen de error los refuerzos que lleguen a la escuadra camotera este torneo, ya que de cometer error como el traer un Marlon o un Cacho al equipo incrementa las posibilidades de no lograr el objetivo principal. Esta plantilla no tiene que ser como platillas anteriores, donde solo ocho o nueve jugadores sean de gran nivel y no se tengan cambios revulsivos para concretar el equipo. Este torneo se tiene que tener catorce jugadores titulares y redondear con jugadores que aporten y concreten la idea del equipo.<\/p>\n<p><a title=\"MVF_2737 [Nota de Opini\u00f3n] POR LA SALVACI\u00d3N: Puebla FC Liga Bancomer MX Fotograf\u00eda Lyz Vega \/ Mara Gonz\u00e1lez \/ Manuel Vela para Mv Fotograf\u00eda Profesional \/ Edici\u00f3n y retoque www.pueblaexpres.com by MANUEL VELA, on Flickr\" href=\"https:\/\/www.flickr.com\/photos\/manitas\/15964850656\"><img loading=\"lazy\" decoding=\"async\" class=\"aligncenter\" src=\"https:\/\/farm9.staticflickr.com\/8592\/15964850656_43f951d250.jpg\" alt=\"MVF_2737 [Nota de Opini\u00f3n] POR LA SALVACI\u00d3N: Puebla FC Liga Bancomer MX Fotograf\u00eda Lyz Vega \/ Mara Gonz\u00e1lez \/ Manuel Vela para Mv Fotograf\u00eda Profesional \/ Edici\u00f3n y retoque www.pueblaexpres.com\" width=\"331\" height=\"500\" \/><\/a><\/p>\n<p>Sin duda esta semana ser\u00e1 clave para la formaci\u00f3n del equipo y se espera poder contar con la mayor\u00eda de los refuerzos antes de partir a la pretemporada que se realizara en el Puerto de Acapulco que empezara el domingo 14 de Diciembre<\/p>\n<p>Esperemos que la decisi\u00f3n no haya sido err\u00f3nea y se logre la permanencia del equipo por m\u00e9ritos propios sin depender de lo que dejen o no dejen de hacer los dem\u00e1s equipos con problemas porcentuales. \u00a1\u00a1\u00a1\u00a1Suerte Profe Cruz!!!! \u00a1\u00a1\u00a1\u00a1Suerte Puebla!!!!<\/p>\n<p><a title=\"DSC_0813 (2) [Nota de Opini\u00f3n] POR LA SALVACI\u00d3N: Puebla FC Liga Bancomer MX Fotograf\u00eda Lyz Vega \/ Mara Gonz\u00e1lez \/ Manuel Vela para Mv Fotograf\u00eda Profesional \/ Edici\u00f3n y retoque www.pueblaexpres.com by MANUEL VELA, on Flickr\" href=\"https:\/\/www.flickr.com\/photos\/manitas\/15803353200\"><img loading=\"lazy\" decoding=\"async\" class=\"aligncenter\" src=\"https:\/\/farm8.staticflickr.com\/7468\/15803353200_45ef172f14.jpg\" alt=\"DSC_0813 (2) [Nota de Opini\u00f3n] POR LA SALVACI\u00d3N: Puebla FC Liga Bancomer MX Fotograf\u00eda Lyz Vega \/ Mara Gonz\u00e1lez \/ Manuel Vela para Mv Fotograf\u00eda Profesional \/ Edici\u00f3n y retoque www.pueblaexpres.com\" width=\"500\" height=\"203\" \/><\/a><\/p>\n<p><strong>La opini\u00f3n expresada en esta columna es responsabilidad de quien la escribe y no busca generar conflictos entre los involucrados, si no generar conciencia en cada lector.<\/strong><\/p>\n<p>[miniflickr photoset_id=72157649685829392&amp;sortby=date-posted-asc&amp;per_page=6]<\/p>\n","protected":false},"excerpt":{"rendered":"<p>(Nota de Opini\u00f3n) Raymundo Valencia @RayValenciaT POR LA SALVACI\u00d3N Sorpresa fue la que nos llevamos la afici\u00f3n camotera al enterarnos que Jos\u00e9 Luis S\u00e1nchez Sola hab\u00eda sido cesado de la direcci\u00f3n t\u00e9cnica del puebla de la franja y m\u00e1s cuando un par de d\u00edas antes el presidente del equipo Jes\u00fas L\u00f3pez Chargoy lo ratificara en [&hellip;]<\/p>\n","protected":false},"author":2,"featured_media":0,"comment_status":"open","ping_status":"open","sticky":false,"template":"","format":"standard","meta":{"footnotes":""},"categories":[8,166,79,13,3,1,7],"tags":[],"_links":{"self":[{"href":"https:\/\/pueblaexpres.com\/portal\/index.php?rest_route=\/wp\/v2\/posts\/3928"}],"collection":[{"href":"https:\/\/pueblaexpres.com\/portal\/index.php?rest_route=\/wp\/v2\/posts"}],"about":[{"href":"https:\/\/pueblaexpres.com\/portal\/index.php?rest_route=\/wp\/v2\/types\/post"}],"author":[{"embeddable":true,"href":"https:\/\/pueblaexpres.com\/portal\/index.php?rest_route=\/wp\/v2\/users\/2"}],"replies":[{"embeddable":true,"href":"https:\/\/pueblaexpres.com\/portal\/index.php?rest_route=%2Fwp%2Fv2%2Fcomments&post=3928"}],"version-history":[{"count":1,"href":"https:\/\/pueblaexpres.com\/portal\/index.php?rest_route=\/wp\/v2\/posts\/3928\/revisions"}],"predecessor-version":[{"id":3930,"href":"https:\/\/pueblaexpres.com\/portal\/index.php?rest_route=\/wp\/v2\/posts\/3928\/revisions\/3930"}],"wp:attachment":[{"href":"https:\/\/pueblaexpres.com\/portal\/index.php?rest_route=%2Fwp%2Fv2%2Fmedia&parent=3928"}],"wp:term":[{"taxonomy":"category","embeddable":true,"href":"https:\/\/pueblaexpres.com\/portal\/index.php?rest_route=%2Fwp%2Fv2%2Fcategories&post=3928"},{"taxonomy":"post_tag","embeddable":true,"href":"https:\/\/pueblaexpres.com\/portal\/index.php?rest_route=%2Fwp%2Fv2%2Ftags&post=3928"}],"curies":[{"name":"wp","href":"https:\/\/api.w.org\/{rel}","templated":true}]}}