{"id":3922,"date":"2014-12-06T13:48:27","date_gmt":"2014-12-06T19:48:27","guid":{"rendered":"https:\/\/pueblaexpres.com\/portal\/?p=3922"},"modified":"2014-12-06T13:48:27","modified_gmt":"2014-12-06T19:48:27","slug":"nota-de-opinion-rumbo-al-primer-ano-de-morteros-del-cuauhtemoc","status":"publish","type":"post","link":"https:\/\/pueblaexpres.com\/portal\/?p=3922","title":{"rendered":"[Nota de Opini\u00f3n] Rumbo al Primer A\u00f1o de Morteros del Cuauht\u00e9moc !!"},"content":{"rendered":"<div name=\"googleone_share_1\" style=\"position:relative;z-index:5;float: right; margin-left: 10px;\"><g:plusone size=\"tall\" count=\"1\" href=\"https:\/\/pueblaexpres.com\/portal\/?p=3922\"><\/g:plusone><\/div><p><a href=\"https:\/\/pueblaexpres.com\/portal\/wp-content\/uploads\/2014\/12\/PRay.jpg\"><img loading=\"lazy\" decoding=\"async\" class=\"wp-image-3923 aligncenter\" src=\"https:\/\/pueblaexpres.com\/portal\/wp-content\/uploads\/2014\/12\/PRay.jpg\" alt=\"PRay\" width=\"465\" height=\"256\" srcset=\"https:\/\/pueblaexpres.com\/portal\/wp-content\/uploads\/2014\/12\/PRay.jpg 634w, https:\/\/pueblaexpres.com\/portal\/wp-content\/uploads\/2014\/12\/PRay-300x165.jpg 300w\" sizes=\"(max-width: 465px) 100vw, 465px\" \/><\/a><\/p>\n<p><strong>(Nota de Opini\u00f3n) F\u00e9nix Azul @fenixazul44<\/strong><br \/>\n<strong> Rumbo al Primer A\u00f1o de Morteros!!<\/strong><\/p>\n<p>La idea de hacer un programa que hablara exclusivamente del Puebla FC en tono de aficionados para aficionados, rondaba en mi cabeza desde hace 2 a\u00f1os, donde no se tuviese qui\u00e9n nos marcase un guion a favor o en contra de alguien. Hab\u00eda antes que crear un poco de opini\u00f3n editorial para ver si se consensaba el gusto de la afici\u00f3n con lo que uno opinaba o criticaba de manera responsable y respetuosa. A\u00fan no olvido mi primera nota de opini\u00f3n que me dio oportunidad Puebla Expres de publicarla el 27 de Noviembre del 2013 en su portal titulada \u201cSe es o no aficionado verdadero\u201d<strong> https:\/\/pueblaexpres.com\/portal\/?p=3046<\/strong> donde sinceramente esperaba unas 20 o 30 visitas a lo mucho, pero <strong>GRACIAS A USTEDES<\/strong> <strong>AFICIONADOS<\/strong> fue mucho mayor el resultado que la expectativa.<\/p>\n<p><a title=\"IMG_0031 [Nota de Opini\u00f3n] Rumbo al Primer A\u00f1o de Morteros del Cuauht\u00e9moc Fotograf\u00eda Lyz Vega \/ Mara Gonz\u00e1lez \/ Manuel Vela para Mv Fotograf\u00eda Profesional \/ Edici\u00f3n y retoque www.pueblaexpres.com by MANUEL VELA, on Flickr\" href=\"https:\/\/www.flickr.com\/photos\/manitas\/15338885284\"><img loading=\"lazy\" decoding=\"async\" class=\"aligncenter\" src=\"https:\/\/farm8.staticflickr.com\/7510\/15338885284_7c7dcca847.jpg\" alt=\"IMG_0031 [Nota de Opini\u00f3n] Rumbo al Primer A\u00f1o de Morteros del Cuauht\u00e9moc Fotograf\u00eda Lyz Vega \/ Mara Gonz\u00e1lez \/ Manuel Vela para Mv Fotograf\u00eda Profesional \/ Edici\u00f3n y retoque www.pueblaexpres.com\" width=\"500\" height=\"268\" \/><\/a><\/p>\n<p>El nombre de <strong>MORTEROS DEL CUAUHT\u00c9MOC<\/strong> naci\u00f3 a lado del Coloso de Maravillas en un bar, buscando la relaci\u00f3n de un t\u00e9cnico o jugador emblem\u00e1tico con alg\u00fan lugar tradicional o t\u00edpico de la ciudad, pero que al mismo tiempo tuviese contexto a lo hist\u00f3rico. De ah\u00ed el fundamento del nombre, ya que en la Heroica Batalla del 5 de Mayo de 1862 en Puebla se utilizaron varios Morteros, entre ellos el que encabeza nuestro escudo-logo del programa y que esta exhibido p\u00fablicamente al aire libre en El Fuerte de Guadalupe, adem\u00e1s de hacer referencia al mote de \u201cMortero\u201d Aravena o \u201cMortero\u201d Castillo del morenazo \u201cSegundo Castillo\u201d.<!--more--><\/p>\n<p><a title=\"IMG_0021 [Nota de Opini\u00f3n] Rumbo al Primer A\u00f1o de Morteros del Cuauht\u00e9moc Fotograf\u00eda Lyz Vega \/ Mara Gonz\u00e1lez \/ Manuel Vela para Mv Fotograf\u00eda Profesional \/ Edici\u00f3n y retoque www.pueblaexpres.com by MANUEL VELA, on Flickr\" href=\"https:\/\/www.flickr.com\/photos\/manitas\/15341536913\"><img loading=\"lazy\" decoding=\"async\" class=\"aligncenter\" src=\"https:\/\/farm8.staticflickr.com\/7499\/15341536913_16c4c5a7e4.jpg\" alt=\"IMG_0021 [Nota de Opini\u00f3n] Rumbo al Primer A\u00f1o de Morteros del Cuauht\u00e9moc Fotograf\u00eda Lyz Vega \/ Mara Gonz\u00e1lez \/ Manuel Vela para Mv Fotograf\u00eda Profesional \/ Edici\u00f3n y retoque www.pueblaexpres.com\" width=\"500\" height=\"271\" \/><\/a><\/p>\n<p>Todos podemos tener ideales y proyectos bien pensados. Una de las principales visiones que se tiene en Morteros, fue y ha sido el no obtener beneficio econ\u00f3mico personal, porque el hecho de crear y comenzar algo que te agrada, debe llenar la principal misi\u00f3n de vivir, en dejar tu esencia de <strong>SER Y HACER<\/strong>. Sin embargo, es imprescindible lo monetario para arrancar y mantener este tipo de planes, as\u00ed que iniciamos con nuestros propios recursos, muchas ganas y sin patrocinador en el primer programa transmitido el <strong>19 de diciembre del 2013<\/strong>.<\/p>\n<p><a title=\"IMG_0061 [Nota de Opini\u00f3n] Rumbo al Primer A\u00f1o de Morteros del Cuauht\u00e9moc Fotograf\u00eda Lyz Vega \/ Mara Gonz\u00e1lez \/ Manuel Vela para Mv Fotograf\u00eda Profesional \/ Edici\u00f3n y retoque www.pueblaexpres.com by MANUEL VELA, on Flickr\" href=\"https:\/\/www.flickr.com\/photos\/manitas\/15959190811\"><img loading=\"lazy\" decoding=\"async\" class=\"aligncenter\" src=\"https:\/\/farm9.staticflickr.com\/8626\/15959190811_79d8883df1.jpg\" alt=\"IMG_0061 [Nota de Opini\u00f3n] Rumbo al Primer A\u00f1o de Morteros del Cuauht\u00e9moc Fotograf\u00eda Lyz Vega \/ Mara Gonz\u00e1lez \/ Manuel Vela para Mv Fotograf\u00eda Profesional \/ Edici\u00f3n y retoque www.pueblaexpres.com\" width=\"500\" height=\"276\" \/><\/a><\/p>\n<p>El hecho de hablar del Puebla en un bar, caf\u00e9 o red social es muy diferente hacerlo frente a un micr\u00f3fono, porque conlleva la responsabilidad de sostener despu\u00e9s los comentarios que uno hace; Que me impulso en lo personal a hacerlo?? El expresar de viva voz los sentimientos y reacciones que generan en m\u00ed El Puebla de La Franja; El que pudiera decir con libre pensamiento lo que opino del director t\u00e9cnico y jugadores enfranjados; Y si se pudiera dar, el conocer y entrevistar como aficionado a jugadores y ex-jugadores, t\u00e9cnicos y ex-t\u00e9cnicos, as\u00ed como estar acompa\u00f1ado de aficionados al Puebla, comunicadores y hasta la botarga oficial del Puebla!!<\/p>\n<p><a title=\"IMG_0001 [Nota de Opini\u00f3n] Rumbo al Primer A\u00f1o de Morteros del Cuauht\u00e9moc Fotograf\u00eda Lyz Vega \/ Mara Gonz\u00e1lez \/ Manuel Vela para Mv Fotograf\u00eda Profesional \/ Edici\u00f3n y retoque www.pueblaexpres.com by MANUEL VELA, on Flickr\" href=\"https:\/\/www.flickr.com\/photos\/manitas\/15960506262\"><img loading=\"lazy\" decoding=\"async\" class=\"aligncenter\" src=\"https:\/\/farm8.staticflickr.com\/7465\/15960506262_c22388639d.jpg\" alt=\"IMG_0001 [Nota de Opini\u00f3n] Rumbo al Primer A\u00f1o de Morteros del Cuauht\u00e9moc Fotograf\u00eda Lyz Vega \/ Mara Gonz\u00e1lez \/ Manuel Vela para Mv Fotograf\u00eda Profesional \/ Edici\u00f3n y retoque www.pueblaexpres.com\" width=\"500\" height=\"272\" \/><\/a><\/p>\n<p>Gracias al programa en su primera temporada, tuve el gusto y placer de conocer el lado humano y profesional de grandes personalidades como <strong>El Capit\u00e1n Luis Miguel Noriega, al comunicador Gustavo Mir\u00f3n, escuchar por primera vez la voz de Max Camote, al Administrador Twittero de \u201cDeporte Hoy\u201d Juan Camaney, a La Leyenda El Profesor Carlos \u201cB\u00fafalo\u201d Poblete y su hija Aranza Poblete, a Eduardo Arce, a una Instituci\u00f3n en Puebla FC como lo es Don Rogelio Cruz Flores \u201cEl More\u201d y su hijo Germ\u00e1n Cruz, a Nico Ruvalcaba. A los juveniles de La Franja 20 como Carlos Torres, Alfredo Jura\u00eddini, Eduardo \u201cEd\u00fa\u201d P\u00e9rez, Jonathan Lev\u00edn, Iv\u00e1n \u201cLa Ara\u00f1a\u201d Rodr\u00edguez, Emilio Yam\u00edn, Julio Jim\u00e9nez y Rafa \u201cEl Coco\u201d Ortiz. As\u00ed como peques enfranjados de La Sub 13 de Puebla<\/strong> que en 2013 participaron en un torneo internacional en Suecia representando a SKF de M\u00e9xico.<\/p>\n<p><a title=\"IMG_0041 [Nota de Opini\u00f3n] Rumbo al Primer A\u00f1o de Morteros del Cuauht\u00e9moc Fotograf\u00eda Lyz Vega \/ Mara Gonz\u00e1lez \/ Manuel Vela para Mv Fotograf\u00eda Profesional \/ Edici\u00f3n y retoque www.pueblaexpres.com by MANUEL VELA, on Flickr\" href=\"https:\/\/www.flickr.com\/photos\/manitas\/15960506442\"><img loading=\"lazy\" decoding=\"async\" class=\"aligncenter\" src=\"https:\/\/farm8.staticflickr.com\/7489\/15960506442_086273907b.jpg\" alt=\"IMG_0041 [Nota de Opini\u00f3n] Rumbo al Primer A\u00f1o de Morteros del Cuauht\u00e9moc Fotograf\u00eda Lyz Vega \/ Mara Gonz\u00e1lez \/ Manuel Vela para Mv Fotograf\u00eda Profesional \/ Edici\u00f3n y retoque www.pueblaexpres.com\" width=\"500\" height=\"276\" \/><\/a><\/p>\n<p>Muchos, pero muchos momentos grandiosos viv\u00ed en esa primera temporada de Morteros como el estar de cerca en la liguilla de La Sub 20, otras no muy gratas como comentar los desaciertos que se generaba con la propuesta defensiva de juego del Profesor Romano, o rabietas que hac\u00eda por Brayan Mart\u00ednez con sus noches m\u00e1gicas de Copa, o la actitud personalista, (en mi opini\u00f3n personal), de Mat\u00edas Alustiza en no pasar el bal\u00f3n. \u00bfDe qu\u00e9 me qued\u00e9 ganas de hacer en esa primera temporada de Morteros? De entrevistar a Villalpando y a Pato S\u00e1nchez, pero principalmente de conocer a mi \u00eddolo Jos\u00e9 Luis S\u00e1nchez Sol\u00e1 \u201cEl Chel\u00eds\u201d.<\/p>\n<p><a title=\"IMG_0051 [Nota de Opini\u00f3n] Rumbo al Primer A\u00f1o de Morteros del Cuauht\u00e9moc Fotograf\u00eda Lyz Vega \/ Mara Gonz\u00e1lez \/ Manuel Vela para Mv Fotograf\u00eda Profesional \/ Edici\u00f3n y retoque www.pueblaexpres.com by MANUEL VELA, on Flickr\" href=\"https:\/\/www.flickr.com\/photos\/manitas\/15341537053\"><img loading=\"lazy\" decoding=\"async\" class=\"aligncenter\" src=\"https:\/\/farm9.staticflickr.com\/8611\/15341537053_78119efe50.jpg\" alt=\"IMG_0051 [Nota de Opini\u00f3n] Rumbo al Primer A\u00f1o de Morteros del Cuauht\u00e9moc Fotograf\u00eda Lyz Vega \/ Mara Gonz\u00e1lez \/ Manuel Vela para Mv Fotograf\u00eda Profesional \/ Edici\u00f3n y retoque www.pueblaexpres.com\" width=\"500\" height=\"274\" \/><\/a><\/p>\n<p>Ser parte de Morteros del Cuauht\u00e9moc con lleva tener Compromiso Leal tanto a mis compa\u00f1eros de panel como de set porque soy parte de un grupo y equipo; Disciplina para entregar en tiempo y forma tanto notas de opini\u00f3n, previas y cr\u00f3nicas de partidos. Puntualidad en juntas, compromisos fuera del set y para la grabaci\u00f3n del programa. Y lo m\u00e1s importante, tener PASI\u00d3N por lo que uno hace con gusto, as\u00ed no se vuelve una rutina que se pueda convertir en OBLIGACI\u00d3N. Me apasiona lo que hago, el d\u00eda que ya no lo disfrute y que no pueda expresar con respeto mi libre opini\u00f3n, en ese momento dejare el programa.<\/p>\n<p><strong>La opini\u00f3n expresada en esta columna es responsabilidad de quien la escribe y no busca generar conflictos entre los involucrados, si no generar conciencia en cada lector.<\/strong><\/p>\n<p>[miniflickr photoset_id=72157647310093203&amp;sortby=date-posted-asc&amp;per_page=7]<\/p>\n","protected":false},"excerpt":{"rendered":"<p>(Nota de Opini\u00f3n) F\u00e9nix Azul @fenixazul44 Rumbo al Primer A\u00f1o de Morteros!! La idea de hacer un programa que hablara exclusivamente del Puebla FC en tono de aficionados para aficionados, rondaba en mi cabeza desde hace 2 a\u00f1os, donde no se tuviese qui\u00e9n nos marcase un guion a favor o en contra de alguien. Hab\u00eda [&hellip;]<\/p>\n","protected":false},"author":2,"featured_media":0,"comment_status":"open","ping_status":"open","sticky":false,"template":"","format":"standard","meta":{"footnotes":""},"categories":[8,166,79,36,1,7],"tags":[],"_links":{"self":[{"href":"https:\/\/pueblaexpres.com\/portal\/index.php?rest_route=\/wp\/v2\/posts\/3922"}],"collection":[{"href":"https:\/\/pueblaexpres.com\/portal\/index.php?rest_route=\/wp\/v2\/posts"}],"about":[{"href":"https:\/\/pueblaexpres.com\/portal\/index.php?rest_route=\/wp\/v2\/types\/post"}],"author":[{"embeddable":true,"href":"https:\/\/pueblaexpres.com\/portal\/index.php?rest_route=\/wp\/v2\/users\/2"}],"replies":[{"embeddable":true,"href":"https:\/\/pueblaexpres.com\/portal\/index.php?rest_route=%2Fwp%2Fv2%2Fcomments&post=3922"}],"version-history":[{"count":1,"href":"https:\/\/pueblaexpres.com\/portal\/index.php?rest_route=\/wp\/v2\/posts\/3922\/revisions"}],"predecessor-version":[{"id":3924,"href":"https:\/\/pueblaexpres.com\/portal\/index.php?rest_route=\/wp\/v2\/posts\/3922\/revisions\/3924"}],"wp:attachment":[{"href":"https:\/\/pueblaexpres.com\/portal\/index.php?rest_route=%2Fwp%2Fv2%2Fmedia&parent=3922"}],"wp:term":[{"taxonomy":"category","embeddable":true,"href":"https:\/\/pueblaexpres.com\/portal\/index.php?rest_route=%2Fwp%2Fv2%2Fcategories&post=3922"},{"taxonomy":"post_tag","embeddable":true,"href":"https:\/\/pueblaexpres.com\/portal\/index.php?rest_route=%2Fwp%2Fv2%2Ftags&post=3922"}],"curies":[{"name":"wp","href":"https:\/\/api.w.org\/{rel}","templated":true}]}}