{"id":3889,"date":"2014-11-20T17:34:45","date_gmt":"2014-11-20T23:34:45","guid":{"rendered":"https:\/\/pueblaexpres.com\/portal\/?p=3889"},"modified":"2014-11-20T17:34:45","modified_gmt":"2014-11-20T23:34:45","slug":"entrenamiento-hay-que-dar-el-extra-chelis-puebla-fc-previo-a-la-j17-ta2014","status":"publish","type":"post","link":"https:\/\/pueblaexpres.com\/portal\/?p=3889","title":{"rendered":"[Entrenamiento] HAY QUE DAR EL EXTRA: Chelis | Puebla FC previo a la J17 TA2014"},"content":{"rendered":"<div name=\"googleone_share_1\" style=\"position:relative;z-index:5;float: right; margin-left: 10px;\"><g:plusone size=\"tall\" count=\"1\" href=\"https:\/\/pueblaexpres.com\/portal\/?p=3889\"><\/g:plusone><\/div><p><a href=\"https:\/\/pueblaexpres.com\/portal\/wp-content\/uploads\/2014\/11\/DSC_0374.jpg\"><img loading=\"lazy\" decoding=\"async\" class=\"wp-image-3890 aligncenter\" src=\"https:\/\/pueblaexpres.com\/portal\/wp-content\/uploads\/2014\/11\/DSC_0374.jpg\" alt=\"DSC_0374\" width=\"496\" height=\"331\" srcset=\"https:\/\/pueblaexpres.com\/portal\/wp-content\/uploads\/2014\/11\/DSC_0374.jpg 800w, https:\/\/pueblaexpres.com\/portal\/wp-content\/uploads\/2014\/11\/DSC_0374-300x200.jpg 300w\" sizes=\"(max-width: 496px) 100vw, 496px\" \/><\/a><\/p>\n<p>El director t\u00e9cnico del Puebla FC, Jos\u00e9 Luis S\u00e1nchez Sol\u00e1, afirm\u00f3 que la Franja se juega una gran parte de su futuro este pr\u00f3ximo s\u00e1bado, por ello, se debe dar un extra que permita comenzar con mejor perspectiva el siguiente torneo.<\/p>\n<p>\u201cNos jugamos m\u00e1s que ellos, porque lo nuestro es sobrevivencia y lo de ellos es gloria deportiva, esto es de dar el extra y los descensos se ganan con el extra y estoy convencido de que este grupo lo va a sacar adelante\u201d<\/p>\n<p><a title=\"DSC_0303 [Entrenamiento] HAY QUE DAR EL EXTRA: Chelis | Puebla FC previo a la J17 TA2014 Fotograf\u00eda Lyz Vega \/ Mara Gonz\u00e1lez \/ Manuel Vela para Mv Fotograf\u00eda Profesional \/ Edici\u00f3n y retoque www.pueblaexpres.com by MANUEL VELA, on Flickr\" href=\"https:\/\/www.flickr.com\/photos\/manitas\/15651524948\"><img loading=\"lazy\" decoding=\"async\" class=\"aligncenter\" src=\"https:\/\/farm8.staticflickr.com\/7558\/15651524948_8db2ab3a07.jpg\" alt=\"DSC_0303 [Entrenamiento] HAY QUE DAR EL EXTRA: Chelis | Puebla FC previo a la J17 TA2014 Fotograf\u00eda Lyz Vega \/ Mara Gonz\u00e1lez \/ Manuel Vela para Mv Fotograf\u00eda Profesional \/ Edici\u00f3n y retoque www.pueblaexpres.com\" width=\"500\" height=\"336\" \/><\/a><\/p>\n<p>La Franja suma varias estad\u00edsticas a su favor en el torneo, una de ellas es la intensidad en la b\u00fasqueda y recuperaci\u00f3n del esf\u00e9rico cuando est\u00e1 en posesi\u00f3n del rival, pero Chelis sabe que falta aprovechar ese recurso de los poblanos.<\/p>\n<p>\u201cEl Puebla es el segundo equipo de la liga con mayor recuperaci\u00f3n de la pelota, pero no lo capitalizamos, no lo ponemos del otro lado, con tanto robo debemos tener mucha mayor llegada pero con la insistencia de hacer todo bien\u201d indic\u00f3 el t\u00e9cnico.<!--more--><\/p>\n<p><a title=\"DSC_0099 [Entrenamiento] HAY QUE DAR EL EXTRA: Chelis | Puebla FC previo a la J17 TA2014 Fotograf\u00eda Lyz Vega \/ Mara Gonz\u00e1lez \/ Manuel Vela para Mv Fotograf\u00eda Profesional \/ Edici\u00f3n y retoque www.pueblaexpres.com by MANUEL VELA, on Flickr\" href=\"https:\/\/www.flickr.com\/photos\/manitas\/15652111110\"><img loading=\"lazy\" decoding=\"async\" class=\"aligncenter\" src=\"https:\/\/farm8.staticflickr.com\/7563\/15652111110_067a239521.jpg\" alt=\"DSC_0099 [Entrenamiento] HAY QUE DAR EL EXTRA: Chelis | Puebla FC previo a la J17 TA2014 Fotograf\u00eda Lyz Vega \/ Mara Gonz\u00e1lez \/ Manuel Vela para Mv Fotograf\u00eda Profesional \/ Edici\u00f3n y retoque www.pueblaexpres.com\" width=\"500\" height=\"334\" \/><\/a><\/p>\n<p>De cara al futuro, S\u00e1nchez Sol\u00e1 tiene identificado el tipo de jugadores que reforzar\u00edan a la escuadra poblana, gente con compromiso no solo con el estratega, sino principalmente, con la fortaleza y pasi\u00f3n de regresarle la alegr\u00eda a la Franja.<\/p>\n<p>\u201cUn descenso no lo puedes jugar con un plantel de 29, tiene que ser m\u00e1s corto; tiene que venir gente con cierto perfil, pero antes que esto, debe ser gente que haya tenido, que haya tratado, pero principalmente, gente que haya hecho que permaneciera el Puebla en primera divisi\u00f3n\u201d finaliz\u00f3 el entrenador.<\/p>\n<p><a title=\"DSC_0292 [Entrenamiento] HAY QUE DAR EL EXTRA: Chelis | Puebla FC previo a la J17 TA2014 Fotograf\u00eda Lyz Vega \/ Mara Gonz\u00e1lez \/ Manuel Vela para Mv Fotograf\u00eda Profesional \/ Edici\u00f3n y retoque www.pueblaexpres.com by MANUEL VELA, on Flickr\" href=\"https:\/\/www.flickr.com\/photos\/manitas\/15813315286\"><img loading=\"lazy\" decoding=\"async\" class=\"aligncenter\" src=\"https:\/\/farm8.staticflickr.com\/7495\/15813315286_3efe8caf9a.jpg\" alt=\"DSC_0292 [Entrenamiento] HAY QUE DAR EL EXTRA: Chelis | Puebla FC previo a la J17 TA2014 Fotograf\u00eda Lyz Vega \/ Mara Gonz\u00e1lez \/ Manuel Vela para Mv Fotograf\u00eda Profesional \/ Edici\u00f3n y retoque www.pueblaexpres.com\" width=\"333\" height=\"500\" \/><\/a><\/p>\n<p><strong>La opini\u00f3n expresada en esta columna es responsabilidad de quien la escribe y no busca generar conflictos entre los involucrados, si no generar conciencia en cada lector.<\/strong><\/p>\n<p>[miniflickr photoset_id=72157648981663558&amp;sortby=date-posted-asc&amp;per_page=8]<\/p>\n","protected":false},"excerpt":{"rendered":"<p>El director t\u00e9cnico del Puebla FC, Jos\u00e9 Luis S\u00e1nchez Sol\u00e1, afirm\u00f3 que la Franja se juega una gran parte de su futuro este pr\u00f3ximo s\u00e1bado, por ello, se debe dar un extra que permita comenzar con mejor perspectiva el siguiente torneo. \u201cNos jugamos m\u00e1s que ellos, porque lo nuestro es sobrevivencia y lo de ellos [&hellip;]<\/p>\n","protected":false},"author":2,"featured_media":0,"comment_status":"open","ping_status":"open","sticky":false,"template":"","format":"standard","meta":{"footnotes":""},"categories":[8,42,166,79,36,13,3,1,7],"tags":[],"_links":{"self":[{"href":"https:\/\/pueblaexpres.com\/portal\/index.php?rest_route=\/wp\/v2\/posts\/3889"}],"collection":[{"href":"https:\/\/pueblaexpres.com\/portal\/index.php?rest_route=\/wp\/v2\/posts"}],"about":[{"href":"https:\/\/pueblaexpres.com\/portal\/index.php?rest_route=\/wp\/v2\/types\/post"}],"author":[{"embeddable":true,"href":"https:\/\/pueblaexpres.com\/portal\/index.php?rest_route=\/wp\/v2\/users\/2"}],"replies":[{"embeddable":true,"href":"https:\/\/pueblaexpres.com\/portal\/index.php?rest_route=%2Fwp%2Fv2%2Fcomments&post=3889"}],"version-history":[{"count":1,"href":"https:\/\/pueblaexpres.com\/portal\/index.php?rest_route=\/wp\/v2\/posts\/3889\/revisions"}],"predecessor-version":[{"id":3891,"href":"https:\/\/pueblaexpres.com\/portal\/index.php?rest_route=\/wp\/v2\/posts\/3889\/revisions\/3891"}],"wp:attachment":[{"href":"https:\/\/pueblaexpres.com\/portal\/index.php?rest_route=%2Fwp%2Fv2%2Fmedia&parent=3889"}],"wp:term":[{"taxonomy":"category","embeddable":true,"href":"https:\/\/pueblaexpres.com\/portal\/index.php?rest_route=%2Fwp%2Fv2%2Fcategories&post=3889"},{"taxonomy":"post_tag","embeddable":true,"href":"https:\/\/pueblaexpres.com\/portal\/index.php?rest_route=%2Fwp%2Fv2%2Ftags&post=3889"}],"curies":[{"name":"wp","href":"https:\/\/api.w.org\/{rel}","templated":true}]}}