{"id":3886,"date":"2014-11-20T16:57:05","date_gmt":"2014-11-20T22:57:05","guid":{"rendered":"https:\/\/pueblaexpres.com\/portal\/?p=3886"},"modified":"2014-11-20T16:57:05","modified_gmt":"2014-11-20T22:57:05","slug":"nota-de-opinion-de-cara-a-lo-que-sera-el-ultimo-partido-del-apertura-2014-puebla-fc","status":"publish","type":"post","link":"https:\/\/pueblaexpres.com\/portal\/?p=3886","title":{"rendered":"[Nota de Opini\u00f3n] De cara a lo que ser\u00e1 el \u00faltimo partido del apertura 2014 | Puebla FC"},"content":{"rendered":"<div name=\"googleone_share_1\" style=\"position:relative;z-index:5;float: right; margin-left: 10px;\"><g:plusone size=\"tall\" count=\"1\" href=\"https:\/\/pueblaexpres.com\/portal\/?p=3886\"><\/g:plusone><\/div><p><a href=\"https:\/\/pueblaexpres.com\/portal\/wp-content\/uploads\/2014\/11\/DSC_0206.jpg\"><img loading=\"lazy\" decoding=\"async\" class=\"wp-image-3887 aligncenter\" src=\"https:\/\/pueblaexpres.com\/portal\/wp-content\/uploads\/2014\/11\/DSC_0206.jpg\" alt=\"DSC_0206\" width=\"485\" height=\"323\" srcset=\"https:\/\/pueblaexpres.com\/portal\/wp-content\/uploads\/2014\/11\/DSC_0206.jpg 800w, https:\/\/pueblaexpres.com\/portal\/wp-content\/uploads\/2014\/11\/DSC_0206-300x199.jpg 300w\" sizes=\"(max-width: 485px) 100vw, 485px\" \/><\/a><\/p>\n<p><strong>Redacci\u00f3n Jonathan D\u00edaz @joOny__<\/strong><\/p>\n<p>De cara a lo que ser\u00e1 el \u00faltimo partido del apertura 2014, el Puebla cierra su participaci\u00f3n jugando de local ante Santos, y tanto jugadores como su t\u00e9cnico saben la importancia de cerrar de la mejor manera posible.<\/p>\n<p>Puebla sigue siendo el equipo que \u00fanicamente se centra por permanecer a como d\u00e9 lugar en Primera Divisi\u00f3n en los \u00faltimos a\u00f1os y la afici\u00f3n lo sabe pero no puede hacer nada. Cada seis meses la Directiva va por nuevos jugadores que llegan a pr\u00e9stamo a sabiendas que su futuro ser\u00e1 salir pronto del plantel camotero. Por ello las palabras de los protagonistas son reiterativas despu\u00e9s de cada entrenamiento a lo largo de toda la temporada.<\/p>\n<p>En cada partido est\u00e1n preparados y enfocados de cara a lo que ser\u00e1 su siguiente compromiso; se van acoplando a lo que les pide el t\u00e9cnico y si se puede, se mentalizan \u00fanicamente para no perder.<br \/>\nAlcanzar 18 puntos para Puebla este torneo es bueno por lo jugadores que llegaron, el cambio en el banquillo y porque seg\u00fan palabras de los propios jugadores \u201cmerec\u00edan m\u00e1s puntos de los que tienen\u201d.<\/p>\n<p><a title=\"DSC_0170 [Nota de Opini\u00f3n] De cara a lo que ser\u00e1 el \u00faltimo partido del apertura 2014 | Puebla FC Fotograf\u00eda Lyz Vega \/ Mara Gonz\u00e1lez \/ Manuel Vela para Mv Fotograf\u00eda Profesional \/ Edici\u00f3n y retoque www.pueblaexpres.com by MANUEL VELA, on Flickr\" href=\"https:\/\/www.flickr.com\/photos\/manitas\/15813123546\"><img loading=\"lazy\" decoding=\"async\" class=\"aligncenter\" src=\"https:\/\/farm8.staticflickr.com\/7508\/15813123546_cb667abc32.jpg\" alt=\"DSC_0170 [Nota de Opini\u00f3n] De cara a lo que ser\u00e1 el \u00faltimo partido del apertura 2014 | Puebla FC Fotograf\u00eda Lyz Vega \/ Mara Gonz\u00e1lez \/ Manuel Vela para Mv Fotograf\u00eda Profesional \/ Edici\u00f3n y retoque www.pueblaexpres.com\" width=\"331\" height=\"500\" \/><\/a><\/p>\n<p>Lo malo de sus declaraciones es que reconocen la necesidad y urgencia de estas tres unidades, pero cada partido y cada punto que dejaron ir tambi\u00e9n lo era, as\u00ed que parece haberles llegado tarde la raz\u00f3n a la cabeza.<!--more--><\/p>\n<p>Muchos de ellos ya est\u00e1n m\u00e1s preparados para empezar sus vacaciones que para el partido frente a Santos, si bien ganar, perder o empatar no les hace perder la categor\u00eda por ahora, la directiva dice tener a\u00fan 18 partidos m\u00e1s que disputar\u00e1n como si fuera una final, \u00bfHace cu\u00e1nto no disputan una final de liga? Es por eso que ya no se acuerdan de c\u00f3mo ganar.<\/p>\n<p>Que alguien les avise que hay equipos que llegan descendidos a la \u00faltima jornada.<\/p>\n<p><a title=\"DSC_0049 [Nota de Opini\u00f3n] De cara a lo que ser\u00e1 el \u00faltimo partido del apertura 2014 | Puebla FC Fotograf\u00eda Lyz Vega \/ Mara Gonz\u00e1lez \/ Manuel Vela para Mv Fotograf\u00eda Profesional \/ Edici\u00f3n y retoque www.pueblaexpres.com by MANUEL VELA, on Flickr\" href=\"https:\/\/www.flickr.com\/photos\/manitas\/15651334988\"><img loading=\"lazy\" decoding=\"async\" class=\"aligncenter\" src=\"https:\/\/farm6.staticflickr.com\/5608\/15651334988_5a44a4727c.jpg\" alt=\"DSC_0049 [Nota de Opini\u00f3n] De cara a lo que ser\u00e1 el \u00faltimo partido del apertura 2014 | Puebla FC Fotograf\u00eda Lyz Vega \/ Mara Gonz\u00e1lez \/ Manuel Vela para Mv Fotograf\u00eda Profesional \/ Edici\u00f3n y retoque www.pueblaexpres.com\" width=\"332\" height=\"500\" \/><\/a><\/p>\n<p>Curiosamente su \u00faltima final fue en Copa y ante su rival en turno, Santos, donde por arte de magia el orgullo les hizo alargar m\u00e1s una Final que terminaron perdiendo en Penales. La afici\u00f3n les agradeci\u00f3 el esfuerzo pero tambi\u00e9n les reclam\u00f3 el por qu\u00e9 no juegan as\u00ed cada fin de semana. Parece que si no hay alguna copa en juego los futbolistas no se entregan al 100, al fin otro equipo los contratar\u00e1 y ellos seguir\u00e1n cobrando.<\/p>\n<p>Ya para finalizar Cuauht\u00e9moc Blanco lleg\u00f3 a Puebla siendo por muchos criticado; que su edad, que no iba a correr, que sus mejores a\u00f1os hab\u00edan pasado, etc. El 10 demostr\u00f3 que pese a sus 41 a\u00f1os sigue teniendo toque, sigue con el mismo car\u00e1cter, con el mismo deseo de jugar, que tiene compromiso en la cancha y sabe c\u00f3mo ejecutar penales, algo que otros jugadores (saludos John) no saben hacer. Nada m\u00e1s no se espanten que si lo renuevan ya ser\u00e1n 42 a\u00f1os los del \u2018cuau\u2019 para el pr\u00f3ximo torneo.<\/p>\n<p>Que gane el Puebla, total ya se despiden del torneo y su segunda victoria en casa despu\u00e9s de 8 partidos (este ser\u00e1 el noveno) seguir\u00e1 vendiendo espejitos a la gente que le es fiel al equipo de la franja.<\/p>\n<p><a title=\"DSC_0026 [Nota de Opini\u00f3n] De cara a lo que ser\u00e1 el \u00faltimo partido del apertura 2014 | Puebla FC Fotograf\u00eda Lyz Vega \/ Mara Gonz\u00e1lez \/ Manuel Vela para Mv Fotograf\u00eda Profesional \/ Edici\u00f3n y retoque www.pueblaexpres.com by MANUEL VELA, on Flickr\" href=\"https:\/\/www.flickr.com\/photos\/manitas\/15651626767\"><img loading=\"lazy\" decoding=\"async\" class=\"aligncenter\" src=\"https:\/\/farm8.staticflickr.com\/7532\/15651626767_ca2d8d50ca.jpg\" alt=\"DSC_0026 [Nota de Opini\u00f3n] De cara a lo que ser\u00e1 el \u00faltimo partido del apertura 2014 | Puebla FC Fotograf\u00eda Lyz Vega \/ Mara Gonz\u00e1lez \/ Manuel Vela para Mv Fotograf\u00eda Profesional \/ Edici\u00f3n y retoque www.pueblaexpres.com\" width=\"331\" height=\"500\" \/><\/a><\/p>\n<p><strong>La opini\u00f3n expresada en esta columna es responsabilidad de quien la escribe y no busca generar conflictos entre los involucrados, si no generar conciencia en cada lector.<\/strong><\/p>\n<p>[miniflickr photoset_id=72157648972166867&amp;sortby=date-posted-asc&amp;per_page=4]<\/p>\n","protected":false},"excerpt":{"rendered":"<p>Redacci\u00f3n Jonathan D\u00edaz @joOny__ De cara a lo que ser\u00e1 el \u00faltimo partido del apertura 2014, el Puebla cierra su participaci\u00f3n jugando de local ante Santos, y tanto jugadores como su t\u00e9cnico saben la importancia de cerrar de la mejor manera posible. Puebla sigue siendo el equipo que \u00fanicamente se centra por permanecer a como [&hellip;]<\/p>\n","protected":false},"author":2,"featured_media":0,"comment_status":"open","ping_status":"open","sticky":false,"template":"","format":"standard","meta":{"footnotes":""},"categories":[8,166,79,13,3,1,7],"tags":[],"_links":{"self":[{"href":"https:\/\/pueblaexpres.com\/portal\/index.php?rest_route=\/wp\/v2\/posts\/3886"}],"collection":[{"href":"https:\/\/pueblaexpres.com\/portal\/index.php?rest_route=\/wp\/v2\/posts"}],"about":[{"href":"https:\/\/pueblaexpres.com\/portal\/index.php?rest_route=\/wp\/v2\/types\/post"}],"author":[{"embeddable":true,"href":"https:\/\/pueblaexpres.com\/portal\/index.php?rest_route=\/wp\/v2\/users\/2"}],"replies":[{"embeddable":true,"href":"https:\/\/pueblaexpres.com\/portal\/index.php?rest_route=%2Fwp%2Fv2%2Fcomments&post=3886"}],"version-history":[{"count":1,"href":"https:\/\/pueblaexpres.com\/portal\/index.php?rest_route=\/wp\/v2\/posts\/3886\/revisions"}],"predecessor-version":[{"id":3888,"href":"https:\/\/pueblaexpres.com\/portal\/index.php?rest_route=\/wp\/v2\/posts\/3886\/revisions\/3888"}],"wp:attachment":[{"href":"https:\/\/pueblaexpres.com\/portal\/index.php?rest_route=%2Fwp%2Fv2%2Fmedia&parent=3886"}],"wp:term":[{"taxonomy":"category","embeddable":true,"href":"https:\/\/pueblaexpres.com\/portal\/index.php?rest_route=%2Fwp%2Fv2%2Fcategories&post=3886"},{"taxonomy":"post_tag","embeddable":true,"href":"https:\/\/pueblaexpres.com\/portal\/index.php?rest_route=%2Fwp%2Fv2%2Ftags&post=3886"}],"curies":[{"name":"wp","href":"https:\/\/api.w.org\/{rel}","templated":true}]}}