{"id":3852,"date":"2014-11-12T22:44:24","date_gmt":"2014-11-13T04:44:24","guid":{"rendered":"https:\/\/pueblaexpres.com\/portal\/?p=3852"},"modified":"2014-11-12T23:36:56","modified_gmt":"2014-11-13T05:36:56","slug":"lobos-buap-cerro-filas-ascenso-mx-puebla","status":"publish","type":"post","link":"https:\/\/pueblaexpres.com\/portal\/?p=3852","title":{"rendered":"Lobos BUAP cerr\u00f3 filas Ascenso MX Puebla"},"content":{"rendered":"<div name=\"googleone_share_1\" style=\"position:relative;z-index:5;float: right; margin-left: 10px;\"><g:plusone size=\"tall\" count=\"1\" href=\"https:\/\/pueblaexpres.com\/portal\/?p=3852\"><\/g:plusone><\/div><p><a href=\"https:\/\/pueblaexpres.com\/portal\/wp-content\/uploads\/2014\/11\/IMG_7910.jpg\"><img loading=\"lazy\" decoding=\"async\" class=\"wp-image-3853 aligncenter\" src=\"https:\/\/pueblaexpres.com\/portal\/wp-content\/uploads\/2014\/11\/IMG_7910.jpg\" alt=\"IMG_7910\" width=\"491\" height=\"329\" srcset=\"https:\/\/pueblaexpres.com\/portal\/wp-content\/uploads\/2014\/11\/IMG_7910.jpg 800w, https:\/\/pueblaexpres.com\/portal\/wp-content\/uploads\/2014\/11\/IMG_7910-300x201.jpg 300w\" sizes=\"(max-width: 491px) 100vw, 491px\" \/><\/a><\/p>\n<p><strong>LOBOS BUAP CERR\u00d3 FILAS<\/strong><\/p>\n<p><strong>Redacci\u00f3n Jonathan D\u00edaz @joOny__<\/strong><\/p>\n<p>Lobos BUAP realiz\u00f3 su \u00faltimo entrenamiento este d\u00eda cerrando filas luego de ser eliminado de la liguilla en el ascenso MX a manos de Mineros.<\/p>\n<p><a title=\"IMG_7914 Lobos BUAP cerr\u00f3 filas Ascenso MX Puebla Fotograf\u00eda Cortes\u00eda Club Lobos BUAP MX para Mv Fotograf\u00eda Profesional \/ Edici\u00f3n y retoque www.pueblaexpres.com by MANUEL VELA, on Flickr\" href=\"https:\/\/www.flickr.com\/photos\/manitas\/15592280498\"><img loading=\"lazy\" decoding=\"async\" class=\"aligncenter\" src=\"https:\/\/farm9.staticflickr.com\/8659\/15592280498_f5a519d5b6.jpg\" alt=\"IMG_7914 Lobos BUAP cerr\u00f3 filas Ascenso MX Puebla Fotograf\u00eda Cortes\u00eda Club Lobos BUAP MX para Mv Fotograf\u00eda Profesional \/ Edici\u00f3n y retoque www.pueblaexpres.com\" width=\"332\" height=\"500\" \/><\/a><\/p>\n<p>Ricardo Vali\u00f1o t\u00e9cnico del conjunto lic\u00e1ntropo se dijo satisfecho de lo realizado por sus jugadores tanto en el torneo liguero como tambi\u00e9n en la Copa Mx donde llegaron a semifinales cayendo en penales frente al equipo camotero.<\/p>\n<p>El t\u00e9cnico argentino asegura que consigui\u00f3 una base de jugadores en estos 4 meses al frente del equipo y asegura que \u2018plant\u00f3\u2019 una semilla para que poco a poco pueda seguir trabajando con eso y as\u00ed en un futuro cercano llegar a conseguir un t\u00edtulo y por qu\u00e9 no llegar a pelear por el ascenso a la Liga MX.<!--more--><\/p>\n<p><a title=\"IMG_7901 Lobos BUAP cerr\u00f3 filas Ascenso MX Puebla Fotograf\u00eda Cortes\u00eda Club Lobos BUAP MX para Mv Fotograf\u00eda Profesional \/ Edici\u00f3n y retoque www.pueblaexpres.com by MANUEL VELA, on Flickr\" href=\"https:\/\/www.flickr.com\/photos\/manitas\/15592899590\"><img loading=\"lazy\" decoding=\"async\" class=\"aligncenter\" src=\"https:\/\/farm8.staticflickr.com\/7537\/15592899590_60d2de1ae4.jpg\" alt=\"IMG_7901 Lobos BUAP cerr\u00f3 filas Ascenso MX Puebla Fotograf\u00eda Cortes\u00eda Club Lobos BUAP MX para Mv Fotograf\u00eda Profesional \/ Edici\u00f3n y retoque www.pueblaexpres.com\" width=\"333\" height=\"500\" \/><\/a><\/p>\n<p>La pregunta forzosa para el estratega fue si ya conoce con qu\u00e9 jugadores no podr\u00e1 contar para el Clausura 2015 a lo que su respondi\u00f3 que se tomar\u00e1 una semana en analizar detalladamente las l\u00edneas a reforzar y por ahora no tiene la lista definitiva.<\/p>\n<p>Con marca de 6 partidos ganados, 3 empates y 5 descalabros Lobos BUAP termin\u00f3 s\u00e9timo lugar con 21 unidades dejando su porcentaje con rendimiento positivo superando apenas el 50%.<\/p>\n<p><a title=\"IMG_7901 (2) Lobos BUAP cerr\u00f3 filas Ascenso MX Puebla Fotograf\u00eda Cortes\u00eda Club Lobos BUAP MX para Mv Fotograf\u00eda Profesional \/ Edici\u00f3n y retoque www.pueblaexpres.com by MANUEL VELA, on Flickr\" href=\"https:\/\/www.flickr.com\/photos\/manitas\/15779272092\"><img loading=\"lazy\" decoding=\"async\" class=\"aligncenter\" src=\"https:\/\/farm9.staticflickr.com\/8639\/15779272092_f0faeae98b.jpg\" alt=\"IMG_7901 (2) Lobos BUAP cerr\u00f3 filas Ascenso MX Puebla Fotograf\u00eda Cortes\u00eda Club Lobos BUAP MX para Mv Fotograf\u00eda Profesional \/ Edici\u00f3n y retoque www.pueblaexpres.com\" width=\"333\" height=\"500\" \/><\/a><\/p>\n<p>El conjunto universitario reportar\u00e1 el pr\u00f3ximo 28 de noviembre para conocer qui\u00e9nes se quedan en el equipo de la BUAP y as\u00ed empezar la pretemporada ya con miras al Clausura 2015 del Ascenso MX.<\/p>\n<p><strong>La opini\u00f3n expresada en esta columna es responsabilidad de quien la escribe y no busca generar conflictos entre los involucrados, si no generar conciencia en cada lector.<\/strong><\/p>\n<p><em>Fotograf\u00edas Club Lobos BUAP<\/em><\/p>\n<p>[miniflickr photoset_id=72157646936522424&amp;sortby=date-posted-asc&amp;per_page=5]<\/p>\n","protected":false},"excerpt":{"rendered":"<p>LOBOS BUAP CERR\u00d3 FILAS Redacci\u00f3n Jonathan D\u00edaz @joOny__ Lobos BUAP realiz\u00f3 su \u00faltimo entrenamiento este d\u00eda cerrando filas luego de ser eliminado de la liguilla en el ascenso MX a manos de Mineros. Ricardo Vali\u00f1o t\u00e9cnico del conjunto lic\u00e1ntropo se dijo satisfecho de lo realizado por sus jugadores tanto en el torneo liguero como tambi\u00e9n [&hellip;]<\/p>\n","protected":false},"author":2,"featured_media":0,"comment_status":"open","ping_status":"open","sticky":false,"template":"","format":"standard","meta":{"footnotes":""},"categories":[8,79,36,13,3,1,7],"tags":[],"_links":{"self":[{"href":"https:\/\/pueblaexpres.com\/portal\/index.php?rest_route=\/wp\/v2\/posts\/3852"}],"collection":[{"href":"https:\/\/pueblaexpres.com\/portal\/index.php?rest_route=\/wp\/v2\/posts"}],"about":[{"href":"https:\/\/pueblaexpres.com\/portal\/index.php?rest_route=\/wp\/v2\/types\/post"}],"author":[{"embeddable":true,"href":"https:\/\/pueblaexpres.com\/portal\/index.php?rest_route=\/wp\/v2\/users\/2"}],"replies":[{"embeddable":true,"href":"https:\/\/pueblaexpres.com\/portal\/index.php?rest_route=%2Fwp%2Fv2%2Fcomments&post=3852"}],"version-history":[{"count":1,"href":"https:\/\/pueblaexpres.com\/portal\/index.php?rest_route=\/wp\/v2\/posts\/3852\/revisions"}],"predecessor-version":[{"id":3854,"href":"https:\/\/pueblaexpres.com\/portal\/index.php?rest_route=\/wp\/v2\/posts\/3852\/revisions\/3854"}],"wp:attachment":[{"href":"https:\/\/pueblaexpres.com\/portal\/index.php?rest_route=%2Fwp%2Fv2%2Fmedia&parent=3852"}],"wp:term":[{"taxonomy":"category","embeddable":true,"href":"https:\/\/pueblaexpres.com\/portal\/index.php?rest_route=%2Fwp%2Fv2%2Fcategories&post=3852"},{"taxonomy":"post_tag","embeddable":true,"href":"https:\/\/pueblaexpres.com\/portal\/index.php?rest_route=%2Fwp%2Fv2%2Ftags&post=3852"}],"curies":[{"name":"wp","href":"https:\/\/api.w.org\/{rel}","templated":true}]}}