{"id":3611,"date":"2014-08-26T16:24:48","date_gmt":"2014-08-26T22:24:48","guid":{"rendered":"https:\/\/pueblaexpres.com\/portal\/?p=3611"},"modified":"2014-08-26T16:24:48","modified_gmt":"2014-08-26T22:24:48","slug":"presentacion-oficial-jose-luis-sanchez-sola-el-chelis-como-dt-puebla-fc","status":"publish","type":"post","link":"https:\/\/pueblaexpres.com\/portal\/?p=3611","title":{"rendered":"Presentaci\u00f3n oficial Jos\u00e9 Luis S\u00e1nchez Sol\u00e1 \u201cEl Chelis\u201d como DT Puebla FC"},"content":{"rendered":"<div name=\"googleone_share_1\" style=\"position:relative;z-index:5;float: right; margin-left: 10px;\"><g:plusone size=\"tall\" count=\"1\" href=\"https:\/\/pueblaexpres.com\/portal\/?p=3611\"><\/g:plusone><\/div><p><a title=\"DSC_0199 (2) Presentaci\u00f3n oficial Jos\u00e9 Luis S\u00e1nchez Sol\u00e1 \u201cEl Chelis\u201d como DT Puebla FC Liga Bancomer MX Apertura 2014 Fotograf\u00eda Lyz Vega \/ Mara Gonz\u00e1lez \/ Manuel Vela para Mv Fotograf\u00eda Profesional \u2013 Edici\u00f3n y retoque www.pueblaexpres.com by MANUEL VELA, on Flickr\" href=\"https:\/\/www.flickr.com\/photos\/manitas\/15047125912\"><img loading=\"lazy\" decoding=\"async\" class=\"aligncenter\" alt=\"DSC_0199 (2) Presentaci\u00f3n oficial Jos\u00e9 Luis S\u00e1nchez Sol\u00e1 \u201cEl Chelis\u201d como DT Puebla FC Liga Bancomer MX Apertura 2014 Fotograf\u00eda Lyz Vega \/ Mara Gonz\u00e1lez \/ Manuel Vela para Mv Fotograf\u00eda Profesional \u2013 Edici\u00f3n y retoque www.pueblaexpres.com\" src=\"https:\/\/farm6.staticflickr.com\/5589\/15047125912_a832c94d3c.jpg\" width=\"500\" height=\"335\" \/><\/a><\/p>\n<p>Jos\u00e9 Luis S\u00e1nchez Sol\u00e1 regres\u00f3 al banquillo camotero y fue presentado este martes por la directiva del Puebla FC, encabezada por Jes\u00fas L\u00f3pez Chargoy.<\/p>\n<p>Tras cuatro a\u00f1os de ausencia, la directiva del Puebla FC, ha confiado en \u201cEl Chelis\u201d para buscar revertir el paso de la Franja en la Liga Bancomer MX y consolidar el gran paso en el torneo de Copa.<\/p>\n<p>El presidente de la instituci\u00f3n, Jes\u00fas L\u00f3pez Chargoy, afirm\u00f3 que la afici\u00f3n fue escuchada y conf\u00eda en el cari\u00f1o que ha demostrado S\u00e1nchez Sol\u00e1 sea un punto de partida para el nuevo rumbo en esta temporada.<\/p>\n<p>\u201cEs una persona cien por ciento profesional, por ello nos declinamos por Chelis. Considero que con el plantel que contamos lograremos los objetivos, permanecer en primera divisi\u00f3n y lograr la clasificaci\u00f3n puesto que solo con Chelis lo hemos logrado\u201d indico el mandam\u00e1s poblano.<\/p>\n<p><a title=\"MVF_6004 Presentaci\u00f3n oficial Jos\u00e9 Luis S\u00e1nchez Sol\u00e1 \u201cEl Chelis\u201d como DT Puebla FC Liga Bancomer MX Apertura 2014 Fotograf\u00eda Lyz Vega \/ Mara Gonz\u00e1lez \/ Manuel Vela para Mv Fotograf\u00eda Profesional \u2013 Edici\u00f3n y retoque www.pueblaexpres.com by MANUEL VELA, on Flickr\" href=\"https:\/\/www.flickr.com\/photos\/manitas\/14860765869\"><img loading=\"lazy\" decoding=\"async\" class=\"aligncenter\" alt=\"MVF_6004 Presentaci\u00f3n oficial Jos\u00e9 Luis S\u00e1nchez Sol\u00e1 \u201cEl Chelis\u201d como DT Puebla FC Liga Bancomer MX Apertura 2014 Fotograf\u00eda Lyz Vega \/ Mara Gonz\u00e1lez \/ Manuel Vela para Mv Fotograf\u00eda Profesional \u2013 Edici\u00f3n y retoque www.pueblaexpres.com\" src=\"https:\/\/farm4.staticflickr.com\/3835\/14860765869_ed65d07ccc.jpg\" width=\"500\" height=\"333\" \/><\/a><\/p>\n<p>Por su parte, Carlos L\u00f3pez Dom\u00ednguez, presidente deportivo destac\u00f3 que la llegada de Chelis ser\u00e1 un golpe de \u00e1nimo a la Franja y conf\u00eda en que los jugadores aporten todo su talento para crear una sinergia ganadora.<\/p>\n<p>\u201cFelices de que regrese a su casa, tomando muy en cuenta la opini\u00f3n de los aficionados que son parte importante de este logro. Esperamos que esta decisi\u00f3n cambie el rumbo de la Franja\u201d se\u00f1al\u00f3 el directivo.<\/p>\n<p>Mientras que S\u00e1nchez Sol\u00e1 agradeci\u00f3 la confianza de la directiva, el apoyo de la afici\u00f3n y prometi\u00f3 que la Franja no solo se salvar\u00e1, sino que morir\u00e1 en el terreno de juego dejando todo por la playera.<!--more--><\/p>\n<p>\u201cLa camiseta del Puebla no se pasea, se suda y vamos a esforzarnos todos para salir adelante\u201d afirm\u00f3 el t\u00e9cnico.<\/p>\n<p><a title=\"DSC_0176 Presentaci\u00f3n oficial Jos\u00e9 Luis S\u00e1nchez Sol\u00e1 \u201cEl Chelis\u201d como DT Puebla FC Liga Bancomer MX Apertura 2014 Fotograf\u00eda Lyz Vega \/ Mara Gonz\u00e1lez \/ Manuel Vela para Mv Fotograf\u00eda Profesional \u2013 Edici\u00f3n y retoque www.pueblaexpres.com by MANUEL VELA, on Flickr\" href=\"https:\/\/www.flickr.com\/photos\/manitas\/14860825020\"><img loading=\"lazy\" decoding=\"async\" class=\"aligncenter\" alt=\"DSC_0176 Presentaci\u00f3n oficial Jos\u00e9 Luis S\u00e1nchez Sol\u00e1 \u201cEl Chelis\u201d como DT Puebla FC Liga Bancomer MX Apertura 2014 Fotograf\u00eda Lyz Vega \/ Mara Gonz\u00e1lez \/ Manuel Vela para Mv Fotograf\u00eda Profesional \u2013 Edici\u00f3n y retoque www.pueblaexpres.com\" src=\"https:\/\/farm4.staticflickr.com\/3838\/14860825020_0bc63f80d7.jpg\" width=\"500\" height=\"334\" \/><\/a><\/p>\n<p>El nuevo entrenador de la Franja afirm\u00f3 que tiene una cuenta pendiente con la afici\u00f3n tras cuatro a\u00f1os despu\u00e9s de su salida del equipo, por ello, el compromiso es total con los enfranjados.<\/p>\n<p>\u201cEste es un equipazo, me encanta, alcanza para mucho y lo vamos a dar todo. Tengo una terrible deuda con la gente y las deudas son para pagarlas, se los debo&#8221; destac\u00f3 Chelis.<\/p>\n<p>El cuerpo t\u00e9cnico que acompa\u00f1ar\u00e1 a S\u00e1nchez Sol\u00e1 es: Isidro S\u00e1nchez Macip, Oswaldo Scansetti como preparadores f\u00edsicos, Francisco Ram\u00edrez y Walter Fleitas como auxiliares t\u00e9cnicos, adem\u00e1s de la continuidad de Ignacio S\u00e1nchez Barrera como entrenador de arqueros.<\/p>\n<p>S\u00e1nchez Sol\u00e1 estar\u00e1 presente en el juego de la llave dos de la Copa MX en el palco de la directiva, mientras ser\u00e1 Carlos Poblete Jofre quien dirija este encuentro de manera interina.<\/p>\n<p><a title=\"DSC_0092 Presentaci\u00f3n oficial Jos\u00e9 Luis S\u00e1nchez Sol\u00e1 \u201cEl Chelis\u201d como DT Puebla FC Liga Bancomer MX Apertura 2014 Fotograf\u00eda Lyz Vega \/ Mara Gonz\u00e1lez \/ Manuel Vela para Mv Fotograf\u00eda Profesional \u2013 Edici\u00f3n y retoque www.pueblaexpres.com by MANUEL VELA, on Flickr\" href=\"https:\/\/www.flickr.com\/photos\/manitas\/14860766109\"><img loading=\"lazy\" decoding=\"async\" class=\"aligncenter\" alt=\"DSC_0092 Presentaci\u00f3n oficial Jos\u00e9 Luis S\u00e1nchez Sol\u00e1 \u201cEl Chelis\u201d como DT Puebla FC Liga Bancomer MX Apertura 2014 Fotograf\u00eda Lyz Vega \/ Mara Gonz\u00e1lez \/ Manuel Vela para Mv Fotograf\u00eda Profesional \u2013 Edici\u00f3n y retoque www.pueblaexpres.com\" src=\"https:\/\/farm6.staticflickr.com\/5558\/14860766109_d5231a93a9.jpg\" width=\"500\" height=\"334\" \/><\/a><\/p>\n<p>La Franja ahora estar\u00e1 enfocada al duelo ante Morelia este pr\u00f3ximo s\u00e1bado a las 5 de la tarde en el Estadio Cuauht\u00e9moc, en la b\u00fasqueda del primer triunfo en casa<\/p>\n<p>[miniflickr photoset_id=72157646843516176&amp;sortby=date-posted-asc&amp;per_page=8]<\/p>\n","protected":false},"excerpt":{"rendered":"<p>Jos\u00e9 Luis S\u00e1nchez Sol\u00e1 regres\u00f3 al banquillo camotero y fue presentado este martes por la directiva del Puebla FC, encabezada por Jes\u00fas L\u00f3pez Chargoy. Tras cuatro a\u00f1os de ausencia, la directiva del Puebla FC, ha confiado en \u201cEl Chelis\u201d para buscar revertir el paso de la Franja en la Liga Bancomer MX y consolidar el [&hellip;]<\/p>\n","protected":false},"author":2,"featured_media":0,"comment_status":"open","ping_status":"open","sticky":false,"template":"","format":"standard","meta":{"footnotes":""},"categories":[8,166,79,36,13,3,1,7],"tags":[],"_links":{"self":[{"href":"https:\/\/pueblaexpres.com\/portal\/index.php?rest_route=\/wp\/v2\/posts\/3611"}],"collection":[{"href":"https:\/\/pueblaexpres.com\/portal\/index.php?rest_route=\/wp\/v2\/posts"}],"about":[{"href":"https:\/\/pueblaexpres.com\/portal\/index.php?rest_route=\/wp\/v2\/types\/post"}],"author":[{"embeddable":true,"href":"https:\/\/pueblaexpres.com\/portal\/index.php?rest_route=\/wp\/v2\/users\/2"}],"replies":[{"embeddable":true,"href":"https:\/\/pueblaexpres.com\/portal\/index.php?rest_route=%2Fwp%2Fv2%2Fcomments&post=3611"}],"version-history":[{"count":1,"href":"https:\/\/pueblaexpres.com\/portal\/index.php?rest_route=\/wp\/v2\/posts\/3611\/revisions"}],"predecessor-version":[{"id":3612,"href":"https:\/\/pueblaexpres.com\/portal\/index.php?rest_route=\/wp\/v2\/posts\/3611\/revisions\/3612"}],"wp:attachment":[{"href":"https:\/\/pueblaexpres.com\/portal\/index.php?rest_route=%2Fwp%2Fv2%2Fmedia&parent=3611"}],"wp:term":[{"taxonomy":"category","embeddable":true,"href":"https:\/\/pueblaexpres.com\/portal\/index.php?rest_route=%2Fwp%2Fv2%2Fcategories&post=3611"},{"taxonomy":"post_tag","embeddable":true,"href":"https:\/\/pueblaexpres.com\/portal\/index.php?rest_route=%2Fwp%2Fv2%2Ftags&post=3611"}],"curies":[{"name":"wp","href":"https:\/\/api.w.org\/{rel}","templated":true}]}}