{"id":3579,"date":"2014-08-14T21:48:21","date_gmt":"2014-08-15T03:48:21","guid":{"rendered":"https:\/\/pueblaexpres.com\/portal\/?p=3579"},"modified":"2014-08-14T21:48:21","modified_gmt":"2014-08-15T03:48:21","slug":"presentan-el-torneo-anual-de-futbol-del-15-de-agosto-en-amozoc","status":"publish","type":"post","link":"https:\/\/pueblaexpres.com\/portal\/?p=3579","title":{"rendered":"Presentan el Torneo Anual de F\u00fatbol del 15 de agosto en Amozoc"},"content":{"rendered":"<div name=\"googleone_share_1\" style=\"position:relative;z-index:5;float: right; margin-left: 10px;\"><g:plusone size=\"tall\" count=\"1\" href=\"https:\/\/pueblaexpres.com\/portal\/?p=3579\"><\/g:plusone><\/div><p><a title=\"IMG_8985 Presentan el Torneo Anual de Futbol del 15 de agosto en Amozoc Fotograf\u00eda Mario Hern\u00e1ndez para Mv Fotograf\u00eda Profesional \u2013 Edici\u00f3n y retoque www.pueblaexpres.com por Manuel Vela - MV Fotograf\u00eda Profesional, en Flickr\" href=\"https:\/\/www.flickr.com\/photos\/manitas\/14919548051\/\"><img loading=\"lazy\" decoding=\"async\" class=\"aligncenter\" alt=\"IMG_8985 Presentan el Torneo Anual de Futbol del 15 de agosto en Amozoc Fotograf\u00eda Mario Hern\u00e1ndez para Mv Fotograf\u00eda Profesional \u2013 Edici\u00f3n y retoque www.pueblaexpres.com\" src=\"https:\/\/farm4.staticflickr.com\/3875\/14919548051_e932ffcaab.jpg\" width=\"500\" height=\"333\" \/><\/a><\/p>\n<p>Redacci\u00f3n Mario Hern\u00e1ndez @mario1608<\/p>\n<p><strong>M\u00e1s de 1200 futbolistas competir\u00e1n en torneo.<\/strong><\/p>\n<p>Este mi\u00e9rcoles el Presidente Municipal de Amozoc, Jos\u00e9 Cruz S\u00e1nchez present\u00f3 el torneo anual de F\u00fatbol del 15 de agosto que se realizar\u00e1 en la Unidad Deportiva de Amozoc.<\/p>\n<p><a title=\"IMG_8953 Presentan el Torneo Anual de Futbol del 15 de agosto en Amozoc Fotograf\u00eda Mario Hern\u00e1ndez para Mv Fotograf\u00eda Profesional \u2013 Edici\u00f3n y retoque www.pueblaexpres.com por Manuel Vela - MV Fotograf\u00eda Profesional, en Flickr\" href=\"https:\/\/www.flickr.com\/photos\/manitas\/14736047487\/\"><img loading=\"lazy\" decoding=\"async\" class=\"aligncenter\" alt=\"IMG_8953 Presentan el Torneo Anual de Futbol del 15 de agosto en Amozoc Fotograf\u00eda Mario Hern\u00e1ndez para Mv Fotograf\u00eda Profesional \u2013 Edici\u00f3n y retoque www.pueblaexpres.com\" src=\"https:\/\/farm4.staticflickr.com\/3842\/14736047487_757d868e7f.jpg\" width=\"500\" height=\"334\" \/><\/a><\/p>\n<p>Alejandro Mart\u00ednez quien es director del deporte de dicho municipio fue el encargado de presentar oficialmente dicho evento, mencion\u00f3 que cerca de 1200 futbolistas ser\u00e1n los que participen a lo largo de tres d\u00edas y disputen la corona del torneo, as\u00ed mismo comento que estar\u00e1 dividido en tres categor\u00edas para poder abarcar m\u00e1s poblaci\u00f3n.<\/p>\n<p>Durante su intervenci\u00f3n Cruz S\u00e1nchez sentenci\u00f3 que su gobierno est\u00e1 trabajando para poder tener infraestructura deportiva que sea propiedad del municipio, ya que anteriormente no se contaba con ning\u00fan campo de f\u00fatbol como cualquier otro municipio conurbado de Puebla.<\/p>\n<p><a title=\"IMG_8944 Presentan el Torneo Anual de Futbol del 15 de agosto en Amozoc Fotograf\u00eda Mario Hern\u00e1ndez para Mv Fotograf\u00eda Profesional \u2013 Edici\u00f3n y retoque www.pueblaexpres.com por Manuel Vela - MV Fotograf\u00eda Profesional, en Flickr\" href=\"https:\/\/www.flickr.com\/photos\/manitas\/14735956160\/\"><img loading=\"lazy\" decoding=\"async\" class=\"aligncenter\" alt=\"IMG_8944 Presentan el Torneo Anual de Futbol del 15 de agosto en Amozoc Fotograf\u00eda Mario Hern\u00e1ndez para Mv Fotograf\u00eda Profesional \u2013 Edici\u00f3n y retoque www.pueblaexpres.com\" src=\"https:\/\/farm4.staticflickr.com\/3914\/14735956160_200275f83f.jpg\" width=\"334\" height=\"500\" \/><\/a><\/p>\n<p>Con estas acciones el gobierno municipal trabaja en pro de la juventud y evitar que se acerquen a las adicciones y a delincuencia.<!--more--><\/p>\n<p>La opini\u00f3n expresada en esta columna es responsabilidad de quien la escribe y no busca generar conflictos entre los involucrados, si no generar conciencia en cada lector.<\/p>\n<p>[miniflickr photoset_id=72157646470619742&amp;sortby=date-posted-asc&amp;per_page=4]<\/p>\n","protected":false},"excerpt":{"rendered":"<p>Redacci\u00f3n Mario Hern\u00e1ndez @mario1608 M\u00e1s de 1200 futbolistas competir\u00e1n en torneo. Este mi\u00e9rcoles el Presidente Municipal de Amozoc, Jos\u00e9 Cruz S\u00e1nchez present\u00f3 el torneo anual de F\u00fatbol del 15 de agosto que se realizar\u00e1 en la Unidad Deportiva de Amozoc. Alejandro Mart\u00ednez quien es director del deporte de dicho municipio fue el encargado de presentar [&hellip;]<\/p>\n","protected":false},"author":2,"featured_media":0,"comment_status":"open","ping_status":"open","sticky":false,"template":"","format":"standard","meta":{"footnotes":""},"categories":[8,36,13,1,7],"tags":[],"_links":{"self":[{"href":"https:\/\/pueblaexpres.com\/portal\/index.php?rest_route=\/wp\/v2\/posts\/3579"}],"collection":[{"href":"https:\/\/pueblaexpres.com\/portal\/index.php?rest_route=\/wp\/v2\/posts"}],"about":[{"href":"https:\/\/pueblaexpres.com\/portal\/index.php?rest_route=\/wp\/v2\/types\/post"}],"author":[{"embeddable":true,"href":"https:\/\/pueblaexpres.com\/portal\/index.php?rest_route=\/wp\/v2\/users\/2"}],"replies":[{"embeddable":true,"href":"https:\/\/pueblaexpres.com\/portal\/index.php?rest_route=%2Fwp%2Fv2%2Fcomments&post=3579"}],"version-history":[{"count":1,"href":"https:\/\/pueblaexpres.com\/portal\/index.php?rest_route=\/wp\/v2\/posts\/3579\/revisions"}],"predecessor-version":[{"id":3580,"href":"https:\/\/pueblaexpres.com\/portal\/index.php?rest_route=\/wp\/v2\/posts\/3579\/revisions\/3580"}],"wp:attachment":[{"href":"https:\/\/pueblaexpres.com\/portal\/index.php?rest_route=%2Fwp%2Fv2%2Fmedia&parent=3579"}],"wp:term":[{"taxonomy":"category","embeddable":true,"href":"https:\/\/pueblaexpres.com\/portal\/index.php?rest_route=%2Fwp%2Fv2%2Fcategories&post=3579"},{"taxonomy":"post_tag","embeddable":true,"href":"https:\/\/pueblaexpres.com\/portal\/index.php?rest_route=%2Fwp%2Fv2%2Ftags&post=3579"}],"curies":[{"name":"wp","href":"https:\/\/api.w.org\/{rel}","templated":true}]}}