{"id":3563,"date":"2014-08-07T07:32:17","date_gmt":"2014-08-07T13:32:17","guid":{"rendered":"https:\/\/pueblaexpres.com\/portal\/?p=3563"},"modified":"2014-08-07T07:39:01","modified_gmt":"2014-08-07T13:39:01","slug":"en-busca-de-orejas-y-rabo-previo-grupo-5-copa-mx-vuelta-puebla-fc-vs-club-celaya-fc","status":"publish","type":"post","link":"https:\/\/pueblaexpres.com\/portal\/?p=3563","title":{"rendered":"[Nota de Opini\u00f3n] \u201cPuebla F.C. Se Visti\u00f3 de Torero\u201d Grupo 5 Copa MX Vuelta Puebla FC vs Club Celaya FC"},"content":{"rendered":"<div name=\"googleone_share_1\" style=\"position:relative;z-index:5;float: right; margin-left: 10px;\"><g:plusone size=\"tall\" count=\"1\" href=\"https:\/\/pueblaexpres.com\/portal\/?p=3563\"><\/g:plusone><\/div><p><a title=\"MVF_0378 \u201cPuebla F.C. Se Visti\u00f3 de Torero\u201d Grupo 5 Copa MX vuelta Puebla FC vs Club Celaya FC Liga Bancomer MX Fotograf\u00eda Lyz Vega \/ Mara Gonz\u00e1lez \/ Manuel Vela para Mv Fotograf\u00eda Profesional \u2013 Edici\u00f3n y retoque www.pueblaexpres.com por Manuel Vela - MV Fotograf\u00eda Profesional, en Flickr\" href=\"https:\/\/www.flickr.com\/photos\/manitas\/14848487141\/\"><img loading=\"lazy\" decoding=\"async\" class=\"aligncenter\" alt=\"MVF_0378 \u201cPuebla F.C. Se Visti\u00f3 de Torero\u201d Grupo 5 Copa MX vuelta Puebla FC vs Club Celaya FC Liga Bancomer MX Fotograf\u00eda Lyz Vega \/ Mara Gonz\u00e1lez \/ Manuel Vela para Mv Fotograf\u00eda Profesional \u2013 Edici\u00f3n y retoque www.pueblaexpres.com\" src=\"https:\/\/farm6.staticflickr.com\/5583\/14848487141_2bbf71b32b.jpg\" width=\"500\" height=\"334\" \/><\/a><\/p>\n<p><strong>(Nota de Opini\u00f3n) Redacci\u00f3n F\u00e9nix Azul @fenixazul44<\/strong><br \/>\n<strong> Puebla F.C. Se Visti\u00f3 de Torero<\/strong><\/p>\n<p>Este mi\u00e9rcoles 6 de Agosto, La Franja recibi\u00f3 en juego reciproco a Los Toros Del Celaya concerniente a la segunda jornada del Torneo de Copa MX Apertura 2014.<\/p>\n<p>La novedad en la alineaci\u00f3n enfranjada fue el debut de La Ara\u00f1a Iv\u00e1n Rodr\u00edguez, portero de La Sub 20 Poblana y Sub Campe\u00f3n en el torneo anterior.<\/p>\n<p><a title=\"DSC_0992 \u201cPuebla F.C. Se Visti\u00f3 de Torero\u201d Grupo 5 Copa MX vuelta Puebla FC vs Club Celaya FC Liga Bancomer MX Fotograf\u00eda Lyz Vega \/ Mara Gonz\u00e1lez \/ Manuel Vela para Mv Fotograf\u00eda Profesional \u2013 Edici\u00f3n y retoque www.pueblaexpres.com por Manuel Vela - MV Fotograf\u00eda Profesional, en Flickr\" href=\"https:\/\/www.flickr.com\/photos\/manitas\/14665017917\/\"><img loading=\"lazy\" decoding=\"async\" class=\"aligncenter\" alt=\"DSC_0992 \u201cPuebla F.C. Se Visti\u00f3 de Torero\u201d Grupo 5 Copa MX vuelta Puebla FC vs Club Celaya FC Liga Bancomer MX Fotograf\u00eda Lyz Vega \/ Mara Gonz\u00e1lez \/ Manuel Vela para Mv Fotograf\u00eda Profesional \u2013 Edici\u00f3n y retoque www.pueblaexpres.com\" src=\"https:\/\/farm4.staticflickr.com\/3841\/14665017917_db1eee21cf.jpg\" width=\"500\" height=\"334\" \/><\/a><\/p>\n<p>El once inicial en lo personal me sorprendi\u00f3 porqu\u00e9 comenz\u00f3 con jugadores como Eduardo P\u00e9rez, Alfredo Jura\u00eddini, Marlon de Jes\u00fas y Alfredo Pajoy; Quienes sabi\u00e9ndolos conjuntar podr\u00edan ser explosivos.<\/p>\n<p>Y as\u00ed se empez\u00f3 a ver en por lo menos los primeros 15 minutos, pero por desgracia, en una corrida que hizo Marlon en diagonal por la izquierda, le provoco un desgarre muscular, del cual no se pudo recuperar e inmediatamente pidi\u00f3 su cambio entrando por \u00e9l, Alfonso Tamay.<\/p>\n<p>Al minuto 20, empez\u00f3 una lluvia ligera que despu\u00e9s se torn\u00f3 en torrencial, por lo que ya no permiti\u00f3 que los jugadores se desplazaran con mayor facilidad y perdieran f\u00e1cilmente balones aparentemente controlados. A pesar de que Ed\u00fa y Tamay se conocen como juegan, hilvanaron pocas llegadas al frente en el primer tiempo.<!--more--><\/p>\n<p><a title=\"DSC_0061 \u201cPuebla F.C. Se Visti\u00f3 de Torero\u201d Grupo 5 Copa MX vuelta Puebla FC vs Club Celaya FC Liga Bancomer MX Fotograf\u00eda Lyz Vega \/ Mara Gonz\u00e1lez \/ Manuel Vela para Mv Fotograf\u00eda Profesional \u2013 Edici\u00f3n y retoque www.pueblaexpres.com por Manuel Vela - MV Fotograf\u00eda Profesional, en Flickr\" href=\"https:\/\/www.flickr.com\/photos\/manitas\/14664930449\/\"><img loading=\"lazy\" decoding=\"async\" class=\"aligncenter\" alt=\"DSC_0061 \u201cPuebla F.C. Se Visti\u00f3 de Torero\u201d Grupo 5 Copa MX vuelta Puebla FC vs Club Celaya FC Liga Bancomer MX Fotograf\u00eda Lyz Vega \/ Mara Gonz\u00e1lez \/ Manuel Vela para Mv Fotograf\u00eda Profesional \u2013 Edici\u00f3n y retoque www.pueblaexpres.com\" src=\"https:\/\/farm4.staticflickr.com\/3868\/14664930449_65efd0b20a.jpg\" width=\"500\" height=\"334\" \/><\/a><\/p>\n<p>Y as\u00ed se fueron con aros de cebolla al medio tiempo las escuadras del Puebla y Celaya. Para la parte complementaria, La Franja inicio m\u00e1s ofensivo, pero nuevamente el infortunio acompa\u00f1o a Los Poblanos cuando al 52 Tamay se lesiono y se tuvo que realizar el segundo cambio, el hombre que lo sustituyo fue Luis Loro\u00f1a.<\/p>\n<p>Poco tiempo despu\u00e9s, sali\u00f3 Pajoy y en su lugar entr\u00f3 Alberto Acosta. Celaya a pesar que sali\u00f3 con un 4-4-2, jug\u00f3 al empate colocando sus l\u00edneas de modo que Puebla no pudiera llegar al \u00faltimo tercio, trabando totalmente la media.<\/p>\n<p>Pero Eduardo P\u00e9rez luch\u00f3 todo el partido peleando balones a la defensa, bajando a la media, se conjunto bien con Loro\u00f1a. Y fue tanta la presi\u00f3n de Ed\u00fa, que en un pase que le iba a llegar exacto al centro del \u00e1rea para rematar al arco, trato de cortar el defensa Alexis Loera que la punte\u00f3 y sin querer clareo a su cancerbero, cometiendo un autogol, colocando los cartones al 78 a favor del Puebla de 1-0.<\/p>\n<p><a title=\"DSC_0070 \u201cPuebla F.C. Se Visti\u00f3 de Torero\u201d Grupo 5 Copa MX vuelta Puebla FC vs Club Celaya FC Liga Bancomer MX Fotograf\u00eda Lyz Vega \/ Mara Gonz\u00e1lez \/ Manuel Vela para Mv Fotograf\u00eda Profesional \u2013 Edici\u00f3n y retoque www.pueblaexpres.com por Manuel Vela - MV Fotograf\u00eda Profesional, en Flickr\" href=\"https:\/\/www.flickr.com\/photos\/manitas\/14664930389\/\"><img loading=\"lazy\" decoding=\"async\" class=\"aligncenter\" alt=\"DSC_0070 \u201cPuebla F.C. Se Visti\u00f3 de Torero\u201d Grupo 5 Copa MX vuelta Puebla FC vs Club Celaya FC Liga Bancomer MX Fotograf\u00eda Lyz Vega \/ Mara Gonz\u00e1lez \/ Manuel Vela para Mv Fotograf\u00eda Profesional \u2013 Edici\u00f3n y retoque www.pueblaexpres.com\" src=\"https:\/\/farm4.staticflickr.com\/3854\/14664930389_01266146d3.jpg\" width=\"500\" height=\"334\" \/><\/a><\/p>\n<p>Ya con el marcador en contra, Celaya intento atacar, lo que hizo que en cierta medida se jugar\u00e1 m\u00e1s abierto y se descompusieran los bloques de Los Toros. Y no tardo en que esto se viese reflejado en el marcador.<\/p>\n<p>Un rayo desde fuera del \u00e1rea grande por izquierda de Luis Loro\u00f1a, sorprendi\u00f3 al portero que aunque se estiro, la de gajos pego en el travesa\u00f1o y entro para mover las redes, colocando el marcador de Puebla 2- Celaya 0 al 81.<\/p>\n<p>En el 85, Ed\u00fa se perfilaba por izquierda para entrar al \u00e1rea, cuando fue derribado por un codazo al rostro, al grado que sangro y mancho su playera de rojo, por lo cual tuvo que salir el jugador para cambiarse la playera, pues por reglamento, no se permite jugar con el jersey impregnado de sangre.<\/p>\n<p><a title=\"DSC_0909 \u201cPuebla F.C. Se Visti\u00f3 de Torero\u201d Grupo 5 Copa MX vuelta Puebla FC vs Club Celaya FC Liga Bancomer MX Fotograf\u00eda Lyz Vega \/ Mara Gonz\u00e1lez \/ Manuel Vela para Mv Fotograf\u00eda Profesional \u2013 Edici\u00f3n y retoque www.pueblaexpres.com por Manuel Vela - MV Fotograf\u00eda Profesional, en Flickr\" href=\"https:\/\/www.flickr.com\/photos\/manitas\/14851546615\/\"><img loading=\"lazy\" decoding=\"async\" class=\"aligncenter\" alt=\"DSC_0909 \u201cPuebla F.C. Se Visti\u00f3 de Torero\u201d Grupo 5 Copa MX vuelta Puebla FC vs Club Celaya FC Liga Bancomer MX Fotograf\u00eda Lyz Vega \/ Mara Gonz\u00e1lez \/ Manuel Vela para Mv Fotograf\u00eda Profesional \u2013 Edici\u00f3n y retoque www.pueblaexpres.com\" src=\"https:\/\/farm6.staticflickr.com\/5582\/14851546615_2e7107c0ba.jpg\" width=\"500\" height=\"334\" \/><\/a><\/p>\n<p>El nazareno no quiso meterse en problemas y solo pinto de amarillo al defensa del Celaya.<\/p>\n<p>El cotejo termin\u00f3 con Victoria para Puebla, y al mismo tiempo gan\u00f3 la llave del punto extra por marcador global, logrando en total 7 puntos en su grupo 5. Hay que decirlo, para nada fue un partido espectacular, las lesiones, el mal clima y un equipo visitante encerrado al empate, hicieron de cierto modo un encuentro gris. Sin embargo, se rescatan muchas cosas positivas. Las pocas veces que fue exigido La Ara\u00f1a Iv\u00e1n Rodr\u00edguez cerr\u00f3 bien la cortina.<\/p>\n<p>Se vio bien la lateral derecha con piques de Alfredo Jura\u00eddini. A Efra\u00edn Cort\u00e9s de verdad se le extra\u00f1a en la defensa en la liga, gran trabajo y hasta en ocasiones se incorporaba al ataque. Loro\u00f1a va entrando en ritmo y parece que cada vez se acopla m\u00e1s para lo que fue tra\u00eddo, meter goles. Ed\u00fa se vio muy bien conjunt\u00e1ndose primero con Marlon y despu\u00e9s con Loro\u00f1a, adem\u00e1s de la gran entrega que hizo durante todo el encuentro.<\/p>\n<p><a title=\"MVF_0552 \u201cPuebla F.C. Se Visti\u00f3 de Torero\u201d Grupo 5 Copa MX vuelta Puebla FC vs Club Celaya FC Liga Bancomer MX Fotograf\u00eda Lyz Vega \/ Mara Gonz\u00e1lez \/ Manuel Vela para Mv Fotograf\u00eda Profesional \u2013 Edici\u00f3n y retoque www.pueblaexpres.com por Manuel Vela - MV Fotograf\u00eda Profesional, en Flickr\" href=\"https:\/\/www.flickr.com\/photos\/manitas\/14828563526\/\"><img loading=\"lazy\" decoding=\"async\" class=\"aligncenter\" alt=\"MVF_0552 \u201cPuebla F.C. Se Visti\u00f3 de Torero\u201d Grupo 5 Copa MX vuelta Puebla FC vs Club Celaya FC Liga Bancomer MX Fotograf\u00eda Lyz Vega \/ Mara Gonz\u00e1lez \/ Manuel Vela para Mv Fotograf\u00eda Profesional \u2013 Edici\u00f3n y retoque www.pueblaexpres.com\" src=\"https:\/\/farm4.staticflickr.com\/3869\/14828563526_c17578b48e.jpg\" width=\"500\" height=\"333\" \/><\/a><\/p>\n<p>Y por \u00faltimo, un golpe an\u00edmico tanto para La Franja como para La Noble Afici\u00f3n Poblana, esto con el partido en puerta ante Cruz Azul en Liga, donde seguramente estar\u00e1 muchas cosas en juego\u2026.<\/p>\n<p>Alineaciones:<br \/>\nPUEBLA: Iv\u00e1n Rodr\u00edguez, Efra\u00edn Cort\u00e9s, Juan de la Barrera, Mario de Luna, Chore Mej\u00eda, Marlon de Jes\u00fas, Fernando Acu\u00f1a, Esqueda, Alfredo Pajoy, Jura\u00eddini, Eduardo P\u00e9rez.<br \/>\nCELAYA: Olivares, Rodr\u00edguez, Loera, Hern\u00e1ndez, Murgu\u00eda, Dur\u00e1n, Torres, Garc\u00eda, G\u00f3mez, Villag\u00f3mez, Duarte.<\/p>\n<p><em><strong>La opini\u00f3n expresada en esta columna es responsabilidad de quien la escribe y no busca generar conflictos entre los involucrados, si no generar conciencia en cada lector.\u00a0<\/strong><\/em><\/p>\n<p>[miniflickr photoset_id=72157645835410817&amp;sortby=date-posted-asc&amp;per_page=13]<\/p>\n","protected":false},"excerpt":{"rendered":"<p>(Nota de Opini\u00f3n) Redacci\u00f3n F\u00e9nix Azul @fenixazul44 Puebla F.C. Se Visti\u00f3 de Torero Este mi\u00e9rcoles 6 de Agosto, La Franja recibi\u00f3 en juego reciproco a Los Toros Del Celaya concerniente a la segunda jornada del Torneo de Copa MX Apertura 2014. La novedad en la alineaci\u00f3n enfranjada fue el debut de La Ara\u00f1a Iv\u00e1n Rodr\u00edguez, [&hellip;]<\/p>\n","protected":false},"author":2,"featured_media":0,"comment_status":"open","ping_status":"open","sticky":false,"template":"","format":"standard","meta":{"footnotes":""},"categories":[8,79,36,13,3,1,7],"tags":[],"_links":{"self":[{"href":"https:\/\/pueblaexpres.com\/portal\/index.php?rest_route=\/wp\/v2\/posts\/3563"}],"collection":[{"href":"https:\/\/pueblaexpres.com\/portal\/index.php?rest_route=\/wp\/v2\/posts"}],"about":[{"href":"https:\/\/pueblaexpres.com\/portal\/index.php?rest_route=\/wp\/v2\/types\/post"}],"author":[{"embeddable":true,"href":"https:\/\/pueblaexpres.com\/portal\/index.php?rest_route=\/wp\/v2\/users\/2"}],"replies":[{"embeddable":true,"href":"https:\/\/pueblaexpres.com\/portal\/index.php?rest_route=%2Fwp%2Fv2%2Fcomments&post=3563"}],"version-history":[{"count":3,"href":"https:\/\/pueblaexpres.com\/portal\/index.php?rest_route=\/wp\/v2\/posts\/3563\/revisions"}],"predecessor-version":[{"id":3566,"href":"https:\/\/pueblaexpres.com\/portal\/index.php?rest_route=\/wp\/v2\/posts\/3563\/revisions\/3566"}],"wp:attachment":[{"href":"https:\/\/pueblaexpres.com\/portal\/index.php?rest_route=%2Fwp%2Fv2%2Fmedia&parent=3563"}],"wp:term":[{"taxonomy":"category","embeddable":true,"href":"https:\/\/pueblaexpres.com\/portal\/index.php?rest_route=%2Fwp%2Fv2%2Fcategories&post=3563"},{"taxonomy":"post_tag","embeddable":true,"href":"https:\/\/pueblaexpres.com\/portal\/index.php?rest_route=%2Fwp%2Fv2%2Ftags&post=3563"}],"curies":[{"name":"wp","href":"https:\/\/api.w.org\/{rel}","templated":true}]}}