{"id":3548,"date":"2014-07-29T17:07:51","date_gmt":"2014-07-29T23:07:51","guid":{"rendered":"https:\/\/pueblaexpres.com\/portal\/?p=3548"},"modified":"2014-07-29T17:07:51","modified_gmt":"2014-07-29T23:07:51","slug":"nota-de-opinion-abriendo-plaza-contra-toros-del-celaya-previo-copa-llave1-mx-puebla-fc-vs-club-celaya-fc","status":"publish","type":"post","link":"https:\/\/pueblaexpres.com\/portal\/?p=3548","title":{"rendered":"[Nota de Opini\u00f3n] \u201cAbriendo Plaza Contra Toros Del Celaya\u201d previo Copa Llave1 MX Puebla FC vs Club Celaya FC"},"content":{"rendered":"<div name=\"googleone_share_1\" style=\"position:relative;z-index:5;float: right; margin-left: 10px;\"><g:plusone size=\"tall\" count=\"1\" href=\"https:\/\/pueblaexpres.com\/portal\/?p=3548\"><\/g:plusone><\/div><p><a title=\"DSC_0115 \u201cAbriendo Plaza Contra Toros Del Celaya\u201d previo Copa MX Llave1 Puebla FC vs Club Celaya FC Liga Bancomer MX Fotograf\u00eda Lyz Vega \/ Mara Gonz\u00e1lez \/ Manuel Vela para Mv Fotograf\u00eda Profesional \u2013 Edici\u00f3n y retoque www.pueblaexpres.com por Manuel Vela - MV Fotograf\u00eda Profesional, en Flickr\" href=\"https:\/\/www.flickr.com\/photos\/manitas\/14780448432\/\"><img loading=\"lazy\" decoding=\"async\" class=\"aligncenter\" alt=\"DSC_0115 \u201cAbriendo Plaza Contra Toros Del Celaya\u201d previo Copa MX Llave1 Puebla FC vs Club Celaya FC Liga Bancomer MX Fotograf\u00eda Lyz Vega \/ Mara Gonz\u00e1lez \/ Manuel Vela para Mv Fotograf\u00eda Profesional \u2013 Edici\u00f3n y retoque www.pueblaexpres.com\" src=\"https:\/\/farm6.staticflickr.com\/5584\/14780448432_dfafeb2346.jpg\" width=\"500\" height=\"334\" \/><\/a><\/p>\n<p><strong>(Nota de Opini\u00f3n) Redacci\u00f3n F\u00e9nix Azul @fenixazul44<\/strong><br \/>\n<strong> Abriendo Plaza Contra Toros Del Celaya<\/strong><\/p>\n<p>Este mi\u00e9rcoles 30 de Julio, El Puebla De La Franja visita a Los Toros de Celaya en el Miguel Alem\u00e1n a las 9 de la noche, donde inicia La Copa MX del Apertura 2014.<\/p>\n<p>Los del Celaya llegan despu\u00e9s de 2 jornadas en su liga de ascenso como \u00faltimo de su torneo, adem\u00e1s de ser pen\u00faltimo lugar en el descenso, tiene una diferencia de goles de menos 3. Sin menos preciar al rival, La Franja debe salir ofensivo, p\u00faes recordemos que tener el marcador global en los 2 partidos rec\u00edprocos hacen la llave de adjudicarse un punto extra en la pelea de grupos para avanzar a la siguiente ronda de eliminaci\u00f3n directa de la misma copa.<\/p>\n<p><a title=\"DSC_0064 \u201cAbriendo Plaza Contra Toros Del Celaya\u201d previo Copa MX Llave1 Puebla FC vs Club Celaya FC Liga Bancomer MX Fotograf\u00eda Lyz Vega \/ Mara Gonz\u00e1lez \/ Manuel Vela para Mv Fotograf\u00eda Profesional \u2013 Edici\u00f3n y retoque www.pueblaexpres.com por Manuel Vela - MV Fotograf\u00eda Profesional, en Flickr\" href=\"https:\/\/www.flickr.com\/photos\/manitas\/14778434994\/\"><img loading=\"lazy\" decoding=\"async\" class=\"aligncenter\" alt=\"DSC_0064 \u201cAbriendo Plaza Contra Toros Del Celaya\u201d previo Copa MX Llave1 Puebla FC vs Club Celaya FC Liga Bancomer MX Fotograf\u00eda Lyz Vega \/ Mara Gonz\u00e1lez \/ Manuel Vela para Mv Fotograf\u00eda Profesional \u2013 Edici\u00f3n y retoque www.pueblaexpres.com\" src=\"https:\/\/farm4.staticflickr.com\/3914\/14778434994_4777f42983.jpg\" width=\"500\" height=\"334\" \/><\/a><\/p>\n<p>Seguramente La Franja mandar\u00e1 a jugadores del Calibre como El Portero Frausto, Juan De La Barrera, Pablo Gonz\u00e1lez, El Chore Mej\u00eda, Eduardo Arce, Alfredo Juraidini, Sa\u00fal \u201cEl Nene\u201d Villalobos, Alfonso Tamay, Luis Esqueda, Marlon de Jes\u00fas, y Eduardo P\u00e9rez.<\/p>\n<p>Es importante para todos los jugadores anteriores trascender para por lo menos estar considerados por Romano en banca ante El Am\u00e9rica, caso concreto el del delantero Eduardo P\u00e9rez jugador Sub-20 que en su categor\u00eda ha demostrado tama\u00f1os al ser el goleador de La Franja 20 en el torneo anterior en que ese mismo equipo logr\u00f3 un Sub Campeonato.<!--more--><\/p>\n<p><a title=\"DSC_0433 \u201cAbriendo Plaza Contra Toros Del Celaya\u201d previo Copa MX Llave1 Puebla FC vs Club Celaya FC Liga Bancomer MX Fotograf\u00eda Lyz Vega \/ Mara Gonz\u00e1lez \/ Manuel Vela para Mv Fotograf\u00eda Profesional \u2013 Edici\u00f3n y retoque www.pueblaexpres.com por Manuel Vela - MV Fotograf\u00eda Profesional, en Flickr\" href=\"https:\/\/www.flickr.com\/photos\/manitas\/14594083620\/\"><img loading=\"lazy\" decoding=\"async\" class=\"aligncenter\" alt=\"DSC_0433 \u201cAbriendo Plaza Contra Toros Del Celaya\u201d previo Copa MX Llave1 Puebla FC vs Club Celaya FC Liga Bancomer MX Fotograf\u00eda Lyz Vega \/ Mara Gonz\u00e1lez \/ Manuel Vela para Mv Fotograf\u00eda Profesional \u2013 Edici\u00f3n y retoque www.pueblaexpres.com\" src=\"https:\/\/farm4.staticflickr.com\/3911\/14594083620_f5fb0bd711.jpg\" width=\"399\" height=\"500\" \/><\/a><\/p>\n<p>Cierto es que La Franja est\u00e1 m\u00e1s concentrado en este momento para el partido del s\u00e1bado ante Los Azul Cremas, por la situaci\u00f3n del descenso que tiene a La Franja metida de lleno, pero los juegos de copa no creo que los tire por la borda, por el contrario, ahora se tienen jugadores de mayor calidad que buscan amoldarse al funcionamiento que desea El DT Romano y una cantera Sub-20 que viene muy fuerte para ser considerados en el primer equipo.<\/p>\n<p>En este torneo de copa, todo puede pasar en La Franja, menos como me comentaba mi compa\u00f1ero Ray Valencia en el programa de Morteros Del Cuauht\u00e9moc el volver a perder por ocho cero, como sucedi\u00f3 en la sultana ante Tigres. Repetir un rid\u00edculo as\u00ed con la calidad de jugadores que est\u00e1n en este momento en Puebla, ser\u00eda una falta de respeto total tanto a La Instituci\u00f3n como a Los Aficionados Enfranjados.<\/p>\n<p><a title=\"MVF_5521 \u201cAbriendo Plaza Contra Toros Del Celaya\u201d previo Copa MX Llave1 Puebla FC vs Club Celaya FC Liga Bancomer MX Fotograf\u00eda Lyz Vega \/ Mara Gonz\u00e1lez \/ Manuel Vela para Mv Fotograf\u00eda Profesional \u2013 Edici\u00f3n y retoque www.pueblaexpres.com por Manuel Vela - MV Fotograf\u00eda Profesional, en Flickr\" href=\"https:\/\/www.flickr.com\/photos\/manitas\/14777645541\/\"><img loading=\"lazy\" decoding=\"async\" class=\"aligncenter\" alt=\"MVF_5521 \u201cAbriendo Plaza Contra Toros Del Celaya\u201d previo Copa MX Llave1 Puebla FC vs Club Celaya FC Liga Bancomer MX Fotograf\u00eda Lyz Vega \/ Mara Gonz\u00e1lez \/ Manuel Vela para Mv Fotograf\u00eda Profesional \u2013 Edici\u00f3n y retoque www.pueblaexpres.com\" src=\"https:\/\/farm4.staticflickr.com\/3923\/14777645541_418f87317f.jpg\" width=\"500\" height=\"334\" \/><\/a><\/p>\n<p>El mejor de los inicios para el equipo poblano en esta copa, que muchos aficionados camoteros estamos sedientos de triunfos, que el equipo muestre estilo y personalidad.<\/p>\n<p><strong>La opini\u00f3n expresada en esta columna es responsabilidad de quien la escribe y no busca generar conflictos entre los involucrados, si no generar conciencia en cada lector.<\/p>\n<p><\/strong><\/p>\n<p>[miniflickr photoset_id=72157645619542190&amp;sortby=date-posted-asc&amp;per_page=7]<\/p>\n<p>&nbsp;<\/p>\n","protected":false},"excerpt":{"rendered":"<p>(Nota de Opini\u00f3n) Redacci\u00f3n F\u00e9nix Azul @fenixazul44 Abriendo Plaza Contra Toros Del Celaya Este mi\u00e9rcoles 30 de Julio, El Puebla De La Franja visita a Los Toros de Celaya en el Miguel Alem\u00e1n a las 9 de la noche, donde inicia La Copa MX del Apertura 2014. Los del Celaya llegan despu\u00e9s de 2 jornadas [&hellip;]<\/p>\n","protected":false},"author":2,"featured_media":0,"comment_status":"open","ping_status":"open","sticky":false,"template":"","format":"standard","meta":{"footnotes":""},"categories":[8,166,79,3,1,7],"tags":[],"_links":{"self":[{"href":"https:\/\/pueblaexpres.com\/portal\/index.php?rest_route=\/wp\/v2\/posts\/3548"}],"collection":[{"href":"https:\/\/pueblaexpres.com\/portal\/index.php?rest_route=\/wp\/v2\/posts"}],"about":[{"href":"https:\/\/pueblaexpres.com\/portal\/index.php?rest_route=\/wp\/v2\/types\/post"}],"author":[{"embeddable":true,"href":"https:\/\/pueblaexpres.com\/portal\/index.php?rest_route=\/wp\/v2\/users\/2"}],"replies":[{"embeddable":true,"href":"https:\/\/pueblaexpres.com\/portal\/index.php?rest_route=%2Fwp%2Fv2%2Fcomments&post=3548"}],"version-history":[{"count":1,"href":"https:\/\/pueblaexpres.com\/portal\/index.php?rest_route=\/wp\/v2\/posts\/3548\/revisions"}],"predecessor-version":[{"id":3549,"href":"https:\/\/pueblaexpres.com\/portal\/index.php?rest_route=\/wp\/v2\/posts\/3548\/revisions\/3549"}],"wp:attachment":[{"href":"https:\/\/pueblaexpres.com\/portal\/index.php?rest_route=%2Fwp%2Fv2%2Fmedia&parent=3548"}],"wp:term":[{"taxonomy":"category","embeddable":true,"href":"https:\/\/pueblaexpres.com\/portal\/index.php?rest_route=%2Fwp%2Fv2%2Fcategories&post=3548"},{"taxonomy":"post_tag","embeddable":true,"href":"https:\/\/pueblaexpres.com\/portal\/index.php?rest_route=%2Fwp%2Fv2%2Ftags&post=3548"}],"curies":[{"name":"wp","href":"https:\/\/api.w.org\/{rel}","templated":true}]}}