{"id":3546,"date":"2014-07-28T20:10:26","date_gmt":"2014-07-29T02:10:26","guid":{"rendered":"https:\/\/pueblaexpres.com\/portal\/?p=3546"},"modified":"2014-07-28T20:10:26","modified_gmt":"2014-07-29T02:10:26","slug":"entrenamiento-puebla-fc-liga-bancomer-mx-apertura-2014","status":"publish","type":"post","link":"https:\/\/pueblaexpres.com\/portal\/?p=3546","title":{"rendered":"Entrenamiento Puebla FC Liga Bancomer MX Apertura 2014"},"content":{"rendered":"<div name=\"googleone_share_1\" style=\"position:relative;z-index:5;float: right; margin-left: 10px;\"><g:plusone size=\"tall\" count=\"1\" href=\"https:\/\/pueblaexpres.com\/portal\/?p=3546\"><\/g:plusone><\/div><p><a title=\"MVF_4985 Entrenamiento Puebla FC Apertura 2014 Liga Bancomer MX Fotograf\u00eda Lyz Vega \/ Mara Gonz\u00e1lez \/ Manuel Vela para Mv Fotograf\u00eda Profesional \u2013 Edici\u00f3n y retoque www.pueblaexpres.com por Manuel Vela - MV Fotograf\u00eda Profesional, en Flickr\" href=\"https:\/\/www.flickr.com\/photos\/manitas\/14586309947\/\"><img loading=\"lazy\" decoding=\"async\" class=\"aligncenter\" alt=\"MVF_4985 Entrenamiento Puebla FC Apertura 2014 Liga Bancomer MX Fotograf\u00eda Lyz Vega \/ Mara Gonz\u00e1lez \/ Manuel Vela para Mv Fotograf\u00eda Profesional \u2013 Edici\u00f3n y retoque www.pueblaexpres.com\" src=\"https:\/\/farm4.staticflickr.com\/3899\/14586309947_d3a5800cc3.jpg\" width=\"500\" height=\"334\" \/><\/a><\/p>\n<p>Semana muy activa para el equipo de la Franja, puesto que enfrentar\u00e1 dos juegos, primero con el inicio de la Copa MX al visitar a Celaya y despu\u00e9s el partido ante Am\u00e9rica del pr\u00f3ximo s\u00e1bado.<\/p>\n<p>Por ello el equipo se dividi\u00f3 en dos bloques para afrontar estos compromisos. El grupo de jugadores que vieron actividad el fin de semana se ejercit\u00f3 en las instalaciones de Exersite y despu\u00e9s realizaron trabajo de trote continuo en las instalaciones del Club Deportivo La Noria.<\/p>\n<p>El segundo bloque estuvo integrado por jugadores que tendr\u00e1n actividad en el torneo copero bajo el mando del Director T\u00e9cnico, Rub\u00e9n Omar Romano.<\/p>\n<p><a title=\"DSC_0309 Entrenamiento Puebla FC Apertura 2014 Liga Bancomer MX Fotograf\u00eda Lyz Vega \/ Mara Gonz\u00e1lez \/ Manuel Vela para Mv Fotograf\u00eda Profesional \u2013 Edici\u00f3n y retoque www.pueblaexpres.com por Manuel Vela - MV Fotograf\u00eda Profesional, en Flickr\" href=\"https:\/\/www.flickr.com\/photos\/manitas\/14586310247\/\"><img loading=\"lazy\" decoding=\"async\" class=\"aligncenter\" alt=\"DSC_0309 Entrenamiento Puebla FC Apertura 2014 Liga Bancomer MX Fotograf\u00eda Lyz Vega \/ Mara Gonz\u00e1lez \/ Manuel Vela para Mv Fotograf\u00eda Profesional \u2013 Edici\u00f3n y retoque www.pueblaexpres.com\" src=\"https:\/\/farm6.staticflickr.com\/5570\/14586310247_33493fed3d.jpg\" width=\"500\" height=\"334\" \/><\/a><\/p>\n<p>El jugador sub20 convocado para este encuentro, Eduardo P\u00e9rez Reyes, afirm\u00f3 que deber\u00e1n aprovechar cada minuto que sean tomados en cuenta para poder trascender y buscar un lugar en el primer equipo, por ello la importancia de dejar todo en la cancha.<!--more--><\/p>\n<p>\u201cSiempre me he considerado listo, siempre he trabajado para cuando llegue la oportunidad y la Copa tambi\u00e9n es oportunidad que uno debe aprovechar y es un proceso en el que nos han llevado a m\u00ed y a mis compa\u00f1eros de la sub20 entonces es un partido para mostrarse\u201d afirm\u00f3 P\u00e9rez Reyes.<\/p>\n<p>El jugador oriundo de Sinaloa afirm\u00f3 que el buen paso de la escuadra camotera en la Liga incentiva al grupo de Copa para continuar con la buena racha para demostrar que hay competencia en el equipo poblano.<\/p>\n<p><a title=\"MVF_4963 Entrenamiento Puebla FC Apertura 2014 Liga Bancomer MX Fotograf\u00eda Lyz Vega \/ Mara Gonz\u00e1lez \/ Manuel Vela para Mv Fotograf\u00eda Profesional \u2013 Edici\u00f3n y retoque www.pueblaexpres.com por Manuel Vela - MV Fotograf\u00eda Profesional, en Flickr\" href=\"https:\/\/www.flickr.com\/photos\/manitas\/14770431114\/\"><img loading=\"lazy\" decoding=\"async\" class=\"aligncenter\" alt=\"MVF_4963 Entrenamiento Puebla FC Apertura 2014 Liga Bancomer MX Fotograf\u00eda Lyz Vega \/ Mara Gonz\u00e1lez \/ Manuel Vela para Mv Fotograf\u00eda Profesional \u2013 Edici\u00f3n y retoque www.pueblaexpres.com\" src=\"https:\/\/farm4.staticflickr.com\/3916\/14770431114_7b4211f3fb.jpg\" width=\"500\" height=\"334\" \/><\/a><\/p>\n<p>\u201cLos \u00faltimos torneos de Copa nos ha pesado desde un principio. Hemos dejado ir puntos pero esta vez tanto en Liga como en Copa mis compa\u00f1eros y yo queremos trascender y creo que con las ganas que tenemos buscamos un lugar en la plantilla de la Liga, eso genera competencia y eso significar\u00e1 que demos un buen partido en Copa\u201d finaliz\u00f3 el delantero.<\/p>\n<p>La Franja continuar\u00e1 con sus entrenamientos este martes en el Club Deportivo la Noria a puerta abierta. Al finalizar habr\u00e1 atenci\u00f3n a medios con los jugadores Oscar Rojas y Cuauht\u00e9moc Blanco.<\/p>\n<p><strong>BOLETOS<\/strong><br \/>\n<strong> PUEBLA FC VS AM\u00c9RICA<\/strong><br \/>\nSe informan los precios de los boletos para el duelo de la Jornada 3 de la Liga Bancomer MX:<br \/>\n<em><strong>Rampa $160<\/strong><\/em><br \/>\n<em><strong> Soles $ 240<\/strong><\/em><br \/>\n<em><strong> Sol Preferente $380<\/strong><\/em><br \/>\n<em><strong> Plateas $580<\/strong><\/em><br \/>\nEstadio Cuauht\u00e9moc | S\u00e1bado 2 Agosto | 5PM | Boletos a la venta en Taquilla D del Estadio Cuauht\u00e9moc en horario de 10am a 5pm y en superboletos.com.<\/p>\n<p><a title=\"DSC_0320 Entrenamiento Puebla FC Apertura 2014 Liga Bancomer MX Fotograf\u00eda Lyz Vega \/ Mara Gonz\u00e1lez \/ Manuel Vela para Mv Fotograf\u00eda Profesional \u2013 Edici\u00f3n y retoque www.pueblaexpres.com por Manuel Vela - MV Fotograf\u00eda Profesional, en Flickr\" href=\"https:\/\/www.flickr.com\/photos\/manitas\/14586082480\/\"><img loading=\"lazy\" decoding=\"async\" class=\"aligncenter\" alt=\"DSC_0320 Entrenamiento Puebla FC Apertura 2014 Liga Bancomer MX Fotograf\u00eda Lyz Vega \/ Mara Gonz\u00e1lez \/ Manuel Vela para Mv Fotograf\u00eda Profesional \u2013 Edici\u00f3n y retoque www.pueblaexpres.com\" src=\"https:\/\/farm4.staticflickr.com\/3894\/14586082480_aabefabf20.jpg\" width=\"500\" height=\"334\" \/><\/a><\/p>\n<p><strong>CANJE DE PALCOS Y PLATEAS<\/strong><br \/>\nEl Puebla FC informa que el proceso para el canje de palcos y plateas para los torneos Apertura 2014 y Clausura 2015 se realizar\u00e1 a partir de este 10 julio con horario de 10 de la ma\u00f1ana a las 4 de la tarde en oficinas del Estadio Cuauht\u00e9moc.<br \/>\nLos<strong> requisitos<\/strong> para el canje son:<br \/>\n<em>T\u00edtulo de propiedad (Original y copia)<\/em><br \/>\n<em> Identificaci\u00f3n oficial (Original y copia)<\/em><br \/>\n<em> En caso de un tercero agregar a los anteriores: carta poder simple, IFE original y copia del tr\u00e1mite.<\/em><br \/>\n<em> Para personas morales: agregar a lo anterior el acta constitutiva.<\/em><br \/>\n<em> Entregar tarjetas anteriores.<\/em><br \/>\n<em> El canje tendr\u00e1 un costo de $400 pesos por tarjeta de acceso.<\/em><\/p>\n<p>[miniflickr photoset_id=72157645594923448&amp;sortby=date-posted-asc&amp;per_page=7]<\/p>\n","protected":false},"excerpt":{"rendered":"<p>Semana muy activa para el equipo de la Franja, puesto que enfrentar\u00e1 dos juegos, primero con el inicio de la Copa MX al visitar a Celaya y despu\u00e9s el partido ante Am\u00e9rica del pr\u00f3ximo s\u00e1bado. Por ello el equipo se dividi\u00f3 en dos bloques para afrontar estos compromisos. El grupo de jugadores que vieron actividad [&hellip;]<\/p>\n","protected":false},"author":2,"featured_media":0,"comment_status":"open","ping_status":"open","sticky":false,"template":"","format":"standard","meta":{"footnotes":""},"categories":[8,166,79,13,3,1,7],"tags":[],"_links":{"self":[{"href":"https:\/\/pueblaexpres.com\/portal\/index.php?rest_route=\/wp\/v2\/posts\/3546"}],"collection":[{"href":"https:\/\/pueblaexpres.com\/portal\/index.php?rest_route=\/wp\/v2\/posts"}],"about":[{"href":"https:\/\/pueblaexpres.com\/portal\/index.php?rest_route=\/wp\/v2\/types\/post"}],"author":[{"embeddable":true,"href":"https:\/\/pueblaexpres.com\/portal\/index.php?rest_route=\/wp\/v2\/users\/2"}],"replies":[{"embeddable":true,"href":"https:\/\/pueblaexpres.com\/portal\/index.php?rest_route=%2Fwp%2Fv2%2Fcomments&post=3546"}],"version-history":[{"count":1,"href":"https:\/\/pueblaexpres.com\/portal\/index.php?rest_route=\/wp\/v2\/posts\/3546\/revisions"}],"predecessor-version":[{"id":3547,"href":"https:\/\/pueblaexpres.com\/portal\/index.php?rest_route=\/wp\/v2\/posts\/3546\/revisions\/3547"}],"wp:attachment":[{"href":"https:\/\/pueblaexpres.com\/portal\/index.php?rest_route=%2Fwp%2Fv2%2Fmedia&parent=3546"}],"wp:term":[{"taxonomy":"category","embeddable":true,"href":"https:\/\/pueblaexpres.com\/portal\/index.php?rest_route=%2Fwp%2Fv2%2Fcategories&post=3546"},{"taxonomy":"post_tag","embeddable":true,"href":"https:\/\/pueblaexpres.com\/portal\/index.php?rest_route=%2Fwp%2Fv2%2Ftags&post=3546"}],"curies":[{"name":"wp","href":"https:\/\/api.w.org\/{rel}","templated":true}]}}