{"id":331,"date":"2011-04-02T14:58:19","date_gmt":"2011-04-02T20:58:19","guid":{"rendered":"https:\/\/pueblaexpres.com\/portal\/?p=331"},"modified":"2011-04-02T14:58:19","modified_gmt":"2011-04-02T20:58:19","slug":"entrenamiento-del-puebla-fc-previo-vs-america","status":"publish","type":"post","link":"https:\/\/pueblaexpres.com\/portal\/?p=331","title":{"rendered":"Entrenamiento del Puebla FC previo vs Am\u00e9rica"},"content":{"rendered":"<div name=\"googleone_share_1\" style=\"position:relative;z-index:5;float: right; margin-left: 10px;\"><g:plusone size=\"tall\" count=\"1\" href=\"https:\/\/pueblaexpres.com\/portal\/?p=331\"><\/g:plusone><\/div><p><a title=\"SONY DSC Entrenamiento del Puebla FC previo vs Am\u00e9rica por LAE Manuel Vela by Manuel Vela - MV Fotograf\u00eda Profesional, on Flickr\" href=\"http:\/\/www.flickr.com\/photos\/manitas\/5580859030\/\"><img loading=\"lazy\" decoding=\"async\" class=\"alignleft\" style=\"margin-left: 5px; margin-right: 5px;\" src=\"http:\/\/farm6.static.flickr.com\/5262\/5580859030_922c77a9c3_m.jpg\" alt=\"SONY DSC Entrenamiento del Puebla FC previo vs Am\u00e9rica por LAE Manuel Vela\" width=\"240\" height=\"161\" \/><\/a> Puebla., Puebla a 01 de Abril 2011<br \/>\nA pesar de que las \u00c1guilas del Am\u00e9rica no contar\u00e1n con Guillermo Ochoa, Aquivaldo Mosquera, Adolfo Rosinei y Nicol\u00e1s Olivera, para el partido del pr\u00f3ximo domingo ante el Puebla de La Franja; el t\u00e9cnico camotero, H\u00e9ctor Hugo Eugui se\u00f1al\u00f3 que los azulcremas merecen todo el respeto.<br \/>\nY es que dichas bajas no significan que el conjunto blanquiazul llegue con ventaja al duelo correspondiente a la jornada 12 del torneo Clausura 2011, ya que los elementos de banca saben que es su gran oportunidad y tendr\u00e1n que aprovecharla al m\u00e1ximo.<br \/>\n\u201cUno nunca sabe, a veces tenemos los jugadores que son conocidos, que tienen un accionar bien, mal o regular y sin embargo los que aparecen ma\u00f1ana son totalmente diferentes y tienen mejor actitud que alguno de los que estaban jugando o est\u00e1n m\u00e1s descansados\u201d expres\u00f3 el timonel camotero. \u201cPor eso no hay que confiarse, Am\u00e9rica merece todo nuestro respeto, tenemos que enfrentarlo con enorme responsabilidad y que salgamos con la satisfacci\u00f3n de haber cumplido a lo largo de los 90 minutos\u201d, a\u00f1adi\u00f3.<!--more-->Camoteros y americanistas han tenido una irregular campa\u00f1a, y a pesar de esta situaci\u00f3n, los dos plantes mantienen vivas sus ilusiones de conseguir un boleto a la Liguilla, por ende la victoria es una obligaci\u00f3n.<br \/>\n\u201cTodos sabemos que no hay entrenador y jugador que no quiera ganar, eso lo tenemos bien claro, pero ser\u00e1 en el desarrollo del partido donde se ver\u00e1 que aconteci\u00f3. Lo que garantizo es que los jugadores no bajar\u00e1n los brazos y tampoco dejar\u00e1n de luchar\u201d expres\u00f3.<br \/>\nEl estratega uruguayo sentenci\u00f3 que las cinco derrotas que acumula el cuadro camotero en patio ajeno no son de su total responsabilidad, ya que para \u00e9l s\u00f3lo llevan dos juegos perdidos fuera del estadio Cuauht\u00e9moc.<br \/>\n\u201cNo tenemos que cargarnos de presi\u00f3n, no puede ser que permanentemente le est\u00e9n diciendo al equipo que el hecho de no ganar de visita sea un problema. Nosotros s\u00f3lo hemos perdido dos partidos de visita y el ejemplo est\u00e1 Pumas que el a\u00f1o pasado gan\u00f3 el m\u00e1s importante y calific\u00f3\u201d remat\u00f3.<\/p>\n<p>[miniflickr photoset_id=72157626283650175&amp;sortby=date-posted-asc&amp;per_page=10]<\/p>\n<p><strong><a href=\"http:\/\/www.flickr.com\/photos\/manitas\/sets\/72157626283650175\/\" target=\"_blank\">ver mas fotos del Entrenamiento del Puebla FC previo vs Am\u00e9rica<\/a><\/strong><\/p>\n<p>&#8211;<\/p>\n","protected":false},"excerpt":{"rendered":"<p>Puebla., Puebla a 01 de Abril 2011 A pesar de que las \u00c1guilas del Am\u00e9rica no contar\u00e1n con Guillermo Ochoa, Aquivaldo Mosquera, Adolfo Rosinei y Nicol\u00e1s Olivera, para el partido del pr\u00f3ximo domingo ante el Puebla de La Franja; el t\u00e9cnico camotero, H\u00e9ctor Hugo Eugui se\u00f1al\u00f3 que los azulcremas merecen todo el respeto. Y es [&hellip;]<\/p>\n","protected":false},"author":1,"featured_media":0,"comment_status":"open","ping_status":"open","sticky":false,"template":"","format":"standard","meta":{"footnotes":""},"categories":[3],"tags":[],"_links":{"self":[{"href":"https:\/\/pueblaexpres.com\/portal\/index.php?rest_route=\/wp\/v2\/posts\/331"}],"collection":[{"href":"https:\/\/pueblaexpres.com\/portal\/index.php?rest_route=\/wp\/v2\/posts"}],"about":[{"href":"https:\/\/pueblaexpres.com\/portal\/index.php?rest_route=\/wp\/v2\/types\/post"}],"author":[{"embeddable":true,"href":"https:\/\/pueblaexpres.com\/portal\/index.php?rest_route=\/wp\/v2\/users\/1"}],"replies":[{"embeddable":true,"href":"https:\/\/pueblaexpres.com\/portal\/index.php?rest_route=%2Fwp%2Fv2%2Fcomments&post=331"}],"version-history":[{"count":3,"href":"https:\/\/pueblaexpres.com\/portal\/index.php?rest_route=\/wp\/v2\/posts\/331\/revisions"}],"predecessor-version":[{"id":334,"href":"https:\/\/pueblaexpres.com\/portal\/index.php?rest_route=\/wp\/v2\/posts\/331\/revisions\/334"}],"wp:attachment":[{"href":"https:\/\/pueblaexpres.com\/portal\/index.php?rest_route=%2Fwp%2Fv2%2Fmedia&parent=331"}],"wp:term":[{"taxonomy":"category","embeddable":true,"href":"https:\/\/pueblaexpres.com\/portal\/index.php?rest_route=%2Fwp%2Fv2%2Fcategories&post=331"},{"taxonomy":"post_tag","embeddable":true,"href":"https:\/\/pueblaexpres.com\/portal\/index.php?rest_route=%2Fwp%2Fv2%2Ftags&post=331"}],"curies":[{"name":"wp","href":"https:\/\/api.w.org\/{rel}","templated":true}]}}